{"id":70133,"date":"2019-01-02T08:52:10","date_gmt":"2019-01-02T07:52:10","guid":{"rendered":"https:\/\/manueldelia.com\/?p=70133"},"modified":"2019-01-02T16:05:47","modified_gmt":"2019-01-02T15:05:47","slug":"ghada-ghada-u-ghada","status":"publish","type":"post","link":"https:\/\/manueldelia.com\/mt\/2019\/01\/ghada-ghada-u-ghada\/","title":{"rendered":"G\u0127ada, g\u0127ada u g\u0127ada"},"content":{"rendered":"\n<figure class=\"wp-block-image\"><img width=\"620\" height=\"460\" src=\"https:\/\/manueldelia.com\/wp-content\/uploads\/2019\/01\/WhatsApp-Image-2018-12-31-at-22.19.24.jpeg\" alt=\"\" class=\"wp-image-70111\" srcset=\"https:\/\/manueldelia.com\/wp-content\/uploads\/2019\/01\/WhatsApp-Image-2018-12-31-at-22.19.24-200x148.jpeg 200w, https:\/\/manueldelia.com\/wp-content\/uploads\/2019\/01\/WhatsApp-Image-2018-12-31-at-22.19.24-300x223.jpeg 300w, https:\/\/manueldelia.com\/wp-content\/uploads\/2019\/01\/WhatsApp-Image-2018-12-31-at-22.19.24-400x297.jpeg 400w, https:\/\/manueldelia.com\/wp-content\/uploads\/2019\/01\/WhatsApp-Image-2018-12-31-at-22.19.24-600x445.jpeg 600w, https:\/\/manueldelia.com\/wp-content\/uploads\/2019\/01\/WhatsApp-Image-2018-12-31-at-22.19.24.jpeg 620w\" sizes=\"(max-width: 620px) 100vw, 620px\" \/><\/figure>\n\n\n\n<p>Tg\u0127id kumbinazzjoni?<\/p>\n\n\n\n<p>Hekk kif tal-PN qed jipprovaw ixejjnu s-suspetti li l-Partit qed jimita lil tal-Labour minflok jo\u0127ro\u0121 b&#8217;ideat ori\u0121inali, dritt jo\u0127ro\u0121 Adrian Delia b&#8217;diskors tal-a\u0127\u0127ar tas-sena jirrepeti s-slogan tal-Partit Laburista.<\/p>\n\n\n\n<figure class=\"wp-block-image\"><img width=\"875\" height=\"568\" src=\"https:\/\/manueldelia.com\/wp-content\/uploads\/2019\/01\/WhatsApp-Image-2018-12-31-at-22.16.43.jpeg\" alt=\"\" class=\"wp-image-70109\" srcset=\"https:\/\/manueldelia.com\/wp-content\/uploads\/2019\/01\/WhatsApp-Image-2018-12-31-at-22.16.43-200x130.jpeg 200w, https:\/\/manueldelia.com\/wp-content\/uploads\/2019\/01\/WhatsApp-Image-2018-12-31-at-22.16.43-300x195.jpeg 300w, https:\/\/manueldelia.com\/wp-content\/uploads\/2019\/01\/WhatsApp-Image-2018-12-31-at-22.16.43-400x260.jpeg 400w, https:\/\/manueldelia.com\/wp-content\/uploads\/2019\/01\/WhatsApp-Image-2018-12-31-at-22.16.43-600x389.jpeg 600w, https:\/\/manueldelia.com\/wp-content\/uploads\/2019\/01\/WhatsApp-Image-2018-12-31-at-22.16.43-768x499.jpeg 768w, https:\/\/manueldelia.com\/wp-content\/uploads\/2019\/01\/WhatsApp-Image-2018-12-31-at-22.16.43-800x519.jpeg 800w, https:\/\/manueldelia.com\/wp-content\/uploads\/2019\/01\/WhatsApp-Image-2018-12-31-at-22.16.43.jpeg 875w\" sizes=\"(max-width: 875px) 100vw, 875px\" \/><\/figure>\n\n\n\n<p>Huwa minnu li \u0127add m&#8217;g\u0127andu jkollu xi monopolju fuq il-kliem &#8220;Malta ta&#8217; g\u0127ada&#8221;. I\u017cda possibbli li m&#8217;hemmx xi alternattiva li jista&#8217; jag\u0127mel u\u017cu minnha l-PN biex inkunu nistg\u0127u niddistingwu na\u0127a minn o\u0127ra?<\/p>\n\n\n\n<figure class=\"wp-block-image\"><img width=\"1024\" height=\"576\" src=\"https:\/\/manueldelia.com\/wp-content\/uploads\/2019\/01\/WhatsApp-Image-2018-12-31-at-22.17.48-1024x576.jpeg\" alt=\"\" class=\"wp-image-70113\" srcset=\"https:\/\/manueldelia.com\/wp-content\/uploads\/2019\/01\/WhatsApp-Image-2018-12-31-at-22.17.48-200x113.jpeg 200w, https:\/\/manueldelia.com\/wp-content\/uploads\/2019\/01\/WhatsApp-Image-2018-12-31-at-22.17.48-300x169.jpeg 300w, https:\/\/manueldelia.com\/wp-content\/uploads\/2019\/01\/WhatsApp-Image-2018-12-31-at-22.17.48-400x225.jpeg 400w, https:\/\/manueldelia.com\/wp-content\/uploads\/2019\/01\/WhatsApp-Image-2018-12-31-at-22.17.48-600x338.jpeg 600w, https:\/\/manueldelia.com\/wp-content\/uploads\/2019\/01\/WhatsApp-Image-2018-12-31-at-22.17.48-768x432.jpeg 768w, https:\/\/manueldelia.com\/wp-content\/uploads\/2019\/01\/WhatsApp-Image-2018-12-31-at-22.17.48-800x450.jpeg 800w, https:\/\/manueldelia.com\/wp-content\/uploads\/2019\/01\/WhatsApp-Image-2018-12-31-at-22.17.48.jpeg 1024w, https:\/\/manueldelia.com\/wp-content\/uploads\/2019\/01\/WhatsApp-Image-2018-12-31-at-22.17.48-1200x675.jpeg 1200w\" sizes=\"(max-width: 1024px) 100vw, 1024px\" \/><\/figure>\n\n\n\n<p>Il-politi\u010bi huma g\u0127asafar tal-passa: jg\u0127addu ftit ta\u017c-\u017cmien fi\u010b-\u010bentru tal-attenzjoni u, meta dan i\u017c-\u017cmien ig\u0127addi, ma nisimg\u0127ux bihom aktar.<\/p>\n","protected":false},"excerpt":{"rendered":"<p>Tg\u0127id kumbinazzjoni? Hekk kif tal-PN qed jipprovaw ixejjnu s-suspetti li l-Partit qed jimita lil tal-Labour minflok jo\u0127ro\u0121 b&#8217;ideat ori\u0121inali, dritt jo\u0127ro\u0121 Adrian Delia b&#8217;diskors tal-a\u0127\u0127ar tas-sena jirrepeti s-slogan tal-Partit Laburista. Huwa minnu li \u0127add m&#8217;g\u0127andu jkollu xi monopolju fuq il-kliem &#8220;Malta ta&#8217; g\u0127ada&#8221;. I\u017cda possibbli li m&#8217;hemmx xi alternattiva li jista&#8217; jag\u0127mel u\u017cu minnha l-PN [&hellip;]<\/p>\n","protected":false},"author":1,"featured_media":70112,"comment_status":"open","ping_status":"open","sticky":false,"template":"","format":"standard","meta":[],"categories":[54],"tags":[],"_links":{"self":[{"href":"https:\/\/manueldelia.com\/mt\/wp-json\/wp\/v2\/posts\/70133\/"}],"collection":[{"href":"https:\/\/manueldelia.com\/mt\/wp-json\/wp\/v2\/posts\/"}],"about":[{"href":"https:\/\/manueldelia.com\/mt\/wp-json\/wp\/v2\/types\/post\/"}],"author":[{"embeddable":true,"href":"https:\/\/manueldelia.com\/mt\/wp-json\/wp\/v2\/users\/1\/"}],"replies":[{"embeddable":true,"href":"https:\/\/manueldelia.com\/mt\/wp-json\/wp\/v2\/comments\/?post=70133"}],"version-history":[{"count":4,"href":"https:\/\/manueldelia.com\/mt\/wp-json\/wp\/v2\/posts\/70133\/revisions\/"}],"predecessor-version":[{"id":70192,"href":"https:\/\/manueldelia.com\/mt\/wp-json\/wp\/v2\/posts\/70133\/revisions\/70192\/"}],"wp:featuredmedia":[{"embeddable":true,"href":"https:\/\/manueldelia.com\/mt\/wp-json\/wp\/v2\/media\/70112\/"}],"wp:attachment":[{"href":"https:\/\/manueldelia.com\/mt\/wp-json\/wp\/v2\/media\/?parent=70133"}],"wp:term":[{"taxonomy":"category","embeddable":true,"href":"https:\/\/manueldelia.com\/mt\/wp-json\/wp\/v2\/categories\/?post=70133"},{"taxonomy":"post_tag","embeddable":true,"href":"https:\/\/manueldelia.com\/mt\/wp-json\/wp\/v2\/tags\/?post=70133"}],"curies":[{"name":"wp","href":"https:\/\/api.w.org\/{rel}","templated":true}]}}