{"id":70443,"date":"2019-01-06T17:14:24","date_gmt":"2019-01-06T16:14:24","guid":{"rendered":"https:\/\/manueldelia.com\/?p=70443"},"modified":"2019-01-09T16:58:47","modified_gmt":"2019-01-09T15:58:47","slug":"mark-anthony-sammut-juri-li-s-sens-komun-ma-spiccax-ghal-kollox","status":"publish","type":"post","link":"https:\/\/manueldelia.com\/mt\/2019\/01\/mark-anthony-sammut-juri-li-s-sens-komun-ma-spiccax-ghal-kollox\/","title":{"rendered":"Mark Anthony Sammut juri li s-sens komun ma spi\u010b\u010bax g\u0127al kollox"},"content":{"rendered":"\n<figure class=\"wp-block-image\"><img width=\"630\" height=\"340\" src=\"https:\/\/manueldelia.com\/wp-content\/uploads\/2019\/01\/file-1.aspx_.jpeg\" alt=\"\" class=\"wp-image-70416\" srcset=\"https:\/\/manueldelia.com\/wp-content\/uploads\/2019\/01\/file-1.aspx_-200x108.jpeg 200w, https:\/\/manueldelia.com\/wp-content\/uploads\/2019\/01\/file-1.aspx_-300x162.jpeg 300w, https:\/\/manueldelia.com\/wp-content\/uploads\/2019\/01\/file-1.aspx_-400x216.jpeg 400w, https:\/\/manueldelia.com\/wp-content\/uploads\/2019\/01\/file-1.aspx_-600x324.jpeg 600w, https:\/\/manueldelia.com\/wp-content\/uploads\/2019\/01\/file-1.aspx_.jpeg 630w\" sizes=\"(max-width: 630px) 100vw, 630px\" \/><\/figure>\n\n\n\n<p>Ftit jiem ilu kittieb mistieden fuq dan il-blog fakkar li, skont l-istatut tal-PN, l-uffi\u010bjali tal-Partit g\u0127andhom ir-responsabbilt\u00e0 li ji\u0121bdu l-attenzjoni kull meta ji\u017cgarra f&#8217;azzjonijietu l-Kap tal-Partit.   <\/p>\n\n\n\n<p>Dan l-awtur iffoka fost o\u0127rajn fuq Mark Anthony Sammut b\u0127ala president tal-kumitat e\u017cekuttiv tal-PN. Dan il-kumitat ji\u0121bor fih rappre\u017centanti tal-ferg\u0127at kollha tal-Partit: tal-kumitati mxerrda madwar il-pajji\u017c, tal-uffi\u010bjali eletti fil-kunsilli, fil-parlament u fl-assemblea parlamentari, tal-organi &#8211; nisa, professjonisti, \u0127addiema, \u017cg\u0127a\u017cag\u0127, e\u010b\u010betra.      <\/p>\n\n\n\n<p>Dan il-kumitat, li jiltaqa&#8217; darba fix-xahar, jiddiskuti kwistjonijiet ta&#8217; politika u jikkonferma l-g\u0127a\u017cliet tal-kandidati.    <\/p>\n\n\n\n<p>Kien hemm u\u0127ud li lill-kittieb mistieden \u0121ibdulu l-attenzjoni tieg\u0127u g\u0127all-fgatt li l-uffi\u010bjali kollha tal-partit \u0127adu posthom wara li kien \u0121ie elett b\u0127ala Kap Adrian Delia u li dawn jistg\u0127u g\u0127alhekk ikollhom is-suddizzjoni minnu. <\/p>\n\n\n\n<p>Madankollu, f&#8217;nofs dan l-inkwiet kollu, mhux \u0127a\u0121a kbira jekk ninsew li mhux kul\u0127add fil-PN ja\u0127sibha b\u0127al dawk il-manigoldi li ssibhom fil-Facebook kull darba li l-Kap &#8220;g\u0127a\u017ci\u017c&#8221;, &#8220;ma\u0127bub&#8221; u &#8220;demokratikament elett&#8221; ji\u0121i kritikat dwar xi \u0127a\u0121a li jixtiequ li ma te\u017cistix. <\/p>\n\n\n\n<p>Dalg\u0127odu Mark Anthony Sammut lill-\u0121urnal Sunday Times of Malta qallu dak li hu min ewl id-dinja: l-allegazzjonijiet li jinsabu ma&#8217; wi\u010b\u010b Adrian Delia huma serji u l-Partit m&#8217;g\u0127andux jidda\u0127\u0127al f&#8217;inkwiet personali. <\/p>\n\n\n\n<p>Minn The Sunday Times of Malta ta&#8217; dalg\u0127odu: uffi\u010bjal g\u0127oli tal-Partit ammetta li jinsab inkwetat \u0127afna dwar is-sitwazzjoni. <\/p>\n\n\n\n<p>Huwa qal li \u201c&#8217;l-allegazzjonijiet li saru, kompri\u017ci allegazzjonijiet li saru ta\u0127t \u0121urament, kif ukoll il-filmati li qed ji\u010b\u010birkolaw, huma ta&#8217; t\u0127assib kbir u w\u0127ud mill-allegazzjonijiet huma ta&#8217; natura kriminali&#8221;.<\/p>\n\n\n\n<p>&#8220;Sammut huwa fost dawk fil-Partit li jsostnu li din il-kwistjoni m&#8217;hix tag\u0127mel \u0121id lill-PN&#8221;.<\/p>\n\n\n\n<p>Din il-kwistjoni ma tridx xi g\u0127erf biex tifhimha. G\u0127andhom jifhmuha anki dawk it-trolls li jg\u0127idu li \u201cdin hi kwistjoni privata\u201d meta ji\u0121i rappurtat il-kliem isteriku ta&#8217; Adrian Delia fl-uffi\u010b\u010bju tieg\u0127u jew fuq ir-radju tal-partit tieg\u0127u. G\u0127andkom ra\u0121un, ja bolo\u0127. U \u017cgur li huma kwistjonijiet privati. Dak huwa l-qofol. Il-Partit g\u0127aliex g\u0127andu jidda\u0127\u0127al bejn il-basla u qoxritha min\u0127abba din il-kwistjoni? <\/p>\n\n\n\n<p>Din il-kwistjoni privata rrendewha wa\u0127da pubblika.<\/p>\n\n\n\n<p>Jekk il-\u0121ara tieg\u0127i titlaq lil \u017cew\u0121ha g\u0127ax tkun qabditu jaqlibhielha, din hi kwistjoni privata u m&#8217;hi affari ta&#8217; \u0127add. Dan ig\u0127odd ukoll anki jekk \u017cew\u0121ha inzerta li hu membru parlamentari.<\/p>\n\n\n\n<p>I\u017cda jekk il-\u0121ara tieg\u0127i, li hi persuna privata, titlaq lil \u017cew\u0121ha g\u0127ax isawwatha, lill-pulizija \u017cew\u0121ha ma jistax ig\u0127idilha li &#8220;din hi kwistjoni privata&#8221;. <\/p>\n\n\n\n<p>Ir-reati kriminali m&#8217;humiex privati anki jekk jitwettqu fil-privat. <\/p>\n\n\n\n<p>Se jkun hemm min jipponta l-vle\u0121e\u0121 fuq Mark Anthony Sammut. Meta dalg\u0127odu fuq ir-radju Adrian Delia qal li min qed jikkritikah qed jag\u0127mel dan fuq struzzjonijiet ta&#8217; Joseph Muscat, qal hekk wara li xxandar kliem Mark Anthony Sammut.<\/p>\n\n\n\n<p>M&#8217;hemmx dubju li se jag\u0127mlu l-arja fuqu.<\/p>\n\n\n\n<p>I\u017cda xi \u0127add je\u0127tie\u0121 jaqbad il-barri minn qrunu u Mark Anthony Sammut jidher li ppre\u017centa ru\u0127u. Forsi ma jit\u0127alliex wa\u0127du.  <\/p>\n","protected":false},"excerpt":{"rendered":"<p>Ftit jiem ilu kittieb mistieden fuq dan il-blog fakkar li, skont l-istatut tal-PN, l-uffi\u010bjali tal-Partit g\u0127andhom ir-responsabbilt\u00e0 li ji\u0121bdu l-attenzjoni kull meta ji\u017cgarra f&#8217;azzjonijietu l-Kap tal-Partit. Dan l-awtur iffoka fost o\u0127rajn fuq Mark Anthony Sammut b\u0127ala president tal-kumitat e\u017cekuttiv tal-PN. Dan il-kumitat ji\u0121bor fih rappre\u017centanti tal-ferg\u0127at kollha tal-Partit: tal-kumitati mxerrda madwar il-pajji\u017c, tal-uffi\u010bjali eletti fil-kunsilli, [&hellip;]<\/p>\n","protected":false},"author":1,"featured_media":70417,"comment_status":"open","ping_status":"open","sticky":false,"template":"","format":"standard","meta":[],"categories":[54],"tags":[],"_links":{"self":[{"href":"https:\/\/manueldelia.com\/mt\/wp-json\/wp\/v2\/posts\/70443\/"}],"collection":[{"href":"https:\/\/manueldelia.com\/mt\/wp-json\/wp\/v2\/posts\/"}],"about":[{"href":"https:\/\/manueldelia.com\/mt\/wp-json\/wp\/v2\/types\/post\/"}],"author":[{"embeddable":true,"href":"https:\/\/manueldelia.com\/mt\/wp-json\/wp\/v2\/users\/1\/"}],"replies":[{"embeddable":true,"href":"https:\/\/manueldelia.com\/mt\/wp-json\/wp\/v2\/comments\/?post=70443"}],"version-history":[{"count":4,"href":"https:\/\/manueldelia.com\/mt\/wp-json\/wp\/v2\/posts\/70443\/revisions\/"}],"predecessor-version":[{"id":70630,"href":"https:\/\/manueldelia.com\/mt\/wp-json\/wp\/v2\/posts\/70443\/revisions\/70630\/"}],"wp:featuredmedia":[{"embeddable":true,"href":"https:\/\/manueldelia.com\/mt\/wp-json\/wp\/v2\/media\/70417\/"}],"wp:attachment":[{"href":"https:\/\/manueldelia.com\/mt\/wp-json\/wp\/v2\/media\/?parent=70443"}],"wp:term":[{"taxonomy":"category","embeddable":true,"href":"https:\/\/manueldelia.com\/mt\/wp-json\/wp\/v2\/categories\/?post=70443"},{"taxonomy":"post_tag","embeddable":true,"href":"https:\/\/manueldelia.com\/mt\/wp-json\/wp\/v2\/tags\/?post=70443"}],"curies":[{"name":"wp","href":"https:\/\/api.w.org\/{rel}","templated":true}]}}