{"id":70464,"date":"2019-01-06T17:27:17","date_gmt":"2019-01-06T16:27:17","guid":{"rendered":"https:\/\/manueldelia.com\/?p=70464"},"modified":"2019-01-09T17:00:22","modified_gmt":"2019-01-09T16:00:22","slug":"aqbad-ma-ta-mparek","status":"publish","type":"post","link":"https:\/\/manueldelia.com\/mt\/2019\/01\/aqbad-ma-ta-mparek\/","title":{"rendered":"Aqbad ma&#8217; ta&#8217; mparek"},"content":{"rendered":"\n<figure class=\"wp-block-image\"><img width=\"1024\" height=\"743\" src=\"https:\/\/manueldelia.com\/wp-content\/uploads\/2019\/01\/Mument-05-1024x743.jpg\" alt=\"\" class=\"wp-image-70422\" srcset=\"https:\/\/manueldelia.com\/wp-content\/uploads\/2019\/01\/Mument-05-200x145.jpg 200w, https:\/\/manueldelia.com\/wp-content\/uploads\/2019\/01\/Mument-05-300x218.jpg 300w, https:\/\/manueldelia.com\/wp-content\/uploads\/2019\/01\/Mument-05-400x290.jpg 400w, https:\/\/manueldelia.com\/wp-content\/uploads\/2019\/01\/Mument-05-600x436.jpg 600w, https:\/\/manueldelia.com\/wp-content\/uploads\/2019\/01\/Mument-05-768x558.jpg 768w, https:\/\/manueldelia.com\/wp-content\/uploads\/2019\/01\/Mument-05-800x581.jpg 800w, https:\/\/manueldelia.com\/wp-content\/uploads\/2019\/01\/Mument-05.jpg 1024w, https:\/\/manueldelia.com\/wp-content\/uploads\/2019\/01\/Mument-05-1200x871.jpg 1200w\" sizes=\"(max-width: 1024px) 100vw, 1024px\" \/><\/figure>\n\n\n\n<p style=\"text-align:left\">M&#8217;hemmx dubju li f&#8217;Malta lill-g\u0127aqdiet tas-so\u010bjet\u00e0 \u010bivili li jag\u0127mlu kampanji favur id-drittijiet demokrati\u010bi, kontra l-korruzzjoni u favur l-e\u017cemplarjeta&#8217; fil-politika, l-partit politi\u010bi jarawhom \u017cejda.   <\/p>\n\n\n\n<p>L-istorja li tal-PN xandru dalg\u0127odu f&#8217;Il-Mument wara li tfa\u010b\u010bat <a aria-label=\"on Labour\u2019s One TV last Wednesday (opens in a new tab)\" href=\"https:\/\/manueldelia.com\/2019\/01\/repubblika-alliance-between-party-tvs-is-choking-free-speech\/\" target=\"_blank\" rel=\"noreferrer noopener\">nhar l-Erbg\u0127a fuq One TV <\/a> u sa\u0127ansitra anki fuq il-Facebook page uffi\u010bjali tal-PN, m&#8217;hi xejn \u0127lief att ta&#8217; disprament ta&#8217; min jinsab dahru mal-\u0127ajt. <\/p>\n\n\n\n<p>Il-veru ka\u017c li m&#8217;humiex jg\u0127arblu sewwa l-konsegwenzi tal-azzjonijiet tag\u0127hom.<\/p>\n\n\n\n<p>Ifakkruna f&#8217;Erdogan u Duterte l-akku\u017ci fis-sens li l-attivisti qed &#8220;jiksru l-li\u0121i&#8221; u l-ispekulazzjonijiet dwar &#8220;investigazzjonijiet&#8221;. Qed jimitaw lil tal-Labour ming\u0127ajr ma jie\u0127du \u0127sieb jaraw x&#8217;inhuma l-\u0127ti\u0121ijiet veri tag\u0127hom. <\/p>\n\n\n\n<p>\u0120urnalisti u attivisti li jg\u0127ixu f&#8217;pajji\u017ci mmexxijin minn gvernijiet awtoritarji qed ikollhom jiffa\u010b\u010bjaw audits, investigazzjonijiet, allegazzjonijiet ta&#8217; ksur ta&#8217; li\u0121ijiet finanzjarji u akku\u017ci foloz o\u0127ra. Dawn huma l-fatti tal-\u0127ajja f&#8217;pajji\u017ci b\u0127alma huma r-Russia, l-Filippini, it-Turkija, l-A\u017cerbaj\u0121an u o\u0127rajn. <\/p>\n\n\n\n<p>Corinne Vella m&#8217;g\u0127amlitx riferenza spe\u010bifika g\u0127all-akku\u017ca falza dwar frodi fil-\u0127las tal-VAT li ta&#8217; spiss kienet issir fil-konfront ta&#8217; o\u0127tha Daphne Caruana Galizia. Madankollu malajr fehmet x&#8217;hemm wara l-pubblikazzjoni tal-istorja f&#8217;Il-Mument u dalg\u0127odu kitbat hekk: <\/p>\n\n\n\n<figure><\/figure>\n\n\n\n<p>Inteb\u0127et ukoll bil-mi\u017co\u0121in\u017cmu. Il-partiti politi\u010bi j\u0127ossuhom skomdi fil-konfront tal-attivisti tas-so\u010bjet\u00e0 \u010bivili, spe\u010bjalment fil-konfront tan-nisa. Araw kif Il-Mument fet\u0127et attakk personalizzat fuq tal-Occupy Justice.<\/p>\n\n\n\n<figure class=\"wp-block-image\"><img width=\"614\" height=\"1024\" src=\"https:\/\/manueldelia.com\/wp-content\/uploads\/2019\/01\/49407183_368507300609272_2643722610306711552_o-614x1024.jpg\" alt=\"\" class=\"wp-image-70427\" srcset=\"https:\/\/manueldelia.com\/wp-content\/uploads\/2019\/01\/49407183_368507300609272_2643722610306711552_o-180x300.jpg 180w, https:\/\/manueldelia.com\/wp-content\/uploads\/2019\/01\/49407183_368507300609272_2643722610306711552_o-200x333.jpg 200w, https:\/\/manueldelia.com\/wp-content\/uploads\/2019\/01\/49407183_368507300609272_2643722610306711552_o-400x667.jpg 400w, https:\/\/manueldelia.com\/wp-content\/uploads\/2019\/01\/49407183_368507300609272_2643722610306711552_o-600x1000.jpg 600w, https:\/\/manueldelia.com\/wp-content\/uploads\/2019\/01\/49407183_368507300609272_2643722610306711552_o.jpg 614w, https:\/\/manueldelia.com\/wp-content\/uploads\/2019\/01\/49407183_368507300609272_2643722610306711552_o-768x1280.jpg 768w, https:\/\/manueldelia.com\/wp-content\/uploads\/2019\/01\/49407183_368507300609272_2643722610306711552_o-800x1333.jpg 800w\" sizes=\"(max-width: 614px) 100vw, 614px\" \/><\/figure>\n\n\n\n<p>Il-\u0121urnal kiteb li dan il-grupp huwa mmexxi mill-mara tal-blogger Manuel Delia. Din is-sentenza fiha x&#8217;tifhem. Din mara. Jaqq. M&#8217;g\u0127andhiex isem u hi mi\u017c\u017cew\u0121a lil Manuel Delia. Mela ftehimna. U, g\u0127al \u0121ie\u0127na, dan blogger! <\/p>\n\n\n\n<p><a aria-label=\"Adrian Delia then doubled down on radio this morning (opens in a new tab)\" rel=\"noreferrer noopener\" href=\"https:\/\/www.timesofmalta.com\/articles\/view\/20190106\/local\/defiant-delia-complains-of-coordinated-media-attacks-against-him.698559\" target=\"_blank\">Dalg\u0127odu Adrian Delia tkellem fuq ir-radju tal-partit tieg\u0127u Adrian Delia<\/a>, u rripeta diskors mimli arja hu u jindirizza lill-\u0121urnalisti bl-uniku mod li jaf kif: minn fuq radju kontrollat minnu fejn \u0127add ma jkun jista&#8217; jmerih.   <\/p>\n\n\n\n<p>Delia qal li se jwie\u0121eb &#8220;sezzjoni \u017cg\u0127ira tal-istampa&#8221; li qieg\u0127da xxerred &#8220;il-gideb&#8221; dwaru. Jag\u0127ti x&#8217;jifhem li qed jirreferi g\u0127al Lovin Malta, The Shift News u din il-website, g\u0127alkemm jista&#8217; jkun li kien qed jipponta sebg\u0127u lejn it-Times of Malta wkoll. Qal ukoll li kien qed jirreferi g\u0127all-WhatsApp videos li qed ji\u010b\u010birkolaw li la n\u0121ibdu u lanqas ixxandru minn dawn is-siti.   <\/p>\n\n\n\n<p>U mbag\u0127ad, dulcis in fundo, jg\u0127id li \u201csezzjoni \u017cg\u0127ira tal-istampa\u201d permezz ta&#8217; video qed ixxerred dawn il-&#8220;gideb&#8221; dwar &#8220;il-familja tieg\u0127u&#8221; g\u0127ax huma \u0127bieb ta&#8217; Joseph Muscat u tal-Partit Laburista. <\/p>\n\n\n\n<p>Kliem li kien i\u0127ammar wi\u010b\u010b Joseph Goebbels.<\/p>\n\n\n\n<p>Lil Adrian Delia ebda \u0121urnalist ma \u0121ibed filmat tieg\u0127u f&#8217;daru. U dawk li \u0121ibdu l-filmat u g\u0127addew dak li n\u0121ibed se jkunu jistg\u0127u jg\u0127idu fil-qorti jekk kienx Joseph Muscat li kien \u0121ieg\u0127elhom ji\u0121bdu l-filmat.<\/p>\n\n\n\n<p><\/p>\n\n\n\n<p>Fi \u0127dan il-PN, hemm u\u0127ud li qed i\u0127ossuhom imbarazzati b&#8217;dan l-a\u0121ir anti-demokratiku. <\/p>\n\n\n\n<p>Ftit ilu Chris Said fakkar x&#8217;qalet il-Kummissjoni ta&#8217; Venezja: Malta ma \u0127aqqhiex tissejja\u0127 demokrazija min\u0127abba l-mod kif i\u0121\u0121ib ru\u0127\u0127a mal-\u0121urnalisti u mal-attivisti tas-so\u010bjeta&#8217; \u010bivili. sostna li dan mhuwiex sew.<\/p>\n\n\n\n<figure><\/figure>\n\n\n\n<p>Claudette Buttigieg qab\u017cet ukoll u tkellmet f&#8217;dan is-sens.<\/p>\n\n\n\n<figure><\/figure>\n\n\n\n<p>Min jipprova jiddiskredita lill-attivisti tas-so\u010bjeta&#8217; \u010bivili u lill-\u0121urnalisti indipendenti ikun \u0127ati ta&#8217; a\u0121ir anti-demokratiku u meta jag\u0127mel dan \u201cil-kap mag\u0127\u017cul mit-tesserati\u201d ikun qed i\u0121ib ru\u0127u b&#8217;mod anti-demokratiku. <\/p>\n\n\n\n<p>Bosta persuni, jien fosthom, jiftakru meta konna wasalna g\u0127al konklu\u017cjoni dwar definittiva Adrian Delia. Meta Daphne Caruana Galizia kienet xandret l-istejjer dwaru, n-nies kienet g\u0127adha qed tifforma opinjoni dwaru. Meta quddiem folla nies ikkundanna lill-&#8220;bi\u010b\u010ba blogger&#8221; u wieg\u0127ed li jkisser lil min ja\u017c\u017carda jikkritika lill-PN jew lit-tmexxija tieg\u0127u, g\u0127amel \u0127a\u0121a li l-mexxejja ta&#8217; qablu lanqas biss kienu jo\u0127olmu li jag\u0127mluha.<\/p>\n\n\n\n<p>It-theddid baqa&#8217; g\u0127addej sal-lum. <\/p>\n","protected":false},"excerpt":{"rendered":"<p>M&#8217;hemmx dubju li f&#8217;Malta lill-g\u0127aqdiet tas-so\u010bjet\u00e0 \u010bivili li jag\u0127mlu kampanji favur id-drittijiet demokrati\u010bi, kontra l-korruzzjoni u favur l-e\u017cemplarjeta&#8217; fil-politika, l-partit politi\u010bi jarawhom \u017cejda. L-istorja li tal-PN xandru dalg\u0127odu f&#8217;Il-Mument wara li tfa\u010b\u010bat nhar l-Erbg\u0127a fuq One TV u sa\u0127ansitra anki fuq il-Facebook page uffi\u010bjali tal-PN, m&#8217;hi xejn \u0127lief att ta&#8217; disprament ta&#8217; min jinsab dahru [&hellip;]<\/p>\n","protected":false},"author":1,"featured_media":70423,"comment_status":"open","ping_status":"open","sticky":false,"template":"","format":"standard","meta":[],"categories":[54],"tags":[],"_links":{"self":[{"href":"https:\/\/manueldelia.com\/mt\/wp-json\/wp\/v2\/posts\/70464\/"}],"collection":[{"href":"https:\/\/manueldelia.com\/mt\/wp-json\/wp\/v2\/posts\/"}],"about":[{"href":"https:\/\/manueldelia.com\/mt\/wp-json\/wp\/v2\/types\/post\/"}],"author":[{"embeddable":true,"href":"https:\/\/manueldelia.com\/mt\/wp-json\/wp\/v2\/users\/1\/"}],"replies":[{"embeddable":true,"href":"https:\/\/manueldelia.com\/mt\/wp-json\/wp\/v2\/comments\/?post=70464"}],"version-history":[{"count":4,"href":"https:\/\/manueldelia.com\/mt\/wp-json\/wp\/v2\/posts\/70464\/revisions\/"}],"predecessor-version":[{"id":70632,"href":"https:\/\/manueldelia.com\/mt\/wp-json\/wp\/v2\/posts\/70464\/revisions\/70632\/"}],"wp:featuredmedia":[{"embeddable":true,"href":"https:\/\/manueldelia.com\/mt\/wp-json\/wp\/v2\/media\/70423\/"}],"wp:attachment":[{"href":"https:\/\/manueldelia.com\/mt\/wp-json\/wp\/v2\/media\/?parent=70464"}],"wp:term":[{"taxonomy":"category","embeddable":true,"href":"https:\/\/manueldelia.com\/mt\/wp-json\/wp\/v2\/categories\/?post=70464"},{"taxonomy":"post_tag","embeddable":true,"href":"https:\/\/manueldelia.com\/mt\/wp-json\/wp\/v2\/tags\/?post=70464"}],"curies":[{"name":"wp","href":"https:\/\/api.w.org\/{rel}","templated":true}]}}