{"id":70593,"date":"2019-01-09T06:23:54","date_gmt":"2019-01-09T05:23:54","guid":{"rendered":"https:\/\/manueldelia.com\/?p=70593"},"modified":"2019-01-09T17:03:47","modified_gmt":"2019-01-09T16:03:47","slug":"sitwazzjoni-tal-wahx","status":"publish","type":"post","link":"https:\/\/manueldelia.com\/mt\/2019\/01\/sitwazzjoni-tal-wahx\/","title":{"rendered":"Sitwazzjoni tal-wa\u0127x"},"content":{"rendered":"\n<div class=\"wp-block-image\"><figure class=\"aligncenter\"><img width=\"684\" height=\"441\" src=\"https:\/\/manueldelia.com\/wp-content\/uploads\/2019\/01\/giovanni_grixti_copy.png\" alt=\"\" class=\"wp-image-70566\" srcset=\"https:\/\/manueldelia.com\/wp-content\/uploads\/2019\/01\/giovanni_grixti_copy-200x129.png 200w, https:\/\/manueldelia.com\/wp-content\/uploads\/2019\/01\/giovanni_grixti_copy-300x193.png 300w, https:\/\/manueldelia.com\/wp-content\/uploads\/2019\/01\/giovanni_grixti_copy-400x258.png 400w, https:\/\/manueldelia.com\/wp-content\/uploads\/2019\/01\/giovanni_grixti_copy-600x387.png 600w, https:\/\/manueldelia.com\/wp-content\/uploads\/2019\/01\/giovanni_grixti_copy.png 684w\" sizes=\"(max-width: 684px) 100vw, 684px\" \/><\/figure><\/div>\n\n\n\n<p>Jista&#8217; jkun li g\u0127adkom ma sibtux il-\u0127in biex taqraw <a aria-label=\"the entire speech by Judge Vincent De Gaetano about rule of law in Malta a few weeks ago (opens in a new tab)\" rel=\"noreferrer noopener\" href=\"https:\/\/manueldelia.com\/2018\/12\/vincent-de-gaetano-on-rule-of-law-read-the-speech-here\/\" target=\"_blank\">id-diskors s\u0127i\u0127 li kien g\u0127amel ftit \u0121img\u0127at ilu l-Im\u0127allef Vincent De Gaetano dwar is-saltna tad-dritt f&#8217;Malta<\/a>. Kien qed jit\u0127addet dwar l-istat tas-saltna tad-dritt f&#8217;Malta: mid-diskors kollu dan li \u0121ej hu ta&#8217; min jixtarru:<\/p>\n\n\n\n<blockquote class=\"wp-block-quote\"><p>&#8220;X&#8217;aktarx li Malta hi l-unku pajji\u017c fid-dinja \u010bivilizzata fejn, \u0127lief g\u0127al meta l-Pulizija e\u017cekuttiva jew l-Avukat \u0120enerali iwittu t-triq biex Ma\u0121istrat ikun jista&#8217; jniedi nkjesta in genere, f&#8217;kull ka\u017c ie\u0127or il-Ma\u0121istrat ikollu jag\u0127ti lill-persuna suspettata l-informazzjoni kollha dwar ir-rapport, dwar l-informazzjoni u dwar l-ilment li jkun sar kontrih qabel ikun jista&#8217; jibda&#8217; inkjesta u jkun irid jag\u0127tih i\u017c-\u017cmien li jg\u0127id tieg\u0127u dwar jekk inkjesta g\u0127andhiex issir jew le (Art. 546(4A)). Din m&#8217;hi xejn \u0127lief sitwazzjoni tal-wa\u0127x.&#8221;<\/p><\/blockquote>\n\n\n\n<p>Issa qieg\u0127ed dan kollu fil-kuntest <a aria-label=\"yesterday\u2019s decision by Judge Giovanni Grixti (opens in a new tab)\" rel=\"noreferrer noopener\" href=\"https:\/\/manueldelia.com\/2019\/01\/the-panama-gang-will-tell-you-this-clears-them-theyll-be-lying\/\" target=\"_blank\">tas-sentenza li ta l-biera\u0127 l-Im\u0127allef Giovanni Grixti<\/a>. Dan kien pre\u010bi\u017cament is-su\u0121\u0121ett li l-biera\u0127 kien qed jidde\u010biedi dwaru: il-fehmiet ta&#8217; dawk il-persuni li dwarhom sar l-ilment dwar jekk inkjesta g\u0127andhiex issir jew le. <\/p>\n\n\n\n<p>Li wie\u0127ed jidde\u010biedi li jismag\u0127hom di\u0121\u00e0 hi &#8220;de\u010bi\u017cjoni tal-wa\u0127x&#8221;. Min jaf l-<br>Im\u0127allef Vincent De Gaetano kif kien jiddeskrivi sitwazzjoni fejn Im\u0127allef f&#8217;pajji\u017c \u010bivilizzat, wara li jkun sema&#8217; x&#8217;g\u0127andhom x&#8217;ig\u0127idu Joseph Muscat u l-klikka tal-Panama, jidde\u010biedi li l-provi li je\u017cistu kontra tag\u0127hom m&#8217;g\u0127andhomx ji\u0121u investigati jew mg\u0127arbla minn inkjesta.<\/p>\n\n\n\n<p>Din m&#8217;hix kwistjoni teknika. Hi kwistjoni sempli\u010bi. Xhud imur l-g\u0127assa tal-pulizija u jirrapporta li ra lil \u0127u\u0127 joqtol lil ommu b&#8217;sikkina. \u0126u\u0127 inzerta li hu \u0127abib qaqo\u010b\u010ba mal-pulizija fl-g\u0127assa u l-pulizija jidde\u010biedi li x-xhud g\u0127andu ji\u0121i injorat.<\/p>\n\n\n\n<p>Ix-xhud dan ma ja\u010b\u010betta\u0127x u jitlob lill-Qorti tordna li tinbeda&#8217; nkjesta in vista tal-fatt li l-Pulizija naqset minn dmirha. <\/p>\n\n\n\n<p>Hi sitwazzjoni tal-wa\u0127x li l-Qorti tkun mistennija li titlob lill-allegat qattiel jekk jaqbilx li g\u0127andi ji\u0121i investigat. Lanqas titwemmen li l-Qorti tista&#8217; ssib ra\u0121uni biex ma tinbediex inkjesta.  <\/p>\n\n\n\n<p>Imma s-sitwazzjoni hi dik li hi, inroddu kemm inroddu slaleb. <\/p>\n","protected":false},"excerpt":{"rendered":"<p>Jista&#8217; jkun li g\u0127adkom ma sibtux il-\u0127in biex taqraw id-diskors s\u0127i\u0127 li kien g\u0127amel ftit \u0121img\u0127at ilu l-Im\u0127allef Vincent De Gaetano dwar is-saltna tad-dritt f&#8217;Malta. Kien qed jit\u0127addet dwar l-istat tas-saltna tad-dritt f&#8217;Malta: mid-diskors kollu dan li \u0121ej hu ta&#8217; min jixtarru: &#8220;X&#8217;aktarx li Malta hi l-unku pajji\u017c fid-dinja \u010bivilizzata fejn, \u0127lief g\u0127al meta l-Pulizija [&hellip;]<\/p>\n","protected":false},"author":1,"featured_media":70567,"comment_status":"open","ping_status":"open","sticky":false,"template":"","format":"standard","meta":[],"categories":[54],"tags":[],"_links":{"self":[{"href":"https:\/\/manueldelia.com\/mt\/wp-json\/wp\/v2\/posts\/70593\/"}],"collection":[{"href":"https:\/\/manueldelia.com\/mt\/wp-json\/wp\/v2\/posts\/"}],"about":[{"href":"https:\/\/manueldelia.com\/mt\/wp-json\/wp\/v2\/types\/post\/"}],"author":[{"embeddable":true,"href":"https:\/\/manueldelia.com\/mt\/wp-json\/wp\/v2\/users\/1\/"}],"replies":[{"embeddable":true,"href":"https:\/\/manueldelia.com\/mt\/wp-json\/wp\/v2\/comments\/?post=70593"}],"version-history":[{"count":4,"href":"https:\/\/manueldelia.com\/mt\/wp-json\/wp\/v2\/posts\/70593\/revisions\/"}],"predecessor-version":[{"id":70638,"href":"https:\/\/manueldelia.com\/mt\/wp-json\/wp\/v2\/posts\/70593\/revisions\/70638\/"}],"wp:featuredmedia":[{"embeddable":true,"href":"https:\/\/manueldelia.com\/mt\/wp-json\/wp\/v2\/media\/70567\/"}],"wp:attachment":[{"href":"https:\/\/manueldelia.com\/mt\/wp-json\/wp\/v2\/media\/?parent=70593"}],"wp:term":[{"taxonomy":"category","embeddable":true,"href":"https:\/\/manueldelia.com\/mt\/wp-json\/wp\/v2\/categories\/?post=70593"},{"taxonomy":"post_tag","embeddable":true,"href":"https:\/\/manueldelia.com\/mt\/wp-json\/wp\/v2\/tags\/?post=70593"}],"curies":[{"name":"wp","href":"https:\/\/api.w.org\/{rel}","templated":true}]}}