{"id":70759,"date":"2019-01-14T10:17:08","date_gmt":"2019-01-14T09:17:08","guid":{"rendered":"https:\/\/manueldelia.com\/?p=70759"},"modified":"2019-01-15T09:07:17","modified_gmt":"2019-01-15T08:07:17","slug":"unanimita","status":"publish","type":"post","link":"https:\/\/manueldelia.com\/mt\/2019\/01\/unanimita\/","title":{"rendered":"Unanimit\u00e0"},"content":{"rendered":"\n<figure class=\"wp-block-image\"><img width=\"750\" height=\"390\" src=\"https:\/\/manueldelia.com\/wp-content\/uploads\/2019\/01\/parlamento-cubano-diputados-foto-acn-750-x-390.jpg\" alt=\"\" class=\"wp-image-70731\" srcset=\"https:\/\/manueldelia.com\/wp-content\/uploads\/2019\/01\/parlamento-cubano-diputados-foto-acn-750-x-390-200x104.jpg 200w, https:\/\/manueldelia.com\/wp-content\/uploads\/2019\/01\/parlamento-cubano-diputados-foto-acn-750-x-390-300x156.jpg 300w, https:\/\/manueldelia.com\/wp-content\/uploads\/2019\/01\/parlamento-cubano-diputados-foto-acn-750-x-390-400x208.jpg 400w, https:\/\/manueldelia.com\/wp-content\/uploads\/2019\/01\/parlamento-cubano-diputados-foto-acn-750-x-390-600x312.jpg 600w, https:\/\/manueldelia.com\/wp-content\/uploads\/2019\/01\/parlamento-cubano-diputados-foto-acn-750-x-390.jpg 750w\" sizes=\"(max-width: 750px) 100vw, 750px\" \/><\/figure>\n\n\n\n<p>Meta partit politiku jikseb unanimita&#8217; fil-voti miksuba, dan x&#8217;aktarx ji\u0121ri min\u0127abba t-tbag\u0127bis fl-g\u0127add tal-voti. G\u0127alhekk fi\u010b-\u010aina jkollhom ma\u0121\u0121oranzi ta&#8217; madwar 90% fl-&#8220;assemblea nazzjonali tal-poplu&#8221; jew f&#8217;elezzjonijiet immexxijin minn Castro fil-Kuba.<\/p>\n\n\n\n<p>G\u0127aldaqtant mhux korrett min iqis dawk l-10% tal-kumitati sezzjonali li Adrian Delia jikkunsidra li ma vvutawx favurih b\u0127ala xi forma ta&#8217; ribeljoni. Kif sej\u0127ilhom Adrian Delia, 90% tal-voti jirrappre\u017centaw appo\u0121\u0121 massi\u010b\u010b fost l-g\u0127eruq tal-Partit fil-konfront tal-Kap.<\/p>\n\n\n\n<p>Anki jekk l-appo\u0121\u0121 li jgawdi fil-Grupp Parlamentari huwa ta&#8217; madwar 50%, Adrian Delia g\u0127andu kredenzjali qawwijin ta&#8217; le\u0121ittimita&#8217; li jtu\u0127 is-sa\u0127\u0127a li ma ji\u010b\u010baqlaqx minn fejn hu f&#8217;ka\u017c li ma jkunx irid iwarrab minn jeddu. <\/p>\n\n\n\n<p>Di\u0121a&#8217; tkellimna dwar ir-ra\u0121unijiet g\u0127ala g\u0127andu jwarrab u kif kemm hu kif ukoll dawk ta&#8217; madwaru ma qablux ma&#8217; dawn ir-ra\u0121unijiet. Il-lo\u0121ika fl-argumenti kienet nieqsa: i\u017cda huwa fatt li l-voti jg\u0127oddu aktar mil-lo\u0121ika.<\/p>\n\n\n\n<p>Jekk hu jibqa&#8217; ma jaqbilx li jwarrab minn jeddu fl-a\u0127jar interess tal-Partit u tal-pajji\u017c, kull attentat biex jitwarrab se jfalli u jispi\u010b\u010ba biex jag\u0127mel aktar \u0127sara lill-PN. <\/p>\n\n\n\n<p>M&#8217;g\u0127andniex xi ng\u0127idu, jekk verament irid jibqa&#8217; fejn hu, wie\u0127ed ikun irid jg\u0127arbel mhux biss il-fehmiet ta&#8217; Adrian Delia dwar ir-ra\u0121unijiet g\u0127aliex g\u0127andu jwarrab i\u017cda anki r-ra\u0121unijiet li \u0121ab g\u0127aliex g\u0127andu jibqa&#8217;. <\/p>\n\n\n\n<p>U dawn ir-ra\u0121unijiet je\u0127tie\u0121 li jkunu validi g\u0127aliex l-10% li ma qablux, f&#8217;dan il-kuntest, isiru aktar rilevanti. Adrian Delia huwa kapa\u010bi li jirba\u0127 elezzjoni ming\u0127ajr l-appo\u0121\u0121 ta&#8217; dawk li mhumiex lesti li jappo\u0121\u0121jawh?<\/p>\n\n\n\n<p>Naraw ftit min huma dawn. Il-kumitat sezzjonali ta&#8217; Tas-Sliema b&#8217;vot b&#8217;sa\u0127\u0127tu ma approvax mozzjoni ta&#8217; appo\u0121\u0121 lil Adrian Delia. Dan ma \u0121arax g\u0127aliex il-votanti f&#8217;din il-lokalita&#8217; i\u0127addmu mo\u0127\u0127hom aktar minn dawk ta&#8217; lokalitajiet o\u0127rajn.  <\/p>\n\n\n\n<figure class=\"wp-block-image\"><img width=\"543\" height=\"698\" src=\"https:\/\/manueldelia.com\/wp-content\/uploads\/2019\/01\/28-2.jpg\" alt=\"\" class=\"wp-image-70733\" srcset=\"https:\/\/manueldelia.com\/wp-content\/uploads\/2019\/01\/28-2-200x257.jpg 200w, https:\/\/manueldelia.com\/wp-content\/uploads\/2019\/01\/28-2-233x300.jpg 233w, https:\/\/manueldelia.com\/wp-content\/uploads\/2019\/01\/28-2-400x514.jpg 400w, https:\/\/manueldelia.com\/wp-content\/uploads\/2019\/01\/28-2.jpg 543w\" sizes=\"(max-width: 543px) 100vw, 543px\" \/><\/figure>\n\n\n\n<p>Bosta kienu dawk il-membri tal-kumitati sezzjonali minn diversi lokalitajiet li kellmuni biex ig\u0127iduli li meta ttie\u0127ed il-vot &#8220;unanimu&#8221; fil-lokalita&#8217; tag\u0127hom, huma ma kinux pre\u017centi. W\u0127ud minnhom lanqas biss issej\u0127u g\u0127al laqg\u0127a g\u0127ax dawk li jmexxu l-kumitati kienu jafu li dawn setg\u0127u jo\u0127olqulhom il-problemi. Il-pre\u017cenza tag\u0127hom kienet tikxef l-illu\u017cjoni tal-unanimita&#8217;. Madankollu dawk li kellmuni kienu konxji tal-fatt li ftit kien hemm \u010bans li setg\u0127u jipperswadu lill-ma\u0121\u0121oranza tivvota kontra l-mozzjoni ta&#8217; appo\u0121\u0121 lill-kap.  <\/p>\n\n\n\n<p>Fil-ka\u017c ta&#8217; Tas-Sliema li hemm bi\u017c\u017cejjed membri tal-kumitat li ma jaqblux ma&#8217; dak li qed ise\u0127\u0127 u li g\u0127andhom is-sa\u0127\u0127a jie\u0127du posizzjoni kontra t-tmexxija tal-partit. <\/p>\n\n\n\n<p>Hemm min qed isostni li l-istess \u0127a\u0121a tista&#8217; sse\u0127\u0127 f&#8217;G\u0127awdex u fin-Naxxar i\u017cda wie\u0127ed ma jistax ikun \u010bert qabel ji\u0121i dikjarat ir-ri\u017cultat. <\/p>\n\n\n\n<p>Il-Partit, barra l-kumitati sezzjonali fil-lokalitajiet, g\u0127andu wkoll l-organi jew ferg\u0127at. L-ewwel ferg\u0127a li \u0127ar\u0121et b&#8217;dikjarazzjoni ta&#8217; appo\u0121\u0121 unanimu g\u0127all-kap kienet il-ferg\u0127a tan-nisa li x&#8217;aktarx iddiskutiet il-kwistjoni dwar l-allegazzjonijiet ta&#8217; vjolenza domestika li saru minn martu qabel \u0127ar\u0121et mimlija \u0127e\u0121\u0121a fl-appo\u0121\u0121 tag\u0127ha.<\/p>\n\n\n\n<p>Il-ferg\u0127a ta\u017c-\u017cg\u0127a\u017cag\u0127 tidher bierda fl-appo\u0121\u0121 tag\u0127ha g\u0127all-kap.<\/p>\n\n\n\n<p>Hawnhekk jidher li hawn kon\u010bentrazzjoni aktar qawwija ta&#8217; dawk li ma jaqblux. \u0126a\u017cin jag\u0127mel min jikkonkludi li Adrian Delia g\u0127andu l-appo\u0121\u0121 tan-nisa dan kollu g\u0127aliex il-ferg\u0127a tan-nisa taw\u0127 appo\u0121\u0121 unanimu. Daqstantie\u0127or wie\u0127ed ma jistax jikkonkludi li Adrian Delia m&#8217;huwiex popolari ma\u017c-\u017cg\u0127a\u017cag\u0127 g\u0127aliex tal-M\u017bPN huma bierda fil-konfront tieg\u0127u. <\/p>\n\n\n\n<p>Fil-kuntest ta&#8217; dan kollu, x&#8217;inhi l-po\u017cizzjoni ta&#8217; Adrian Delia?<\/p>\n\n\n\n<p>L-g\u0127odda li g\u0127andu b\u017conn il-Partit biex ji\u0121\u0121ieled l-elezzjonijiet hi ristretta minn diversi \u010birkostanzi li ma jiddependux mir-rieda tal-kap. Il-finanzi tal-Partit kienu f&#8217;sitwazzjoni \u0127a\u017cina minn qabel le\u0127aq hu. Dan ifisser li l-Partit m&#8217;g\u0127andux il-mezzi li jimpjega lin-nies u li jwassal il-messa\u0121\u0121 tieg\u0127u.<\/p>\n\n\n\n<p>Barra minn hekk, ftit huma dawk li jikkunsidraw il-minoranza li g\u0127andu l-Partit fil-Parlament b\u0127ala xi gvern alternattiv. Dan ifisser ukoll li ftit huma dawk li je\u0127duhom bis-serjeta&#8217;. <\/p>\n\n\n\n<p>F&#8217;dan il-kuntest, il-Partit ikun irid jara kif jag\u0127mel l-a\u0127jar u\u017cu tar-ri\u017corsi fqar li g\u0127andu. Dawn ir-ri\u017corsi huma l-kumitati sezzjonali u l-ferg\u0127at tal-Partit kif ukoll il-mexxejja tal-komunitajiet li jistg\u0127u jressqu lill-Partit f&#8217;postijiet fejn dawn g\u0127andhom \u010berta influwenza.<\/p>\n\n\n\n<p>Dawn huma s-suldati li jg\u0127ammru fit-toroq li l-PN kien ittraskura g\u0127al snin twal qabel tfa\u010b\u010ba Adrian Delia. U minkejja dan, skond il-kejl ta&#8217; Adrian Delia, wie\u0127ed minn kull g\u0127axra jiddikjaraw bil-miftuh li ma jqisuhx b\u0127ala kap li jistg\u0127u ikollhom il-fidu\u010bja fih. <\/p>\n\n\n\n<p>L-isfida li Adrian Delia g\u0127andu ma&#8217; wi\u010b\u010bu qieg\u0127da hawn. G\u0127andu l-\u0127ila jissostitwixxi lil dawk li ma jridu\u0127x b&#8217;o\u0127rajn li jkunu lesti li jappo\u0121\u0121jawh? Il-minoranzi li hemm kontrih fil-kumitati sezzjonali u fil-ferg\u0127at (u l-ma\u0121\u0121oranzi f&#8217;u\u0127ud minnhom) g\u0127andu l-\u0127ila jwarrabhom u jqieg\u0127ed o\u0127rajn flokhom li jkunu favurih?<\/p>\n\n\n\n<p>Kapa\u010bi li lill-Partit jag\u0127mlu l-qaddej tieg\u0127u? <\/p>\n\n\n\n<p>Hemm sinjal wie\u0127ed li juri \u010bar li, mill-perspettiva ta&#8217; Adrian Delia stess, it-twe\u0121iba g\u0127al din il-mistoqsija hi &#8220;le&#8221;. Il-messa\u0121\u0121 li qed iwassal hu li mhux lest li j\u010bedi g\u0127at-&#8220;tradituri&#8221;, g\u0127al &#8220;grupp ta&#8217; nisa&#8221;, g\u0127al &#8220;erba&#8217; bloggers&#8221; jew, kif po\u0121\u0121iha dan l-a\u0127\u0127ar Pierre Portelli, g\u0127al &#8220;min fl-img\u0127oddi m&#8217;g\u0127amilx su\u010b\u010bess fil-PN u li issa jrid jie\u0127u r-riedni f&#8217;idejh&#8221;. It-tmexxija pre\u017centi tal-PN qatg\u0127et qalbha li qatt tkun tista&#8217; timmobilizza l-appo\u0121\u0121 g\u0127all-politika tag\u0127ha anki fost dawk li ma jaqblux mag\u0127ha.<\/p>\n\n\n\n<p>\u0120aladarba dawn qatg\u0127u qalbhom li qatt jistg\u0127u jirb\u0127u argument  ma&#8217; xi \u2018erba\u2019 bloggers\u2019, kif qatt jistg\u0127u jippretendu li jistg\u0127u jg\u0127elbu lil Joseph Muscat?<\/p>\n","protected":false},"excerpt":{"rendered":"<p>Meta partit politiku jikseb unanimita&#8217; fil-voti miksuba, dan x&#8217;aktarx ji\u0121ri min\u0127abba t-tbag\u0127bis fl-g\u0127add tal-voti. G\u0127alhekk fi\u010b-\u010aina jkollhom ma\u0121\u0121oranzi ta&#8217; madwar 90% fl-&#8220;assemblea nazzjonali tal-poplu&#8221; jew f&#8217;elezzjonijiet immexxijin minn Castro fil-Kuba. G\u0127aldaqtant mhux korrett min iqis dawk l-10% tal-kumitati sezzjonali li Adrian Delia jikkunsidra li ma vvutawx favurih b\u0127ala xi forma ta&#8217; ribeljoni. Kif sej\u0127ilhom Adrian [&hellip;]<\/p>\n","protected":false},"author":1,"featured_media":70731,"comment_status":"open","ping_status":"open","sticky":false,"template":"","format":"standard","meta":[],"categories":[54],"tags":[],"_links":{"self":[{"href":"https:\/\/manueldelia.com\/mt\/wp-json\/wp\/v2\/posts\/70759\/"}],"collection":[{"href":"https:\/\/manueldelia.com\/mt\/wp-json\/wp\/v2\/posts\/"}],"about":[{"href":"https:\/\/manueldelia.com\/mt\/wp-json\/wp\/v2\/types\/post\/"}],"author":[{"embeddable":true,"href":"https:\/\/manueldelia.com\/mt\/wp-json\/wp\/v2\/users\/1\/"}],"replies":[{"embeddable":true,"href":"https:\/\/manueldelia.com\/mt\/wp-json\/wp\/v2\/comments\/?post=70759"}],"version-history":[{"count":4,"href":"https:\/\/manueldelia.com\/mt\/wp-json\/wp\/v2\/posts\/70759\/revisions\/"}],"predecessor-version":[{"id":70787,"href":"https:\/\/manueldelia.com\/mt\/wp-json\/wp\/v2\/posts\/70759\/revisions\/70787\/"}],"wp:featuredmedia":[{"embeddable":true,"href":"https:\/\/manueldelia.com\/mt\/wp-json\/wp\/v2\/media\/70731\/"}],"wp:attachment":[{"href":"https:\/\/manueldelia.com\/mt\/wp-json\/wp\/v2\/media\/?parent=70759"}],"wp:term":[{"taxonomy":"category","embeddable":true,"href":"https:\/\/manueldelia.com\/mt\/wp-json\/wp\/v2\/categories\/?post=70759"},{"taxonomy":"post_tag","embeddable":true,"href":"https:\/\/manueldelia.com\/mt\/wp-json\/wp\/v2\/tags\/?post=70759"}],"curies":[{"name":"wp","href":"https:\/\/api.w.org\/{rel}","templated":true}]}}