{"id":71022,"date":"2019-01-19T17:49:31","date_gmt":"2019-01-19T16:49:31","guid":{"rendered":"https:\/\/manueldelia.com\/?p=71022"},"modified":"2019-01-23T07:32:36","modified_gmt":"2019-01-23T06:32:36","slug":"guest-post-ma-tistax-tittradixxi-partit-li-tkun-warrabt-minnu","status":"publish","type":"post","link":"https:\/\/manueldelia.com\/mt\/2019\/01\/guest-post-ma-tistax-tittradixxi-partit-li-tkun-warrabt-minnu\/","title":{"rendered":"Guest Post: ma tistax tittradixxi partit li tkun warrabt minnu"},"content":{"rendered":"\n<p><em>Miktuba minn\u00a0Lake:<\/em><\/p>\n\n\n\n<figure class=\"wp-block-image\"><img width=\"1000\" height=\"665\" src=\"https:\/\/manueldelia.com\/wp-content\/uploads\/2019\/01\/DZMeBCOW0AAPZCE.jpg\" alt=\"\" class=\"wp-image-70988\" srcset=\"https:\/\/manueldelia.com\/wp-content\/uploads\/2019\/01\/DZMeBCOW0AAPZCE-200x133.jpg 200w, https:\/\/manueldelia.com\/wp-content\/uploads\/2019\/01\/DZMeBCOW0AAPZCE-300x200.jpg 300w, https:\/\/manueldelia.com\/wp-content\/uploads\/2019\/01\/DZMeBCOW0AAPZCE-400x266.jpg 400w, https:\/\/manueldelia.com\/wp-content\/uploads\/2019\/01\/DZMeBCOW0AAPZCE-600x399.jpg 600w, https:\/\/manueldelia.com\/wp-content\/uploads\/2019\/01\/DZMeBCOW0AAPZCE-768x511.jpg 768w, https:\/\/manueldelia.com\/wp-content\/uploads\/2019\/01\/DZMeBCOW0AAPZCE-800x532.jpg 800w, https:\/\/manueldelia.com\/wp-content\/uploads\/2019\/01\/DZMeBCOW0AAPZCE.jpg 1000w\" sizes=\"(max-width: 1000px) 100vw, 1000px\" \/><\/figure>\n\n\n\n<p>Minn dejjem kont kburi li nissejja\u0127 Nazzjonalist. Minn dejjem kont konvint  li l-partit tieg\u0127i u l-bi\u010b\u010ba &#8216;l kbira tal-partitarji jemmnu fl-istess valuri. Valuri li huma msejsa fuq il-prin\u010bipji tad-demokrazija, tal-\u0121ustizzja g\u0127al kul\u0127add u tal-libert\u00e0 tal-kelma. L-istess valuri li Eddie Fenech Adami kien g\u0127allimna ng\u0127o\u017c\u017cu.<\/p>\n\n\n\n<p>Madankollu tul dawn l-a\u0127\u0127ar ftit \u0121img\u0127at, kelli na\u010b\u010betta realta&#8217; li domt nirre\u017cisti l-e\u017cistenza tag\u0127ha g\u0127al \u0127afna \u017cmien. Jekk irridu nkunu onesti, jkollna nammettu li l-mentalita&#8217; tal-bi\u010b\u010ba l-kbira tal-partitarji Nazzjonalisti hi b\u0127al dik tal-partitarji Laburisti. Kulma trid tag\u0127mel biex tinteba\u0127 b&#8217;dan hu li tid\u0127ol fil-media so\u010bjali u taqra&#8217; t-tg\u0127ajjir dirett lejn kull min ja\u017c\u017carda jikkritika lil Adrian Delia. Araw ftit kif dawn jattakkaw lill-persuna filwaqt li l-argument ma jag\u0127tux ka\u017cu. Wie\u0127ed forsi jasal biex jistaqsi: &#8220;G\u0127aliex hemm din il-bidla kollha fejn g\u0127andhom x&#8217;jaqsmu ideat kontrastanti?\u201d. X&#8217;differenza minn \u017cmien Eddie Fenech Adami, Lawrence Gonzi u Simon Busuttil! X&#8217;kien ira\u017c\u017canhom dak i\u017c-\u017cmien?<\/p>\n\n\n\n<p>L-ewwel sinjali tal-bidla kienu dehru hekk kif Adrian Delia lil Daphne Caruana Galizia g\u0127ajjarha \u201cbi\u010b\u010ba blogger\u201d. U minn dakinhas stess, il-media so\u010bjali imtlew bit-tg\u0127ajjir dirett lejn Daphne Caruana Galizia minn dawk l-istess attivisti li ftit xhur qabel appo\u0121\u0121jawha f&#8217;protesti u f&#8217;manifestazzjonijiet pa\u010bifi\u010bi.<\/p>\n\n\n\n<p>G\u0127aliex il-verita&#8217; hi li t-tmexxija tal-partit iddoqq u l-attivisti tal-partit ji\u017cfnu skond id-daqq. Ikun qed jo\u0127lom min ja\u0127seb li l-partitarji Nazzjonalisti ja\u0127sbu b&#8217;mo\u0127\u0127hom u li g\u0127andhom il-\u0127ila li jag\u0127\u017clu s-sewwa u jwarrbu dak li mhux: dawn it-tendenzi kienu tra\u017c\u017cnu biss bis-sa\u0127\u0127a tal-politika koerenti tat-tmexxijiet tal-partit ta&#8217; qabel. Malli Simon Busuttil sejja\u0127 lin-nies fit-toroq biex jiddefendu d-dritt ta&#8217; \u0121urnalista li tgawdi l-liberta&#8217; tal-kelma, dawn in\u0121abru bil-kartelluni f&#8217;idejhom. I\u017cda malli Adrian Delia g\u0127ajjarha \u201cbi\u010b\u010ba blogger\u201d, bdew jarawha kerha u anki ag\u0127ar minn hekk.<\/p>\n\n\n\n<p>Tul dawn l-a\u0127\u0127ar \u0121img\u0127at, smajna lil Adrian Delia jg\u0127ajjar b&#8217;mod \u201cpoetiku\u201d b\u0127ala &#8220;tradituri&#8221; lil dawk kollha li qed jikkritikaw lit-tmexxija tieg\u0127u. Jean Pierre Debono lin-Nazzjonalisti li ja\u0127sbu b&#8217;mo\u0127\u0127hom qallhom li posthom m&#8217;huwiex fil-Partit kemm il-darba ma ji\u017cfnux skond id-daqq tal-mexxej. U filwaqt li l-messa\u0121\u0121i ta&#8217; Clyde Puli, ta&#8217; Debono u ta&#8217; o\u0127rajn bdew isiru aktar \u0127orox, attivisti tal-partit ma ddejqu xejn isegwu dawn il-passi b&#8217;\u0127afna theddid fuq il-media so\u010bjali. Kemm Puli kif ukoll Debono ma tantx qag\u0127du jog\u0127moduha fi kliemhom u ma jidhirx li qatt kellhom xi intenzjoni li joqg\u0127odu jog\u0127moduha.<\/p>\n\n\n\n<p>Lil Jean Pierre Debono u lil dawk li jirra\u0121unaw b\u0127alu nista&#8217; nserr\u0127ilhom rashom li dawk in-Nazzjonalisti li ja\u0127sbu b&#8217;mo\u0127\u0127hom ilhom \u017cmien twil li warrbu lill-partit u ma kinux qed jistennewhom biex ig\u0127idulhom biex iwarrbu. Jien wie\u0127ed minn dawk li g\u0127amilt e\u017catt hekk u lil Adrian Delia inserra\u0127lu rasu li lili ma jistax ig\u0127ajjarni li ttradejt partit li jiena minnufih tlaqt hekk kif intba\u0127t li l-populi\u017cmu \u0127a post il-prin\u010bipji.<\/p>\n\n\n\n<p>L-istorja politika ri\u010benti tag\u0127na tindika li dan il-pajji\u017c g\u0127andu t-tendenza li jtella&#8217; fis-setg\u0127a gvern so\u010bjalista. Pajji\u017cna g\u0127andu elettorat li l-bi\u010b\u010ba l-kbira tieg\u0127u hu Laburist u l-voti tal-partitiarji akkaniti tal-PN m&#8217;humiex bi\u017c\u017cejjed biex irebb\u0127u lill-Partit. Kull meta reba\u0127 il-PN, g\u0127amel dan g\u0127ax irnexxielu jattira l-bi\u010b\u010ba l-kbira ta&#8217; dawk li ja\u0127sbu b&#8217;mo\u0127\u0127hom. Madankollu it-tmexxija pre\u017centi tal-PN qed tkompli tnaffar lil dawn in-nies. Biex kulma fadal huwa biss i\u010b-\u010bap\u010bip tal-fanati\u010bi g\u0127al Adrian Delia u g\u0127al Jean Pierre Debono.<\/p>\n\n\n\n<p>F&#8217;Mejju li \u0121ej, se ni\u0121u wi\u010b\u010b imb&#8217;wi\u010b\u010b mar-realta&#8217;. Dakinhar min se jkollu l-kura\u0121\u0121 ji\u017cfen b&#8217;mod g\u0127ami g\u0127ad-daqq tal-mexxej?<\/p>\n","protected":false},"excerpt":{"rendered":"<p>Miktuba minn\u00a0Lake: Minn dejjem kont kburi li nissejja\u0127 Nazzjonalist. Minn dejjem kont konvint li l-partit tieg\u0127i u l-bi\u010b\u010ba &#8216;l kbira tal-partitarji jemmnu fl-istess valuri. Valuri li huma msejsa fuq il-prin\u010bipji tad-demokrazija, tal-\u0121ustizzja g\u0127al kul\u0127add u tal-libert\u00e0 tal-kelma. L-istess valuri li Eddie Fenech Adami kien g\u0127allimna ng\u0127o\u017c\u017cu. Madankollu tul dawn l-a\u0127\u0127ar ftit \u0121img\u0127at, kelli na\u010b\u010betta realta&#8217; [&hellip;]<\/p>\n","protected":false},"author":1,"featured_media":70988,"comment_status":"open","ping_status":"open","sticky":false,"template":"","format":"standard","meta":[],"categories":[54],"tags":[],"_links":{"self":[{"href":"https:\/\/manueldelia.com\/mt\/wp-json\/wp\/v2\/posts\/71022\/"}],"collection":[{"href":"https:\/\/manueldelia.com\/mt\/wp-json\/wp\/v2\/posts\/"}],"about":[{"href":"https:\/\/manueldelia.com\/mt\/wp-json\/wp\/v2\/types\/post\/"}],"author":[{"embeddable":true,"href":"https:\/\/manueldelia.com\/mt\/wp-json\/wp\/v2\/users\/1\/"}],"replies":[{"embeddable":true,"href":"https:\/\/manueldelia.com\/mt\/wp-json\/wp\/v2\/comments\/?post=71022"}],"version-history":[{"count":5,"href":"https:\/\/manueldelia.com\/mt\/wp-json\/wp\/v2\/posts\/71022\/revisions\/"}],"predecessor-version":[{"id":71052,"href":"https:\/\/manueldelia.com\/mt\/wp-json\/wp\/v2\/posts\/71022\/revisions\/71052\/"}],"wp:featuredmedia":[{"embeddable":true,"href":"https:\/\/manueldelia.com\/mt\/wp-json\/wp\/v2\/media\/70988\/"}],"wp:attachment":[{"href":"https:\/\/manueldelia.com\/mt\/wp-json\/wp\/v2\/media\/?parent=71022"}],"wp:term":[{"taxonomy":"category","embeddable":true,"href":"https:\/\/manueldelia.com\/mt\/wp-json\/wp\/v2\/categories\/?post=71022"},{"taxonomy":"post_tag","embeddable":true,"href":"https:\/\/manueldelia.com\/mt\/wp-json\/wp\/v2\/tags\/?post=71022"}],"curies":[{"name":"wp","href":"https:\/\/api.w.org\/{rel}","templated":true}]}}