{"id":74436,"date":"2019-05-02T12:02:57","date_gmt":"2019-05-02T10:02:57","guid":{"rendered":"https:\/\/manueldelia.com\/?p=74436"},"modified":"2019-05-05T20:42:44","modified_gmt":"2019-05-05T18:42:44","slug":"mill-hazin-se-mmorru-ghall-aghar","status":"publish","type":"post","link":"https:\/\/manueldelia.com\/mt\/2019\/05\/mill-hazin-se-mmorru-ghall-aghar\/","title":{"rendered":"Mill-\u0127a\u017cin se mmorru g\u0127all-ag\u0127ar"},"content":{"rendered":"<p><img class=\"aligncenter size-large wp-image-74407\" src=\"https:\/\/manueldelia.com\/wp-content\/uploads\/2019\/05\/Image-D5Z_2612-25JUN18-1024x683.jpg\" alt=\"\" width=\"1024\" height=\"683\" srcset=\"https:\/\/manueldelia.com\/wp-content\/uploads\/2019\/05\/Image-D5Z_2612-25JUN18-200x133.jpg 200w, https:\/\/manueldelia.com\/wp-content\/uploads\/2019\/05\/Image-D5Z_2612-25JUN18-300x200.jpg 300w, https:\/\/manueldelia.com\/wp-content\/uploads\/2019\/05\/Image-D5Z_2612-25JUN18-400x267.jpg 400w, https:\/\/manueldelia.com\/wp-content\/uploads\/2019\/05\/Image-D5Z_2612-25JUN18-600x400.jpg 600w, https:\/\/manueldelia.com\/wp-content\/uploads\/2019\/05\/Image-D5Z_2612-25JUN18-768x512.jpg 768w, https:\/\/manueldelia.com\/wp-content\/uploads\/2019\/05\/Image-D5Z_2612-25JUN18-800x533.jpg 800w, https:\/\/manueldelia.com\/wp-content\/uploads\/2019\/05\/Image-D5Z_2612-25JUN18.jpg 1024w, https:\/\/manueldelia.com\/wp-content\/uploads\/2019\/05\/Image-D5Z_2612-25JUN18-1200x800.jpg 1200w\" sizes=\"(max-width: 1024px) 100vw, 1024px\" \/><\/p>\n<p><a href=\"http:\/\/www.independent.com.mt\/articles\/2019-05-02\/local-news\/Bill-separating-role-of-Attorney-General-presented-AG-s-prosecutorial-role-will-increase-6736207525\" target=\"_blank\" rel=\"noopener noreferrer\">Il-Ministru Owen Bonnici llum qal li se jxandar abbozz ta&#8217; li\u0121i li se jifred ir-rwoli tal-Avukat \u0120enerali.<\/a> Qed ig\u0127id li se jimplimenta r-rakkomandazzjonijiet tal-Kummissjoni ta&#8217; Venezja, i\u017cda fir-realt\u00e0 m&#8217;hu ser jag\u0127mel xejn minn dan kollu. Hu u jwarrab il-proposti konkreti li g\u0127amlet il-Kummissjoni ta&#8217; Venezja, lil din il-Kummissjoni se jipprova ju\u017caha b\u0127ala paraventu biex i\u017cellaq l-implimentazzjoni ta&#8217; riformi li se jaggravaw is-sitwazzjoni u fl-istess waqt jipprova jbellag\u0127ha li dak li mhux se jinbidel, se jitjieb.<\/p>\n<p>Ter\u0121a&#8217; u tg\u0127id, il-\u0127jiel li tefg\u0127u s&#8217;issa juru li s-sitwazzjoni x&#8217;aktarx se ssir \u0127afna ag\u0127ar milli hi.<\/p>\n<p>B\u0127al kull impjegat g\u0127oli ie\u0127or fis-servizz \u010bivili, l-Avukat \u0120enerali sal-lum g\u0127adu jintag\u0127\u017cel mill-Prim Ministru. Madankollu, minn dejjem kienet il-prassi li kull minn jil\u0127aq Avukat \u0120enerali ikun serva b\u0127ala assistent jew deputat tal-prede\u010bessur tieg\u0127u.<\/p>\n<p>Bis-sa\u0127\u0127a ta&#8217; din is-sistema, \u0127afna drabi la\u0127qu f&#8217;din il-kariga persuni kapa\u010bi u indipendenti li mxew il-quddiem fil-karriera fuq il-mertu tal-kapa\u010bit\u00e0 tag\u0127hom u li ntag\u0127\u017clu mis-superjuri tag\u0127hom wara li jkunu g\u0127addew minn g\u0127arbiel fuq medda ta&#8217; snin.<\/p>\n<p>Din il-prassi dejjem iddistingwiet lill-uffi\u010b\u010bju tal-Avukat \u0120enerali g\u0127alkemm, m&#8217;g\u0127andniex xi ng\u0127idu, organizzazzjoni taf tkun b&#8217;sa\u0127\u0127itha biss jekk min ikun qed imexxiha jkun bniedem tal-affari tieg\u0127u li ma jittollerax lil min jipprova jag\u0127millu l-b\u017cieq fuq imnie\u0127ru. Peter Grech, l-Avukat \u0120enerali tal-lum, huwa e\u010b\u010bezzjoni mill-aktar lampanti min\u0127abba l-karattru dg\u0127ajjef li g\u0127andu.<\/p>\n<p>Il-gvern ser ju\u017ca din l-opportunit\u00e0 b&#8217;ri\u017cq riforma biex iwarrab mill-uffi\u010b\u010bju tal-Avukat \u0120enerali kull tra\u010b\u010ba ta&#8217; indipendenza li huwa mdorri jgawdi s-servizz \u010bivili. Minflok, se jistieden lil kull min huwa interessat biex japplika (g\u0127al \u017cew\u0121 vakanzi) minn fost persuni li mhux ne\u010bessarjament ikunu \u0127admu ta&#8217; prosekuturi.<\/p>\n<p>Ma ng\u0127atawx wisq dettalji i\u017cda, jekk jer\u0121a&#8217; ji\u0121ri b\u0127alma kien \u0121ara&#8217; fl-2016 fir-riformi dwar l-g\u0127a\u017cla tal-\u0121udikanti, dan il-&#8220;kumitat&#8221; se jispi\u010b\u010ba jg\u0127arbel li min hu manifestament ineli\u0121ibbli biex il-Prim Ministru jkun jista&#8217; ja\u0127tar lil min irid hu.<\/p>\n<p>Fi kliem ie\u0127or, il-Prim Ministru xorta wa\u0127da ser tibqag\u0127lu d-diskrezzjoni li ja\u0127tar lil min irid hu ming\u0127ajr ma jkollu x-xkiel li jkollu jissodisfa l-aspettativi ra\u0121jonevoli li tin\u0127atar id-Deputat Avukat \u0120enerali li, tul il-medda tas-snin, uriet li hi persuna kapa\u010bi.<\/p>\n<p>Dawn it-taparsi riformi ma jissodisfawx dak li pproponiet il-Kummissjoni ta&#8217; Venezja biex titjieb il-governanza u s-saltna tad-dritt f&#8217;Malta. Ix-xamma li g\u0127andi fil-fatt hi dawn il-mi\u017curi se jitfg\u0127una aktar lura.<\/p>\n<p>L-Oppo\u017cizzjoni se ti\u0121i mistiedna tag\u0127ti l-appo\u0121\u0121 tag\u0127ha g\u0127al dawn it-tibdiliet, g\u0127alkemm dawn it-tibdiliet jistg\u0127u jse\u0127\u0127u biha jew ming\u0127ajrha. I\u017cda bil-barka tal-Oppo\u017cizzjoni, dawn it-tibdiliet jistg\u0127u jidda\u0127\u0127lu fil-Kostituzzjoni biex b&#8217;hekk il-li\u0121i suprema ta&#8217; nofs kedda li g\u0127andna nkomplu nirran\u0121awha g\u0127all-festi. G\u0127ax, b\u0127al dak li qallu, dan hu li huwa me\u0127tie\u0121.<\/p>\n<p>Mill-\u0127a\u017cin se nkompli sejrin g\u0127all-ag\u0127ar.<\/p>\n","protected":false},"excerpt":{"rendered":"<p>Il-Ministru Owen Bonnici llum qal li se jxandar abbozz ta&#8217; li\u0121i li se jifred ir-rwoli tal-Avukat \u0120enerali. Qed ig\u0127id li se jimplimenta r-rakkomandazzjonijiet tal-Kummissjoni ta&#8217; Venezja, i\u017cda fir-realt\u00e0 m&#8217;hu ser jag\u0127mel xejn minn dan kollu. Hu u jwarrab il-proposti konkreti li g\u0127amlet il-Kummissjoni ta&#8217; Venezja, lil din il-Kummissjoni se jipprova ju\u017caha b\u0127ala paraventu biex i\u017cellaq [&hellip;]<\/p>\n","protected":false},"author":1,"featured_media":74407,"comment_status":"open","ping_status":"open","sticky":false,"template":"","format":"standard","meta":[],"categories":[54],"tags":[],"_links":{"self":[{"href":"https:\/\/manueldelia.com\/mt\/wp-json\/wp\/v2\/posts\/74436\/"}],"collection":[{"href":"https:\/\/manueldelia.com\/mt\/wp-json\/wp\/v2\/posts\/"}],"about":[{"href":"https:\/\/manueldelia.com\/mt\/wp-json\/wp\/v2\/types\/post\/"}],"author":[{"embeddable":true,"href":"https:\/\/manueldelia.com\/mt\/wp-json\/wp\/v2\/users\/1\/"}],"replies":[{"embeddable":true,"href":"https:\/\/manueldelia.com\/mt\/wp-json\/wp\/v2\/comments\/?post=74436"}],"version-history":[{"count":4,"href":"https:\/\/manueldelia.com\/mt\/wp-json\/wp\/v2\/posts\/74436\/revisions\/"}],"predecessor-version":[{"id":74500,"href":"https:\/\/manueldelia.com\/mt\/wp-json\/wp\/v2\/posts\/74436\/revisions\/74500\/"}],"wp:featuredmedia":[{"embeddable":true,"href":"https:\/\/manueldelia.com\/mt\/wp-json\/wp\/v2\/media\/74407\/"}],"wp:attachment":[{"href":"https:\/\/manueldelia.com\/mt\/wp-json\/wp\/v2\/media\/?parent=74436"}],"wp:term":[{"taxonomy":"category","embeddable":true,"href":"https:\/\/manueldelia.com\/mt\/wp-json\/wp\/v2\/categories\/?post=74436"},{"taxonomy":"post_tag","embeddable":true,"href":"https:\/\/manueldelia.com\/mt\/wp-json\/wp\/v2\/tags\/?post=74436"}],"curies":[{"name":"wp","href":"https:\/\/api.w.org\/{rel}","templated":true}]}}