{"id":74525,"date":"2019-05-06T17:59:57","date_gmt":"2019-05-06T15:59:57","guid":{"rendered":"https:\/\/manueldelia.com\/?p=74525"},"modified":"2019-05-09T11:28:03","modified_gmt":"2019-05-09T09:28:03","slug":"michuda-talba-li-ghamel-konrad-mizzi-biex-jinghata-l-fakulta-li-jappella-minn-sentenza-li-permezz-taghha-repubblika-u-simon-busuttil-inghataw-il-permess-li-jintervjenu-fkawza-li-kien-ghamel-dwar-ksu","status":"publish","type":"post","link":"https:\/\/manueldelia.com\/mt\/2019\/05\/michuda-talba-li-ghamel-konrad-mizzi-biex-jinghata-l-fakulta-li-jappella-minn-sentenza-li-permezz-taghha-repubblika-u-simon-busuttil-inghataw-il-permess-li-jintervjenu-fkawza-li-kien-ghamel-dwar-ksu\/","title":{"rendered":"Mi\u010b\u0127uda talba li g\u0127amel Konrad Mizzi biex jing\u0127ata l-fakult\u00e0 li jappella minn sentenza li permezz tag\u0127ha Repubblika u Simon Busuttil ing\u0127ataw il-permess li jintervjenu f&#8217;kaw\u017ca li kien g\u0127amel dwar ksur ta&#8217; drittijietu"},"content":{"rendered":"<p><img class=\"aligncenter size-full wp-image-74518\" src=\"https:\/\/manueldelia.com\/wp-content\/uploads\/2019\/05\/1_konrad_mizzi_9.png.jpeg\" alt=\"\" width=\"684\" height=\"455\" srcset=\"https:\/\/manueldelia.com\/wp-content\/uploads\/2019\/05\/1_konrad_mizzi_9.png-200x133.jpeg 200w, https:\/\/manueldelia.com\/wp-content\/uploads\/2019\/05\/1_konrad_mizzi_9.png-300x200.jpeg 300w, https:\/\/manueldelia.com\/wp-content\/uploads\/2019\/05\/1_konrad_mizzi_9.png-400x266.jpeg 400w, https:\/\/manueldelia.com\/wp-content\/uploads\/2019\/05\/1_konrad_mizzi_9.png-600x399.jpeg 600w, https:\/\/manueldelia.com\/wp-content\/uploads\/2019\/05\/1_konrad_mizzi_9.png.jpeg 684w\" sizes=\"(max-width: 684px) 100vw, 684px\" \/><\/p>\n<p>Il-Qorti Kostituzzjonali llum \u010ba\u0127det talba li saret mill-avukati ta&#8217; Konrad Mizzi sabiex huwa jing\u0127ata l-fakult\u00e0 li jappella minn sentenza li kienet tat li permezz tag\u0127ha Repubblika u d-Deputat Simon Busuttil kienu ng\u0127ataw permess jintervjeni fil-kaw\u017ca li Mizzi kien g\u0127amel u li fiha lmenta li nkisrulu d-drittijiet fundamentali tieg\u0127u bis-sa\u0127\u0127a tal-li\u0121i li tippermetti lil Repubblika u lil Simon Busuttil jippre\u017centaw ilment li huwa kien kiser il-li\u0121i b&#8217;rabta mal-iskandli tal-Panama Papers u ta&#8217; 17 Black.<\/p>\n<p>L-avukati ta&#8217; Konrad Mizzi \u010bedew ukoll it-talba li g\u0127amlu lill-Qorti Kostituzzjonali biex din twaqqaf l-inkjesta li \u0121iet ordnata mill-Ma\u0121istrat Doreen Clarke. L-inkjesta issa ser tkompli sakemm Konrad Mizzi ma&#8217; jappellax direttament mid-de\u010bi\u017cjoni tal-Ma\u0121istrat Clarke.<\/p>\n<p>L-avukati John Bonello u Aron Mifsud Bonnici lill-Qorti qalulha li huma g\u0127andhom jing\u0127ataw il-fakult\u00e0 li jappellaw mid-de\u010bi\u017cjoni tal-Qorti li permezz tag\u0127ha Repubblika u Simon Busuttil ing\u0127ataw il-permess li jintervjeni fil-kaw\u017ca ta&#8217; Konrad Mizzi g\u0127aliex kull appell li jsir wara li tkun inqatg\u0127et is-sentenza jkun wie\u0127ed inutli.<\/p>\n<p>L-avukat Victoria Buttigieg g\u0127all-Avukat \u0120enerali qalet li hi kienet se t\u0127alli f&#8217;idejn il-Qorti dwar kif g\u0127andha tidde\u010biedi.<\/p>\n<p>L-avukat Karol Aquilina g\u0127an-nom ta&#8217; Repubblika u ta&#8217; Simon Busuttil semma&#8217; ka\u017c simili li fih Alfred Degiorgio \u2014 wie\u0127ed mill-persuni mixlija bil-qtil ta&#8217; Daphne Caruana Galizia \u2014 ma ng\u0127atax il-fakult\u00e0 li jappella minn sentenza li ppermettiet lill-membri tal-familja ta&#8217; Daphne Caruana Galizia li jintervjenu fil-kaw\u017ca li dan g\u0127amel fil-Qorti Kostituzzjonali li fiha huwa allega li d-drittijiet fundamentali tieg\u0127u kienu nkisru.<\/p>\n<p>Il-kaw\u017ca issa ser tkompli bi trattazzjoni dwar il-mertu tal-ilment ta&#8217; Konrad Mizzi li d-drittijiet fundamentali tieg\u0127u nkisru bis-sa\u0127\u0127a tal-li\u0121i li tippermetti lil kull \u010bittadin li jilmenta li l-li\u0121i tkun inkisret.<\/p>\n<p><a href=\"https:\/\/www.timesofmalta.com\/articles\/view\/20190506\/opinion\/a-sigh-of-relief-tonio-borg.709192\" target=\"_blank\" rel=\"noopener noreferrer\">Dan huwa su\u0121\u0121ett li tkellem dwaru Tonio Borg, li kien il-Ministru li kien vara l-li\u0121i, f&#8217;artiklu fit-<em>Times of Malta<\/em> tal-lum fejn huwa kiteb li kien &#8220;\u0127a r-ru\u0127&#8221; bis-sentenza li tat il-Ma\u0121istrat Clarke li fiha ordnat li ssir inkjesta.<\/a><\/p>\n<p>Tonio Borg kiteb li s-sentenza li kien ta l-Im\u0127allef Giovanni Grixti f&#8217;Jannar li g\u0127adda u li fiha qaleb digriet ta\u2019 Ma\u0121istrat li ordna t-tnedija ta&#8217; inkjesta fuq talba ta&#8217; Simon Busuttil \u201ckienet qalbet il-li\u0121i rasha l-isfel\u201d.<\/p>\n<p>Id-digriet tal-Ma\u0121istrat Doreen Clarke \u201cre\u0121\u0121a&#8217; l-li\u0121i fit-triq it-tajba\u201d.<\/p>\n<p>Toni Borg kompla jg\u0127id \u201cta&#8217; min ifa\u0127\u0127ar lill-Qorti tal-Ma\u0121istrati li, ffa\u010b\u010bjata kif kienet bl-avversit\u00e0, qalet \u010bar u tond li l-li\u0121i li kienet saret fl-2006 u li permezz tag\u0127ha \u010bittadini u g\u0127aqdiet privati ng\u0127ataw id-dritt li jippre\u017centaw rapport g\u0127at-tnedija ta&#8217; inkjesta, hi rimedju effettiv u effika\u010bi\u201d.<\/p>\n","protected":false},"excerpt":{"rendered":"<p>Il-Qorti Kostituzzjonali llum \u010ba\u0127det talba li saret mill-avukati ta&#8217; Konrad Mizzi sabiex huwa jing\u0127ata l-fakult\u00e0 li jappella minn sentenza li kienet tat li permezz tag\u0127ha Repubblika u d-Deputat Simon Busuttil kienu ng\u0127ataw permess jintervjeni fil-kaw\u017ca li Mizzi kien g\u0127amel u li fiha lmenta li nkisrulu d-drittijiet fundamentali tieg\u0127u bis-sa\u0127\u0127a tal-li\u0121i li tippermetti lil Repubblika u [&hellip;]<\/p>\n","protected":false},"author":1,"featured_media":74518,"comment_status":"open","ping_status":"open","sticky":false,"template":"","format":"standard","meta":[],"categories":[54],"tags":[],"_links":{"self":[{"href":"https:\/\/manueldelia.com\/mt\/wp-json\/wp\/v2\/posts\/74525\/"}],"collection":[{"href":"https:\/\/manueldelia.com\/mt\/wp-json\/wp\/v2\/posts\/"}],"about":[{"href":"https:\/\/manueldelia.com\/mt\/wp-json\/wp\/v2\/types\/post\/"}],"author":[{"embeddable":true,"href":"https:\/\/manueldelia.com\/mt\/wp-json\/wp\/v2\/users\/1\/"}],"replies":[{"embeddable":true,"href":"https:\/\/manueldelia.com\/mt\/wp-json\/wp\/v2\/comments\/?post=74525"}],"version-history":[{"count":4,"href":"https:\/\/manueldelia.com\/mt\/wp-json\/wp\/v2\/posts\/74525\/revisions\/"}],"predecessor-version":[{"id":74599,"href":"https:\/\/manueldelia.com\/mt\/wp-json\/wp\/v2\/posts\/74525\/revisions\/74599\/"}],"wp:featuredmedia":[{"embeddable":true,"href":"https:\/\/manueldelia.com\/mt\/wp-json\/wp\/v2\/media\/74518\/"}],"wp:attachment":[{"href":"https:\/\/manueldelia.com\/mt\/wp-json\/wp\/v2\/media\/?parent=74525"}],"wp:term":[{"taxonomy":"category","embeddable":true,"href":"https:\/\/manueldelia.com\/mt\/wp-json\/wp\/v2\/categories\/?post=74525"},{"taxonomy":"post_tag","embeddable":true,"href":"https:\/\/manueldelia.com\/mt\/wp-json\/wp\/v2\/tags\/?post=74525"}],"curies":[{"name":"wp","href":"https:\/\/api.w.org\/{rel}","templated":true}]}}