{"id":74530,"date":"2019-05-06T18:07:15","date_gmt":"2019-05-06T16:07:15","guid":{"rendered":"https:\/\/manueldelia.com\/?p=74530"},"modified":"2019-05-09T11:29:09","modified_gmt":"2019-05-09T09:29:09","slug":"il-qorti-tisma-t-trattazzjonijiet-fil-kawza-li-ghamlet-repubblika-dwar-l-indipendenza-tal-gudikatura","status":"publish","type":"post","link":"https:\/\/manueldelia.com\/mt\/2019\/05\/il-qorti-tisma-t-trattazzjonijiet-fil-kawza-li-ghamlet-repubblika-dwar-l-indipendenza-tal-gudikatura\/","title":{"rendered":"Il-Qorti tisma&#8217; t-trattazzjonijiet fil-kaw\u017ca li g\u0127amlet Repubblika dwar l-indipendenza tal-\u0121udikatura"},"content":{"rendered":"<p><img class=\"aligncenter size-full wp-image-74522\" src=\"https:\/\/manueldelia.com\/wp-content\/uploads\/2019\/05\/MaltaCourt.jpg\" alt=\"\" width=\"640\" height=\"437\" srcset=\"https:\/\/manueldelia.com\/wp-content\/uploads\/2019\/05\/MaltaCourt-200x137.jpg 200w, https:\/\/manueldelia.com\/wp-content\/uploads\/2019\/05\/MaltaCourt-300x205.jpg 300w, https:\/\/manueldelia.com\/wp-content\/uploads\/2019\/05\/MaltaCourt-400x273.jpg 400w, https:\/\/manueldelia.com\/wp-content\/uploads\/2019\/05\/MaltaCourt-600x410.jpg 600w, https:\/\/manueldelia.com\/wp-content\/uploads\/2019\/05\/MaltaCourt.jpg 640w\" sizes=\"(max-width: 640px) 100vw, 640px\" \/><\/p>\n<p>Il-Prim Awla tal-Qorti \u010aivili llum semg\u0127et it-trattazzjonijiet tal-avukati ta&#8217; Repubblika u tal-Avukat \u0120enerali dwar il-kaw\u017ca li g\u0127amlet Repubblika li permezz tag\u0127ha talbet dikjarazzjoni li s-sitt \u0127atriet ri\u010benti li saru fil-\u0121udikatura ma sarux skond ir-regoli tal-Kummissjoni ta&#8217; Venezja u li g\u0127alhekk dan ifisser li l-\u0121udikatura Maltija m&#8217;hix wa\u0127da indipendenti.<\/p>\n<p>Il-Qorti semg\u0127et it-trattazzjoni ta&#8217; Simon Busuttil u ta&#8217; Karol Aquilina, li t-tnejn dehru g\u0127al Repubblika, dwar ir-ra\u0121unijiet il-g\u0127ala l-istess Qorti g\u0127andha titlob lill-Qorti Ewropea tal-\u0120ustizzja fil-Lussemburgu biex tag\u0127ti <em>ruling<\/em> dwar jekk is-setg\u0127a li g\u0127andu l-Prim Ministru li jag\u0127\u017cel hu il-persuni li g\u0127andhom jin\u0127atru g\u0127all-\u0121udikatura tammontax jew le g\u0127al ksur tal-li\u0121ijiet Ewropej li jorbtu lill-istati membri biex jassikuraw li l-\u0121udikatura tkun wa\u0127da indipendenti.<\/p>\n<p>L-avukati ta&#8217; Repubblika tkellmu wkoll favur it-talba tag\u0127hom biex il-Qorti tordna li jittie\u0127du mi\u017curi <em>ad interim<\/em> sakemm tinqata&#8217; s-sentenza b&#8217;mod finali. Dawn l-avukati wrew it-t\u0127assib tag\u0127hom g\u0127all-fatt li jekk ma jittie\u0127dux dawn il-mi\u017curi <em>ad interim<\/em>, f&#8217;ka\u017c li l-Qorti fl-a\u0127\u0127ar mill-a\u0127\u0127ar ta\u010b\u010betta t-talbiet tag\u0127hom, jista&#8217; jkun hemm konsegwenzi mill-aktar serji fid-dawl tad-de\u010bi\u017cjoni tal-gvern f&#8217;April li g\u0127adda li jkompli g\u0127addej bil-\u0127atriet u dan minkejja l-protest li kien sar kif ukoll il-kaw\u017ca li saret fil-Qorti.<\/p>\n<p>L-Avukat \u0120enerali Peter Grech g\u0127an-nom tal-gvern qal li t-talbiet ta&#8217; Repubblika biex il-ka\u017c ji\u0121i mg\u0127oddi lill-Qorti Ewropea tal-\u0120ustizzja u biex jittie\u0127du mi\u017curi <em>ad interim<\/em> m&#8217;g\u0127andhomx jintlaqg\u0127u.<\/p>\n<p>F&#8217;seduta li damet tliet sig\u0127at, l-Im\u0127allef Mark Chetcuti sema&#8217; t-trattazzjonijiet fil-pre\u017cenza tal-Ministru tal-\u0120ustizzja u tal-avukat personali tal-Prim Ministru Pawlu Lia.<\/p>\n<p>Il-kaw\u017ca issa tinsab differita g\u0127ad-29 ta&#8217; Mejju meta l-Qorti mistennija tidde\u010biedi dwar it-talba ta&#8217; Repubblika biex il-ka\u017c ji\u0121i mg\u0127oddi lill-Qorti Ewropea tal-\u0120ustizzja, dwar it-talba g\u0127at-te\u0127id ta&#8217; mi\u017curi <em>ad interim<\/em> u dwar l-e\u010b\u010bezzjonijiet preliminari li ppre\u017centa l-Avukat \u0120enerali.<\/p>\n","protected":false},"excerpt":{"rendered":"<p>Il-Prim Awla tal-Qorti \u010aivili llum semg\u0127et it-trattazzjonijiet tal-avukati ta&#8217; Repubblika u tal-Avukat \u0120enerali dwar il-kaw\u017ca li g\u0127amlet Repubblika li permezz tag\u0127ha talbet dikjarazzjoni li s-sitt \u0127atriet ri\u010benti li saru fil-\u0121udikatura ma sarux skond ir-regoli tal-Kummissjoni ta&#8217; Venezja u li g\u0127alhekk dan ifisser li l-\u0121udikatura Maltija m&#8217;hix wa\u0127da indipendenti. Il-Qorti semg\u0127et it-trattazzjoni ta&#8217; Simon Busuttil u [&hellip;]<\/p>\n","protected":false},"author":1,"featured_media":74522,"comment_status":"open","ping_status":"open","sticky":false,"template":"","format":"standard","meta":[],"categories":[54],"tags":[],"_links":{"self":[{"href":"https:\/\/manueldelia.com\/mt\/wp-json\/wp\/v2\/posts\/74530\/"}],"collection":[{"href":"https:\/\/manueldelia.com\/mt\/wp-json\/wp\/v2\/posts\/"}],"about":[{"href":"https:\/\/manueldelia.com\/mt\/wp-json\/wp\/v2\/types\/post\/"}],"author":[{"embeddable":true,"href":"https:\/\/manueldelia.com\/mt\/wp-json\/wp\/v2\/users\/1\/"}],"replies":[{"embeddable":true,"href":"https:\/\/manueldelia.com\/mt\/wp-json\/wp\/v2\/comments\/?post=74530"}],"version-history":[{"count":3,"href":"https:\/\/manueldelia.com\/mt\/wp-json\/wp\/v2\/posts\/74530\/revisions\/"}],"predecessor-version":[{"id":74600,"href":"https:\/\/manueldelia.com\/mt\/wp-json\/wp\/v2\/posts\/74530\/revisions\/74600\/"}],"wp:featuredmedia":[{"embeddable":true,"href":"https:\/\/manueldelia.com\/mt\/wp-json\/wp\/v2\/media\/74522\/"}],"wp:attachment":[{"href":"https:\/\/manueldelia.com\/mt\/wp-json\/wp\/v2\/media\/?parent=74530"}],"wp:term":[{"taxonomy":"category","embeddable":true,"href":"https:\/\/manueldelia.com\/mt\/wp-json\/wp\/v2\/categories\/?post=74530"},{"taxonomy":"post_tag","embeddable":true,"href":"https:\/\/manueldelia.com\/mt\/wp-json\/wp\/v2\/tags\/?post=74530"}],"curies":[{"name":"wp","href":"https:\/\/api.w.org\/{rel}","templated":true}]}}