{"id":74837,"date":"2019-05-20T16:47:46","date_gmt":"2019-05-20T14:47:46","guid":{"rendered":"https:\/\/manueldelia.com\/?p=74837"},"modified":"2019-05-21T10:36:36","modified_gmt":"2019-05-21T08:36:36","slug":"dazgur-li-hemm-ir-responsabbilta-politika-mghandniex-xi-nghidu-mhux-bi-hsiebu-jerfagha","status":"publish","type":"post","link":"https:\/\/manueldelia.com\/mt\/2019\/05\/dazgur-li-hemm-ir-responsabbilta-politika-mghandniex-xi-nghidu-mhux-bi-hsiebu-jerfagha\/","title":{"rendered":"Da\u017cgur li hemm ir-responsabbilt\u00e0 politika. M&#8217;g\u0127andniex xi ng\u0127idu, mhux bi \u0127siebu jerfag\u0127ha."},"content":{"rendered":"<p><img class=\"aligncenter size-full wp-image-74826\" src=\"https:\/\/manueldelia.com\/wp-content\/uploads\/2019\/05\/Natius-Farrugia-taht-it-tinda-ma-Joseph.jpg\" alt=\"\" width=\"800\" height=\"533\" srcset=\"https:\/\/manueldelia.com\/wp-content\/uploads\/2019\/05\/Natius-Farrugia-taht-it-tinda-ma-Joseph-200x133.jpg 200w, https:\/\/manueldelia.com\/wp-content\/uploads\/2019\/05\/Natius-Farrugia-taht-it-tinda-ma-Joseph-300x200.jpg 300w, https:\/\/manueldelia.com\/wp-content\/uploads\/2019\/05\/Natius-Farrugia-taht-it-tinda-ma-Joseph-400x267.jpg 400w, https:\/\/manueldelia.com\/wp-content\/uploads\/2019\/05\/Natius-Farrugia-taht-it-tinda-ma-Joseph-600x400.jpg 600w, https:\/\/manueldelia.com\/wp-content\/uploads\/2019\/05\/Natius-Farrugia-taht-it-tinda-ma-Joseph-768x512.jpg 768w, https:\/\/manueldelia.com\/wp-content\/uploads\/2019\/05\/Natius-Farrugia-taht-it-tinda-ma-Joseph.jpg 800w\" sizes=\"(max-width: 800px) 100vw, 800px\" \/><\/p>\n<p><a href=\"https:\/\/lovinmalta.com\/news\/prime-minister-senses-shift-in-maltas-public-mood-on-migrants-what-was-funny-last-week-is-now-unacceptable\" target=\"_blank\" rel=\"noopener noreferrer\">Joseph Muscat issa qed jittanta jikkonvin\u010bina li bis-sa\u0127\u0127a tieg\u0127u l-pajji\u017c qed jikkonverti favur il-multikulturali\u017cmu inklussiv<\/a>. Bil-qerq kollu li jinqala&#8217; \u0127afna g\u0127alih, Muscat qed jipprova j\u0121ieg\u0127elna niddubitaw il-memorja tag\u0127na stess g\u0127aliex li kieku kellna niftakru dak kollu li ilna nafu, konna nifhmu a\u0127jar li l-isparar bl-addo\u010b\u010b minn uffi\u010bjali tal-Istat fuq bnedmin li g\u0127andhom \u0121ilda sewda m&#8217;hi xejn \u0127lief ir-ri\u017cultat mistenni tat-t\u0127addim ta&#8217; politika ta&#8217; pre\u0121udizzju razzjali, ta&#8217; diskriminazzjoni u ta&#8217; mibg\u0127eda istituzzjonalizzata.<\/p>\n<p>Meta kien g\u0127adu ma sarx Prim Ministru, Joseph Muscat kien spalla ma&#8217; spalla ma&#8217; Lawrence Gonzi iwie\u0121eb &#8220;iva&#8221; jew &#8220;le&#8221; g\u0127all-mistoqsijiet ta&#8217; Herman Grech tat-<em>Times of Malta<\/em>. I\u017c-\u017cew\u0121 mexxejja kienu ntalbu jwie\u0121bu din il-mistoqsija: \u201cTaqblu mal-politika ta&#8217; <em>pushback<\/em> lura lejn il-Libja tal-immigranti li ji\u0121u hawn bil-ba\u0127ar ?\u201d<\/p>\n<p>Lawrence Gonzi kien wie\u0121eb billi qal \u2018le\u2019. Minn na\u0127a tieg\u0127u,\u00a0 Joseph Muscat wie\u0121eb \u2018iva\u2019.<\/p>\n<p>Ma kien hemm ebda ambigwit\u00e0 fit-twe\u0121iba tieg\u0127u.<\/p>\n<p>Joseph Muscat kien \u0127addan linja iebsa u razzista. Linja li kien \u0127addanha b\u0127ala parti mill-programm elettorali tal-2013.<\/p>\n<p>Kul\u0127add kien fehem x&#8217;ried ifisser.\u00a0<a href=\"https:\/\/www.timesofmalta.com\/articles\/view\/20130228\/local\/ngos-react-to-muscat-s-push-back-policy.459460\" target=\"_blank\" rel=\"noopener noreferrer\">Araw lill-NGOs jikkritikawh bl-a\u0127rax<\/a> u jwissu bil-perikli ta&#8217; din il-politika. <a href=\"https:\/\/daphnecaruanagalizia.com\/2013\/07\/just-lovely-norman-lowell-gives-his-support-to-joseph-muscat-over-pushback-attempt\/\" target=\"_blank\" rel=\"noopener noreferrer\">U hawn araw lil Norman Lowell ifa\u0127\u0127ar u jwieg\u0127ed kull appo\u0121\u0121 lil Joseph Muscat<\/a>.<\/p>\n<p><a href=\"https:\/\/euobserver.com\/justice\/120817\" target=\"_blank\" rel=\"noopener noreferrer\">Il-Qorti Ewropea tad-Drittijiet tal-Bniedem kellha tintervjeni biex twaqqfu milli jimplimenta l-a\u0121enda tieg\u0127u<\/a>. U meta din waqqfitu, \u0127addan politika li permezz tag\u0127ha kull persuna b&#8217;karna\u0121jon iswed in\u017cammet milli titla&#8217; l-art biex b&#8217;hekk kompla kebbes in-nirien tad-diskriminazzjoni.<\/p>\n<p>F&#8217;dan il-filmat, Joseph Muscat b\u0127ala Kap tal-Oppo\u017cizzjoni jidher jitkellem favur politika indifensibbli\u00a0 li tammonta\u00a0 g\u0127al tindif etniku. Ma riedx jibqa&#8217; jara nies suwed mar-<em>roundabouts<\/em>.<\/p>\n<div class=\"video-shortcode\">\n<div id=\"fb-root\"><\/div>\n<p><script async=\"1\" defer=\"1\" crossorigin=\"anonymous\" src=\"https:\/\/connect.facebook.net\/nl_NL\/sdk.js#xfbml=1&amp;version=v3.3\"><\/script><\/p>\n<div class=\"fb-video\" data-href=\"https:\/\/www.facebook.com\/jack.bristow.507\/videos\/2673891909349489\/\" data-width=\"1100\">\n<blockquote cite=\"https:\/\/www.facebook.com\/jack.bristow.507\/videos\/2673891909349489\/\" class=\"fb-xfbml-parse-ignore\"><p><a href=\"https:\/\/www.facebook.com\/jack.bristow.507\/videos\/2673891909349489\/\"><\/a><\/p>\n<p>With peanuts you get monkeys ~ Muscat??There goes you against yourself.<\/p>\n<p>Geplaatst door <a href=\"https:\/\/www.facebook.com\/jack.bristow.507\">Mario Portelli<\/a> op Zondag 19 mei 2019<\/p><\/blockquote>\n<\/div>\n<\/div>\n<p>Ftit xhur wara li \u0127a s-setg\u0127a f&#8217;idejh, <a href=\"https:\/\/www.timesofmalta.com\/articles\/view\/20190304\/local\/how-the-army-was-taken-over-in-just-three-months.703419\" target=\"_blank\" rel=\"noopener noreferrer\">Joseph Muscat beda&#8217; j\u017carma l-<em>ethos<\/em> tal-armata.<\/a> Huwa \u0127addan politika li permezz tag\u0127ha l-kriterju biex wie\u0127ed jid\u0127ol ja\u0127dem mal-armata ma kompliex ji\u0121i ba\u017cat fuq il-karattru, d-dixxiplina u r-rekord personali tal-applikant i\u017cda fuq il-lejalt\u00e0 lejn Joseph Muscat u l-politika tieg\u0127u. U fi \u0127dan din il-politika hemm il-pre\u0121udizzju istituzzjonalizzat kontra s-suwed.<\/p>\n<p><a href=\"https:\/\/www.newsbook.com.mt\/artikli\/2019\/05\/20\/watch-hal-far-murder-never-heard-for-a-rationale-to-carry-political-responsibility-prime-minister\/?lang=en\" target=\"_blank\" rel=\"noopener noreferrer\">Illum Joseph Muscat qed ig\u0127id li m&#8217;hemm ebda responsabbilt\u00e0 politika x&#8217;tintrefa&#8217; f&#8217;dan il-ka\u017c.<\/a><\/p>\n<p>Din hi r-ra\u0121uni il-g\u0127ala ma jridx it-tnedija ta&#8217; nkjesta pubblika indipendenti. G\u0127aliex jaf li r-ri\u017cultat inevitabbli ta&#8217; nkjesta b\u0127al din x&#8217;aktarx ikun li fil-fatt huwa l-persuna li hu responsabbli g\u0127at-t\u0127addin ta&#8217; politika li \u0127olqot ambjent li wassal g\u0127al dan il-qtil.<\/p>\n<p>Dan ma nistg\u0127u qatt ninsewh u ma nistg\u0127u qatt in\u0127alluh inessihulna.<\/p>\n<p>Bil-wi\u010b\u010b tost kollu Joseph Muscat illum ippre\u017centa ru\u0127u b\u0127ala l-persuna li jista&#8217; jwarrbilna l-pre\u0121udizzji razzjali meta fil-fatt kien proprju hu li kien \u0127e\u0121\u0121e\u0121 dawn il-pre\u0121udizzji u u\u017ca s-setg\u0127a tieg\u0127u biex jimplimenta politika ta&#8217; diskriminazzjoni li pperikolat \u0127ajjet in-nies. Min jaf kemm g\u0127erqu persuni fil-ba\u0127ar min\u0127abba l-politika li \u0127addan Joseph Muscat?<\/p>\n<p>Fi \u017cmien b\u0127al dan li, fit-teorija, kellu jwassal g\u0127al kri\u017ci nazzjonali, Joseph Muscat ma jistax joqg\u0127od jippontifika u dan min\u0127abba r-rekord li g\u0127andu.<\/p>\n<p>Ma jistax ikun ipokrita akbar milli fil-fatt hu.<\/p>\n<p>&nbsp;<\/p>\n<p>&nbsp;<\/p>\n","protected":false},"excerpt":{"rendered":"<p>Joseph Muscat issa qed jittanta jikkonvin\u010bina li bis-sa\u0127\u0127a tieg\u0127u l-pajji\u017c qed jikkonverti favur il-multikulturali\u017cmu inklussiv. Bil-qerq kollu li jinqala&#8217; \u0127afna g\u0127alih, Muscat qed jipprova j\u0121ieg\u0127elna niddubitaw il-memorja tag\u0127na stess g\u0127aliex li kieku kellna niftakru dak kollu li ilna nafu, konna nifhmu a\u0127jar li l-isparar bl-addo\u010b\u010b minn uffi\u010bjali tal-Istat fuq bnedmin li g\u0127andhom \u0121ilda sewda m&#8217;hi [&hellip;]<\/p>\n","protected":false},"author":1,"featured_media":74826,"comment_status":"open","ping_status":"open","sticky":false,"template":"","format":"standard","meta":[],"categories":[54],"tags":[],"_links":{"self":[{"href":"https:\/\/manueldelia.com\/mt\/wp-json\/wp\/v2\/posts\/74837\/"}],"collection":[{"href":"https:\/\/manueldelia.com\/mt\/wp-json\/wp\/v2\/posts\/"}],"about":[{"href":"https:\/\/manueldelia.com\/mt\/wp-json\/wp\/v2\/types\/post\/"}],"author":[{"embeddable":true,"href":"https:\/\/manueldelia.com\/mt\/wp-json\/wp\/v2\/users\/1\/"}],"replies":[{"embeddable":true,"href":"https:\/\/manueldelia.com\/mt\/wp-json\/wp\/v2\/comments\/?post=74837"}],"version-history":[{"count":5,"href":"https:\/\/manueldelia.com\/mt\/wp-json\/wp\/v2\/posts\/74837\/revisions\/"}],"predecessor-version":[{"id":74854,"href":"https:\/\/manueldelia.com\/mt\/wp-json\/wp\/v2\/posts\/74837\/revisions\/74854\/"}],"wp:featuredmedia":[{"embeddable":true,"href":"https:\/\/manueldelia.com\/mt\/wp-json\/wp\/v2\/media\/74826\/"}],"wp:attachment":[{"href":"https:\/\/manueldelia.com\/mt\/wp-json\/wp\/v2\/media\/?parent=74837"}],"wp:term":[{"taxonomy":"category","embeddable":true,"href":"https:\/\/manueldelia.com\/mt\/wp-json\/wp\/v2\/categories\/?post=74837"},{"taxonomy":"post_tag","embeddable":true,"href":"https:\/\/manueldelia.com\/mt\/wp-json\/wp\/v2\/tags\/?post=74837"}],"curies":[{"name":"wp","href":"https:\/\/api.w.org\/{rel}","templated":true}]}}