{"id":7576,"date":"2018-05-17T21:25:09","date_gmt":"2018-05-17T19:25:09","guid":{"rendered":"https:\/\/manueldelia.com\/?p=7576"},"modified":"2018-05-18T20:13:08","modified_gmt":"2018-05-18T18:13:08","slug":"pulizija-ferut-ejjew-inwahhlu-fl-attivisti","status":"publish","type":"post","link":"https:\/\/manueldelia.com\/mt\/2018\/05\/pulizija-ferut-ejjew-inwahhlu-fl-attivisti\/","title":{"rendered":"Pulizija ferut? Ejjew inwa\u0127\u0127lu fl-attivisti."},"content":{"rendered":"<p><img class=\"aligncenter wp-image-7559 size-full\" src=\"https:\/\/manueldelia.com\/wp-content\/uploads\/2018\/05\/WhatsApp-Image-2018-05-17-at-12.11.55.jpeg\" alt=\"\" width=\"1024\" height=\"748\" srcset=\"https:\/\/manueldelia.com\/wp-content\/uploads\/2018\/05\/WhatsApp-Image-2018-05-17-at-12.11.55-300x219.jpeg 300w, https:\/\/manueldelia.com\/wp-content\/uploads\/2018\/05\/WhatsApp-Image-2018-05-17-at-12.11.55-370x270.jpeg 370w, https:\/\/manueldelia.com\/wp-content\/uploads\/2018\/05\/WhatsApp-Image-2018-05-17-at-12.11.55-768x561.jpeg 768w, https:\/\/manueldelia.com\/wp-content\/uploads\/2018\/05\/WhatsApp-Image-2018-05-17-at-12.11.55.jpeg 1024w\" sizes=\"(max-width: 1024px) 100vw, 1024px\" \/><\/p>\n<p>B\u0127alissa membri tal-familja ta&#8217; kuntistabbli tal-pulizija g\u0127addejja minn kalvarju. Waqt li kien qed jaqdi d-dmirijiet tieg\u0127u, \u017cag\u0127\u017cug\u0127 ipprova joqtlu. Suppost g\u0127andi ng\u0127id li allegatament ipprova joqtlu, i\u017cda l-arrest u ta\u0127rika tieg\u0127u fil-Qorti &#8211; g\u0127alkemm ma jnaqqas xejn mill-pre\u017cunzjoni tal-inno\u010benza &#8211; jammontaw g\u0127al suspett ra\u0121jonevoli.<\/p>\n<p>A\u0127na u nistennew li jintemm il-pro\u010bess kriminali, di\u0121a&#8217; nistg\u0127u naraw x&#8217;\u0121ara&#8217; u jkun sewwa jekk nibdew nifformaw il-\u0127sibijiet tag\u0127na.<\/p>\n<p>Dalg\u0127odu &#8211; fil fatt ridt ng\u0127id il-biera\u0127: peress li kelli l-problemi bis-sit, stajt biss intella&#8217; l-kitba tieg\u0127i dalg\u0127odu &#8211; ktibt dwar ir-reazzjoni kwa\u017ci totali li kien hawn ta&#8217; xokk, ta&#8217; rabja u ta&#8217; stmerrija. U ktibt ukoll dwar dawk il-ftit bolo\u0127 li b&#8217;mod pervers g\u0127all-a\u0127\u0127ar fer\u0127u li se\u0127\u0127 l-in\u010bident pre\u017cumibbilment bil-g\u0127an li jattiraw l-attenzjoni u fl-istess waqt jipprovokaw reazzjoni.<\/p>\n<p>Kien missni anti\u010bipajt li tal-Labour se jqisu dan l-in\u010bident b\u0127ala opportunit\u00e0 o\u0127ra biex jag\u0127mlu sarima ma&#8217; \u0127alq il-kriti\u010bi tag\u0127hom. Dan kien missni stennejtu i\u017cda fil-fatt m&#8217;anti\u010bipajtux. G\u0127aliex g\u0127alkemm nibqa&#8217; xxukkjat u ma\u0127sud meta naqra dak li kiteb wie\u0127ed xellerat li jmissu jkun hemm aktar pulizija li jittajru fit-toroq, xorta wa\u0127da \u0127assejtni xxukkjat u ma\u0127sud hekk kif xi rjus kbar tal-Labour u\u017caw dan l-in\u010bident b\u0127ala ballun politiku. Dan ma stennejtux g\u0127ax jien dejjem nassumi li n-nies fil-bi\u010b\u010ba &#8216;l kbira tag\u0127hom huma nies li jemmnu fis-sewwa. Imissni naf a\u0127jar minn hekk.<\/p>\n<p>Aktar kmieni llum uffi\u010bjali tal-Partit Laburista niedew kampanja stil faxxista u xlew lill-attivisti tas-so\u010bjet\u00e0 \u010bivili li b&#8217;xi mod ikkaw\u017caw l-attentat ta&#8217; qtil ta&#8217; kuntistabbli tal-pulizija.<\/p>\n<p>Dan tista&#8217; tipparagunah ma\u017c-\u017cmien meta kien hemm min wa\u0127\u0127al fuq l-avversarji politi\u010bi g\u0127all-\u0127ruq tar-<em>Reichstag<\/em>.<\/p>\n<p>Dawk l-istess politi\u010bi li llum ji\u010b\u0127du li te\u017cisti rabta bejn il-medda ta&#8217; 30 sena jiddemonizzaw lil Daphne Caruana Galizia f&#8217;g\u0127ajnejn is-segwa\u010bi tag\u0127hom u l-assassinju tag\u0127ha issa qed jorbtu l-protesti kontra l-korruzzjoni u kontra l-attakk fuq is-saltna tad-dritt ma&#8217; attentat ta&#8217; qtil li, kundannabbli kemm hu kundannabbli, b&#8217;ebda ti\u0121bid tal-imma\u0121inazzjoni ma tista&#8217; ssejja\u0127lu in\u010bident politiku.<\/p>\n<p>Kull jum li jg\u0127addi qed nassistu g\u0127al attentati ddisprati minn apolo\u0121isti tal-gvern li, permezz ta&#8217; tatti\u010bi ripressivi li kulma jmorru qed ji\u0127raxu, qed ikomplu jag\u0127mlu \u0127sara lid-djalogu politiku f&#8217;dan il-pajji\u017c. Nin\u0127asad meta nara li l-gvern ta&#8217; Joseph Muscat huwa lest li jisfrutta r-rabja \u0121enerali li kien hawn fil-pajji\u017c min\u0127abba t-twettiq ta&#8217; dan id-delitt &#8211; rabja li ovvjament \u0127akmet lili wkoll &#8211;\u00a0 biex jhedded it-tpattija permezz tal-vjolenza fuq l-attivisti tas-so\u010bjet\u00e0 \u010bivili.<\/p>\n<p>Kienet\u00a0Marlene Mizzi li g\u0127o\u0121obha tifta\u0127 is-siparju.<\/p>\n<p><img class=\"aligncenter wp-image-7560 size-full\" src=\"https:\/\/manueldelia.com\/wp-content\/uploads\/2018\/05\/WhatsApp-Image-2018-05-17-at-10.41.30.jpeg\" alt=\"\" width=\"499\" height=\"194\" srcset=\"https:\/\/manueldelia.com\/wp-content\/uploads\/2018\/05\/WhatsApp-Image-2018-05-17-at-10.41.30-300x117.jpeg 300w, https:\/\/manueldelia.com\/wp-content\/uploads\/2018\/05\/WhatsApp-Image-2018-05-17-at-10.41.30.jpeg 499w\" sizes=\"(max-width: 499px) 100vw, 499px\" \/><\/p>\n<p>Aktar tard ittantat iddoqq l-irtirata i\u017cda din il-messanxena m&#8217;hux l-ewwel darba li rajniha sse\u0127\u0127. Kien jiddeletta b&#8217;rimarki b\u0127al dawn Joe Grima, li miet dan l-a\u0127\u0127ar. U mbag\u0127ad t\u0127ajjar je\u0127odlu postu Tony Zarb, g\u0127alkemm ftit g\u0127amel \u0127oss.<\/p>\n<p>Issa li resqin l-elezzjonijiet Ewropej, Marlene Mizzi\u00a0 &#8211; minkejja li x&#8217;aktarx kienet qieg\u0127da t\u0127ossha skomda hi u tipprova politikament tisfrutta l-attentat ta&#8217; qtil ta&#8217; kuntistabbli tal-pulizija li kien fuq ir-ronda &#8211; da\u0127let bir-ras kontra l-protesti li kienu saru dwar in-nuqqas ta&#8217; azzjoni minn na\u0127a tal-Kummissarju tal-Pulizija u ta&#8217; s\u0127abu fuq ka\u017cijiet ta&#8217; korruzzjoni.<\/p>\n<p>M&#8217;g\u0127andniex xi ng\u0127idu, kien minn hawn il-quddiem li t-<em>trolls<\/em> bdew jitfa\u010b\u010baw. Araw lil Karl Stagno Navarra b&#8217;ritratt f&#8217;idejh ta&#8217; dawk li marru jipprotestaw quddiem il-kwartier tal-pulizija qisu propagandist imexxi l-idea li l-\u0127tija g\u0127andha taqa&#8217; fuq kull min mar jipprotesta.<\/p>\n<p><img class=\"aligncenter wp-image-7561 size-full\" src=\"https:\/\/manueldelia.com\/wp-content\/uploads\/2018\/05\/WhatsApp-Image-2018-05-17-at-14.46.24.jpeg\" alt=\"\" width=\"899\" height=\"1599\" srcset=\"https:\/\/manueldelia.com\/wp-content\/uploads\/2018\/05\/WhatsApp-Image-2018-05-17-at-14.46.24-152x270.jpeg 152w, https:\/\/manueldelia.com\/wp-content\/uploads\/2018\/05\/WhatsApp-Image-2018-05-17-at-14.46.24-169x300.jpeg 169w, https:\/\/manueldelia.com\/wp-content\/uploads\/2018\/05\/WhatsApp-Image-2018-05-17-at-14.46.24.jpeg 576w, https:\/\/manueldelia.com\/wp-content\/uploads\/2018\/05\/WhatsApp-Image-2018-05-17-at-14.46.24-768x1366.jpeg 768w\" sizes=\"(max-width: 899px) 100vw, 899px\" \/><\/p>\n<p>X&#8217;g\u0127andhom x&#8217;jaqsmu dawk li jidhru fir-ritratt ma\u017c-\u017cag\u0127\u017cug\u0127 li jinsab mixli bl-attentat ta&#8217; qtil ta&#8217; pulizija? Kif qatt tista&#8217; te\u017cisti rabta bejniethom? Jaqaw il-vittma ta&#8217; dan id-delitt kien isofri mill-istess \u0121rie\u0127i li sofra li kieku ntlaqat mill-ajruplani tal-karti li nxte\u0127tu dakinhar tal-protesta minn dawk li kienu qed jipprotestaw?<\/p>\n<p>Illum il-familja tal-vittma, li g\u0127ad iridu jsiru jafu x&#8217;se ji\u0121ri minnhom fil-\u0121ejjieni, \u0121ew im\u0121ieg\u0127la jsofru dejjem aktar grazzi g\u0127all-fatt li l-g\u0127a\u017ci\u017c tag\u0127hom intu\u017ca b\u0127ala arma minn gvern tirann li b&#8217;disprament liema b\u0127alu qed jipprova jaqbad ma&#8217; kollox biex i\u017comm fil-wi\u010b\u010b u fl-istess waqt biex jipprova jwaqqaf il-protesti.<\/p>\n<p>Jist\u0127oqqilhom kull stmerrija.<\/p>\n<p>&nbsp;<\/p>\n","protected":false},"excerpt":{"rendered":"<p>B\u0127alissa membri tal-familja ta&#8217; kuntistabbli tal-pulizija g\u0127addejja minn kalvarju. Waqt li kien qed jaqdi d-dmirijiet tieg\u0127u, \u017cag\u0127\u017cug\u0127 ipprova joqtlu. Suppost g\u0127andi ng\u0127id li allegatament ipprova joqtlu, i\u017cda l-arrest u ta\u0127rika tieg\u0127u fil-Qorti &#8211; g\u0127alkemm ma jnaqqas xejn mill-pre\u017cunzjoni tal-inno\u010benza &#8211; jammontaw g\u0127al suspett ra\u0121jonevoli. A\u0127na u nistennew li jintemm il-pro\u010bess kriminali, di\u0121a&#8217; nistg\u0127u naraw x&#8217;\u0121ara&#8217; [&hellip;]<\/p>\n","protected":false},"author":1,"featured_media":7559,"comment_status":"open","ping_status":"open","sticky":false,"template":"","format":"standard","meta":[],"categories":[54],"tags":[],"_links":{"self":[{"href":"https:\/\/manueldelia.com\/mt\/wp-json\/wp\/v2\/posts\/7576\/"}],"collection":[{"href":"https:\/\/manueldelia.com\/mt\/wp-json\/wp\/v2\/posts\/"}],"about":[{"href":"https:\/\/manueldelia.com\/mt\/wp-json\/wp\/v2\/types\/post\/"}],"author":[{"embeddable":true,"href":"https:\/\/manueldelia.com\/mt\/wp-json\/wp\/v2\/users\/1\/"}],"replies":[{"embeddable":true,"href":"https:\/\/manueldelia.com\/mt\/wp-json\/wp\/v2\/comments\/?post=7576"}],"version-history":[{"count":5,"href":"https:\/\/manueldelia.com\/mt\/wp-json\/wp\/v2\/posts\/7576\/revisions\/"}],"predecessor-version":[{"id":7595,"href":"https:\/\/manueldelia.com\/mt\/wp-json\/wp\/v2\/posts\/7576\/revisions\/7595\/"}],"wp:featuredmedia":[{"embeddable":true,"href":"https:\/\/manueldelia.com\/mt\/wp-json\/wp\/v2\/media\/7559\/"}],"wp:attachment":[{"href":"https:\/\/manueldelia.com\/mt\/wp-json\/wp\/v2\/media\/?parent=7576"}],"wp:term":[{"taxonomy":"category","embeddable":true,"href":"https:\/\/manueldelia.com\/mt\/wp-json\/wp\/v2\/categories\/?post=7576"},{"taxonomy":"post_tag","embeddable":true,"href":"https:\/\/manueldelia.com\/mt\/wp-json\/wp\/v2\/tags\/?post=7576"}],"curies":[{"name":"wp","href":"https:\/\/api.w.org\/{rel}","templated":true}]}}