{"id":75775,"date":"2019-06-06T09:51:07","date_gmt":"2019-06-06T07:51:07","guid":{"rendered":"https:\/\/manueldelia.com\/?p=75775"},"modified":"2019-06-10T15:20:14","modified_gmt":"2019-06-10T13:20:14","slug":"malta-mitluba-tikkonsulta-dwar-il-qasam-tar-riformi-fil-gustizzja-mal-kummissjoni-ta-venezja","status":"publish","type":"post","link":"https:\/\/manueldelia.com\/mt\/2019\/06\/malta-mitluba-tikkonsulta-dwar-il-qasam-tar-riformi-fil-gustizzja-mal-kummissjoni-ta-venezja\/","title":{"rendered":"Malta mitluba tikkonsulta dwar il-qasam tar-riformi fil-\u0121ustizzja mal-Kummissjoni ta&#8217; Venezja"},"content":{"rendered":"<div id=\"attachment_75680\" style=\"width: 1034px\" class=\"wp-caption aligncenter\"><img aria-describedby=\"caption-attachment-75680\" class=\"size-large wp-image-75680\" src=\"https:\/\/manueldelia.com\/wp-content\/uploads\/2019\/06\/HXJ983-1024x683.jpg\" alt=\"\" width=\"1024\" height=\"683\" srcset=\"https:\/\/manueldelia.com\/wp-content\/uploads\/2019\/06\/HXJ983-200x133.jpg 200w, https:\/\/manueldelia.com\/wp-content\/uploads\/2019\/06\/HXJ983-300x200.jpg 300w, https:\/\/manueldelia.com\/wp-content\/uploads\/2019\/06\/HXJ983-400x267.jpg 400w, https:\/\/manueldelia.com\/wp-content\/uploads\/2019\/06\/HXJ983-600x400.jpg 600w, https:\/\/manueldelia.com\/wp-content\/uploads\/2019\/06\/HXJ983-768x512.jpg 768w, https:\/\/manueldelia.com\/wp-content\/uploads\/2019\/06\/HXJ983-800x533.jpg 800w, https:\/\/manueldelia.com\/wp-content\/uploads\/2019\/06\/HXJ983.jpg 1024w, https:\/\/manueldelia.com\/wp-content\/uploads\/2019\/06\/HXJ983-1200x800.jpg 1200w\" sizes=\"(max-width: 1024px) 100vw, 1024px\" \/><p id=\"caption-attachment-75680\" class=\"wp-caption-text\">HXJ983 Brussels, Belgium. 28th Mar, 2017. Press conference of Minister Justice of Malta Owen Bonnici and Commissioner Vera Jourova at the European Council. Credit: Leo Cavallo\/Alamy Live News<\/p><\/div>\n<p>G\u0127ejjun mill-Kummissjoni Ewropea qaluli li l-Kummissarju g\u0127all-\u0120ustizzja Vera Jourova sa\u0127qet dwar il-\u0127tie\u0121a li r-riformi fil-qasam tal-\u0121ustizzja g\u0127al Malta ji\u0121u mg\u0127arbla sewwa u li l-gvern Malti jikkonsulta mal-Kummissjoni ta&#8217; Venezja.<\/p>\n<p>Dan id-diskors il-Kummissarju Jourova qalitu f&#8217;Mejju li g\u0127adda waqt laqg\u0127a fi Brussel mal-Ministru tal-\u0120ustizzja Owen Bonnici li tkellem mal-Kummissarju dwar il-pjanijiet tieg\u0127u g\u0127all-\u0127olqien ta&#8217; uffi\u010b\u010bju separat g\u0127all-Prosekutur-\u0120enerali u dwar ir-riformi f&#8217;dak li g\u0127andu x&#8217;jaqsam ma&#8217; \u0127atriet fil-\u0121udikatura.<\/p>\n<p>F&#8217;Di\u010bembru li g\u0127adda, tal-Kummissjoni ta&#8217; Venezja kienu tkellmu dwar id-dg\u0127jufijiet kbar li sabu fil-qafas Kostituzzjonali ta&#8217; Malta. Wa\u0127da minn dawn id-dg\u0127jufijiet tinsab fil-kunflitt fir-rwol tal-Avukat \u0120enerali li ja\u0121ixxi ta&#8217; avukat tal-gvern u ta&#8217; prosekutur.<\/p>\n<p>Minn dakinhar &#8216;l hawn, il-gvern ippropona bidliet fil-li\u0121i bil-g\u0127an li jinfirdu r-rwoli i\u017cda naqas li jindirizza kwistjonijiet fundamentali b\u0127alma huma l-fatt li de\u010bi\u017cjonijiet me\u0127uda mill-Avukat \u0120enerali ma jistg\u0127ux ji\u0121u kontestati u l-fatt li l-Avukat \u0120eneral jin\u0127atar mill-Prim Ministru.<\/p>\n<p>Fil-fatt, il-Ministru Owen Bonnici wera&#8217; bi\u010b-\u010bar li l-gvern bi \u0127siebu jibqa&#8217; ja\u0127tar lill-prosekutur \u0121enerali huwa stess u dan minkejja l-problemi li skoprew tal-Kummissjoni ta&#8217; Venezja li huma marbuta mas-setg\u0127at e\u010b\u010bessivi li g\u0127andu l-Prim Ministru fejn jid\u0127lu \u0127atriet ta&#8217; persuni f&#8217;karigi pubbli\u010bi li qeg\u0127din hemm biex ig\u0127arblu l-im\u0121ieba tal-gvern.<\/p>\n<p>Ir-riforma fil-qasam tal-\u0121ustizzja issa saret aktar ur\u0121enti g\u0127ax il-gvern xorta wa\u0127da kompla g\u0127addej bil-\u0127atriet ta&#8217; wie\u0127ed minn g\u0127axra tal-\u0121udikatura kollha u dan minkejja li kien g\u0127adu f&#8217;ta\u0127ditiet mal-Kummissjoni dwar dak li suppost g\u0127andu l-\u0127sieb li jirriforma.<\/p>\n<p>Meta Repubblika ipprotestat fil-Qorti kontra dawn il-\u0127atriet g\u0127ar-ra\u0121uni dawn saru ming\u0127ajr ma ttie\u0127du in konsiderazzjoni l-proposti tal-Kummissjoni ta&#8217; Venezja, l-Avukat \u0120enerali wie\u0121eb fil-Qorti li l-Kummissjoni ta&#8217; Venezja kienet biss entit\u00e0 konsultattiva u li l-gvern ma kienx obbligat li joqg\u0127od fuq il-pariri tag\u0127ha.<\/p>\n<p>Kemm ilha li \u0127ar\u0121et bil-proposti tag\u0127ha f&#8217;Di\u010bembru li g\u0127adda, l-gvern qatt ma qal li kien talab il-gwida tal-Kummissjoni ta&#8217; Venezja dwar ir-riformi li \u0121ew proposti.<\/p>\n<p>G\u0127ejjun mill-Kummissjoni Ewropea qaluli\u00a0 li &#8220;kienu qed isegwu mill-qrib l-i\u017cviluppi li kienu qed ise\u0127\u0127u f&#8217;Malta&#8221;.<\/p>\n<p>Rapport tal-Kumitat dwar il-\u0120ustizzja u dwar id-Drittijiet tal-Bniedem\u00a0 tal-Kunsill tal-Ewropa jg\u0127id li \u201cl-awtoritajiet Maltin g\u0127andhom jimplimentaw b&#8217;ur\u0121enza r-rakkomandazzjonijiet tal-Kummissjoni ta&#8217; Venezja. Dawn ir-rakkomandazzjonijiet g\u0127andhom bixra koerenti u l-implimentazzjoni tag\u0127hom g\u0127andha tie\u0127u forma \u0127olistika. Mhux a\u010b\u010bettabbli li l-gvern jag\u0127\u017cel ir-rakkomandazzjonijiet li jrid u o\u0127rajn iwarrabhom fil-\u0121enb. Il-pro\u010bess ta&#8217; riforma g\u0127andu jkun wie\u0127ed miftu\u0127 u inklussiv&#8221;.<\/p>\n","protected":false},"excerpt":{"rendered":"<p>G\u0127ejjun mill-Kummissjoni Ewropea qaluli li l-Kummissarju g\u0127all-\u0120ustizzja Vera Jourova sa\u0127qet dwar il-\u0127tie\u0121a li r-riformi fil-qasam tal-\u0121ustizzja g\u0127al Malta ji\u0121u mg\u0127arbla sewwa u li l-gvern Malti jikkonsulta mal-Kummissjoni ta&#8217; Venezja. Dan id-diskors il-Kummissarju Jourova qalitu f&#8217;Mejju li g\u0127adda waqt laqg\u0127a fi Brussel mal-Ministru tal-\u0120ustizzja Owen Bonnici li tkellem mal-Kummissarju dwar il-pjanijiet tieg\u0127u g\u0127all-\u0127olqien ta&#8217; uffi\u010b\u010bju separat [&hellip;]<\/p>\n","protected":false},"author":1,"featured_media":75680,"comment_status":"open","ping_status":"open","sticky":false,"template":"","format":"standard","meta":[],"categories":[54],"tags":[],"_links":{"self":[{"href":"https:\/\/manueldelia.com\/mt\/wp-json\/wp\/v2\/posts\/75775\/"}],"collection":[{"href":"https:\/\/manueldelia.com\/mt\/wp-json\/wp\/v2\/posts\/"}],"about":[{"href":"https:\/\/manueldelia.com\/mt\/wp-json\/wp\/v2\/types\/post\/"}],"author":[{"embeddable":true,"href":"https:\/\/manueldelia.com\/mt\/wp-json\/wp\/v2\/users\/1\/"}],"replies":[{"embeddable":true,"href":"https:\/\/manueldelia.com\/mt\/wp-json\/wp\/v2\/comments\/?post=75775"}],"version-history":[{"count":2,"href":"https:\/\/manueldelia.com\/mt\/wp-json\/wp\/v2\/posts\/75775\/revisions\/"}],"predecessor-version":[{"id":75817,"href":"https:\/\/manueldelia.com\/mt\/wp-json\/wp\/v2\/posts\/75775\/revisions\/75817\/"}],"wp:featuredmedia":[{"embeddable":true,"href":"https:\/\/manueldelia.com\/mt\/wp-json\/wp\/v2\/media\/75680\/"}],"wp:attachment":[{"href":"https:\/\/manueldelia.com\/mt\/wp-json\/wp\/v2\/media\/?parent=75775"}],"wp:term":[{"taxonomy":"category","embeddable":true,"href":"https:\/\/manueldelia.com\/mt\/wp-json\/wp\/v2\/categories\/?post=75775"},{"taxonomy":"post_tag","embeddable":true,"href":"https:\/\/manueldelia.com\/mt\/wp-json\/wp\/v2\/tags\/?post=75775"}],"curies":[{"name":"wp","href":"https:\/\/api.w.org\/{rel}","templated":true}]}}