{"id":76260,"date":"2019-06-18T08:05:06","date_gmt":"2019-06-18T06:05:06","guid":{"rendered":"https:\/\/manueldelia.com\/?p=76260"},"modified":"2019-06-19T08:30:43","modified_gmt":"2019-06-19T06:30:43","slug":"rizenja-xrizenja","status":"publish","type":"post","link":"https:\/\/manueldelia.com\/mt\/2019\/06\/rizenja-xrizenja\/","title":{"rendered":"Ri\u017cenja? X&#8217;ri\u017cenja?"},"content":{"rendered":"<p><img class=\"aligncenter size-full wp-image-76233\" src=\"https:\/\/manueldelia.com\/wp-content\/uploads\/2019\/06\/file-2.aspx_.jpeg\" alt=\"\" width=\"630\" height=\"340\" srcset=\"https:\/\/manueldelia.com\/wp-content\/uploads\/2019\/06\/file-2.aspx_-200x108.jpeg 200w, https:\/\/manueldelia.com\/wp-content\/uploads\/2019\/06\/file-2.aspx_-300x162.jpeg 300w, https:\/\/manueldelia.com\/wp-content\/uploads\/2019\/06\/file-2.aspx_-400x216.jpeg 400w, https:\/\/manueldelia.com\/wp-content\/uploads\/2019\/06\/file-2.aspx_-600x324.jpeg 600w, https:\/\/manueldelia.com\/wp-content\/uploads\/2019\/06\/file-2.aspx_.jpeg 630w\" sizes=\"(max-width: 630px) 100vw, 630px\" \/><\/p>\n<p>G\u0127andu mnejn ikun jum interessanti fil-qorti llum. Lil Pierre Portelli g\u0127andha ssirlu kontro-e\u017cami fil-kaw\u017ca li jien kont g\u0127amilt f&#8217;Awwissu li g\u0127adda kontra l-PN g\u0127ar-ra\u0121uni li huwa &#8211; b&#8217;ammissjoni tieg\u0127u stess &#8211; idde\u010bieda li ma jxandarx stqarrija b&#8217;risposta g\u0127al rappurta\u0121\u0121 qarrieqi minn na\u0127a ta&#8217; Net TV. Dawn kienu qalu li jien kont gdibt dwar Adrian Delia u gidbu wkoll dwar dak li kont g\u0127idt.<\/p>\n<p>Il-qofol tal-istorja hu li jekk ta\u0127sbu li bir-ri\u017cenja drammatika tal-lejl li g\u0127adda, Pierre Portelli \u010beda l-armi jew g\u0127amel xi rtirata b&#8217;dinjit\u00e0, jkun a\u0127jar jekk ter\u0121g\u0127u ta\u0127sbuha sewwa.<\/p>\n<p>Er\u0121g\u0127u ag\u0127tu daqqa t&#8217;g\u0127ajn lejn il-kontenut tal-ittra tieg\u0127u.<\/p>\n<p><img class=\"aligncenter size-large wp-image-76235\" src=\"https:\/\/manueldelia.com\/wp-content\/uploads\/2019\/06\/64557789_10219783959139381_3606988946216583168_o-768x1024.jpg\" alt=\"\" width=\"768\" height=\"1024\" srcset=\"https:\/\/manueldelia.com\/wp-content\/uploads\/2019\/06\/64557789_10219783959139381_3606988946216583168_o-200x267.jpg 200w, https:\/\/manueldelia.com\/wp-content\/uploads\/2019\/06\/64557789_10219783959139381_3606988946216583168_o-225x300.jpg 225w, https:\/\/manueldelia.com\/wp-content\/uploads\/2019\/06\/64557789_10219783959139381_3606988946216583168_o-400x533.jpg 400w, https:\/\/manueldelia.com\/wp-content\/uploads\/2019\/06\/64557789_10219783959139381_3606988946216583168_o-600x800.jpg 600w, https:\/\/manueldelia.com\/wp-content\/uploads\/2019\/06\/64557789_10219783959139381_3606988946216583168_o.jpg 768w, https:\/\/manueldelia.com\/wp-content\/uploads\/2019\/06\/64557789_10219783959139381_3606988946216583168_o-800x1067.jpg 800w, https:\/\/manueldelia.com\/wp-content\/uploads\/2019\/06\/64557789_10219783959139381_3606988946216583168_o-1200x1600.jpg 1200w\" sizes=\"(max-width: 768px) 100vw, 768px\" \/><\/p>\n<p>F&#8217;ebda \u0127in ma jerfa&#8217; r-responsabbilt\u00e0 g\u0127all-istat miskin li jinsab fih il-PN. Lanqas ma jfittex li jipprote\u0121i lill-kbir mexxej elett demokratikament mit-tesserati g\u0127ar-ra\u0121uni li huwa stess sar aljenazzjoni kbira g\u0127all-kampanji favolu\u017ci ta&#8217; Adrian Delia.<\/p>\n<p>Pierre Portelli mhux talli ma \u010bediex l-armi i\u017cda jidher li l-armi lest ju\u017cahom biex jipprova jeqred lil dawk li f&#8217;g\u0127ajnejh huma l-g\u0127edewwa.<\/p>\n<p>Pierre Portelli jidher li se jkompli g\u0127addej b&#8217;dak li ilu jag\u0127mel f&#8217;dawn l-a\u0127\u0127ar xhur: jispara fuq dawk li ilhom jivvutaw PN kemm ilhom \u0127ajjin b\u0127allikieku jixtieq li jag\u0127tihom ra\u0121uni jew motivazzjoni biex ma jkomplux jivvutaw lil dan il-partit. Fl-ittra tar-ri\u017cenja tieg\u0127u kiteb li, issa li \u0127alla l-impjieg tieg\u0127u mal-PN, jibqa&#8217; \u201cMalti u Nazzjonalist\u201d li g\u0127andu l-libert\u00e0 kollha li jwe\u0121\u0121a&#8217; lil kull min f&#8217;g\u0127ajnejh huwa g\u0127adu tieg\u0127u.<\/p>\n<p>Il-fatt juru li ma nbidel kwa\u017ci xejn. Waqt li kien fl-impjieg mal-PN, g\u0127amel u\u017cu s\u0127i\u0127 tal-kariga tieg\u0127u fin-Net TV biex jissodisfa l-fissazzjonijiet li g\u0127andu. Nista&#8217; nsemmi l-mod kif ipprova jikkalunja lill-attivisti tal-<em>Occupy Justice<\/em> billi g\u0127ajjarhom frodisti u qattiela tat-trabi. Insemmi wkoll il-mod kif kien jordna lill-\u0127addiema ta&#8217; ta\u0127tu biex jinjoraw kull storja relatata mal-attivi\u017cmu ta&#8217; kontra l-korruzzjoni. U anki l-mod dwar kif kien jordna lill-\u0127addiema biex jinjoraw il-fatt li \u0121urnalista, li kienet kittieba regolari fil-\u0121urnali li fl-img\u0127oddi kellu rabta mag\u0127hom, \u0121iet assassinata permezz ta&#8217; karrozza-bomba x&#8217;aktarx min\u0127abba l-istejjer li hi kienet kitbet u li kien xandarhom huwa stess.<\/p>\n<p>Ilu g\u0127addej b&#8217;kru\u010bjata personali biex ming\u0127alih ipatti g\u0127all-fatt li huwa \u0127afna inqas kwalifikat milli ja\u0127seb g\u0127all-kariga li kellu: mhux biss m&#8217;g\u0127arafx jikkontrolla l-lan\u017cit li g\u0127andu i\u017cda jinsab ukoll mikul bil-g\u0127ali g\u0127ax nteba\u0127 li fil-professjoni tieg\u0127u m&#8217;g\u0127andux il-\u0127iliet li g\u0127andu \u0127addie\u0127or.<\/p>\n<p>Huwa l-Qaddis Patrun tal-Medjokritajiet u jinsab lest li ji\u0121\u0121ieled battalja g\u0127an-nom tag\u0127hom.<\/p>\n<p>Il-biera\u0127 filg\u0127axija tg\u0127idx kemm tbaqbaq waqt laqg\u0127a tal-Kumitat E\u017cekuttiv. G\u0127andu l-istess fissazzjoni patetika ta&#8217; tant ir\u0121iel b&#8217;mo\u0127\u0127 \u010bkejken &#8211; ir\u0121iel li Daphne Caruana Galizia kienet ixxommhom u tqaxxarhom permezz tal-kitba tag\u0127ha &#8211; li kienu m\u0121ieg\u0127la jiffokaw u jwa\u0127\u0127lu fuq mara wa\u0127da l-fissazzjonijiet, il-frustrazzjonijiet u n-nuqqasijiet tag\u0127hom.<\/p>\n<p>Qalilhom li dak li se\u0127\u0127 kien kollu tort ta&#8217; Daphne Caruana Galizia minkejja l-fatt li din ilha nieqsa g\u0127al dawn l-a\u0127\u0127ar 20 xahar. Qal ukoll li din riedet teqred lil Adrian Delia. Apparti l-fatt li diskors b\u0127al dan ma jaqbel xejn mal-karattru li kellha, kien missu wera&#8217; ndiema li g\u0127a\u017cel li jinjora l-parir li kienet tag\u0127tu u li jag\u0127ti ka\u017c it-twissijiet tag\u0127ha li kien qed jappo\u0121\u0121ja \u017ciemel li kien ser ikisser l-a\u0127\u0127ar tama g\u0127ad-demokrazija Maltija: il-Partit Nazzjonalista.<\/p>\n<p>Kienet wissietu biex i\u0127addem mo\u0127\u0127u u mhux jappo\u0121\u0121ja ba\u0127nan mimli dellijiet li ma kellu esperjenza ta&#8217; xejn, la fil-politika attiva u wisq inqas fit-tmexxija ta&#8217; partit politiku.<\/p>\n<p>Kienet wissiet lilu fl-istess waqt li wissiet lilna li kienet se xxandar dak kollu li kienet taf dwaru. Huwa ma tahiex widen. Kif ma tawhiex widen il-bi\u010b\u010ba &#8216;l kbira tat-tesserati. Bosta minn dawn it-tesserati issa qed jisg\u0127obbihom li kienu njoraw it-twissijiet tag\u0127ha: dawn issa qed jifhmu s-sinjifikat tal-istejjer li kienet xandret u g\u0127andhom indiema li spi\u010b\u010baw ngidmu meta g\u0127a\u017clu lil min dak il-\u0127in deher b\u0127ala bniedem frisk u e\u010b\u010bitanti. Bniedem li mal-medda ta\u017c-\u017cmien inkixef ta&#8217; li hu: nkompetenti, mkabbar u tal-mist\u0127ija.<\/p>\n<p>\u010aertament Pierre Portelli m&#8217;huwiex g\u0127aref daqs dawk it-tesserati migduma. F&#8217;g\u0127ajnejh, \u0127addie\u0127or li kkritika l-g\u0127a\u017cla tieg\u0127u g\u0127al mexxej tal-PN m&#8217;g\u0127andux ra\u0121un u jinsab determinat li lil dawn iwe\u0121\u0121ag\u0127hom talli ma jarawx g\u0127ajn m&#8217;g\u0127ajn mieg\u0127u.<\/p>\n<p>Daphne Caruana Galizia qatt ma kienet mira fa\u010bli g\u0127alkemm issa m&#8217;g\u0127adhom jidwu l-argumenti tag\u0127ha, l-anali\u017ci \u010bara li kellha tal-fatti u dixxerniment tag\u0127ha. Huwa aktar fa\u010bli g\u0127alih issa li jwa\u0127\u0127al fiha. U forsi li issa wie\u0127ed jista&#8217; japprezza aktar dwar kif tan-Net u tas-Super One saru qishom le\u0127en wie\u0127ed f&#8217;dak li huwa rappurtar dwar il-korruzzjoni, dwar l-im\u0121ieba \u0127a\u017cina u dwar il-medjokrit\u00e0 patolo\u0121ika li te\u017cisti fis-servizz pubbliku. E\u017catt b\u0127al Joseph Muscat, Pierre Portelli g\u0127adu jit\u0127assar lilu nnifsu min\u0127abba l-kritika &#8220;iebsa&#8221; ta&#8217; Daphne Caruana Galizia.<\/p>\n<p>M&#8217;g\u0127andniex xi ng\u0127idu, r-rabja ta&#8217; Pierre Portelli ma tiqafx hemm. G\u0127ad g\u0127andu lista twila bl-ismijiet ta&#8217; dawk li g\u0127ad irid ipattihielhom. Waqt il-laqg\u0127a tal-Kunitat E\u017cekuttiv, lil tal-<em>Occupy Justice<\/em> xliehom li riedu jimminaw lil Adrian Delia. B\u0127as-soltu, fehemha minn sieqha. <em>Occupy Justice<\/em> in\u0127oloq biex jag\u0127mel tajjeb g\u0127an-nuqqas totali ta&#8217; Adrian Delia li jie\u0127u azzjoni dwar l-assassinju ta&#8217; \u0121urnalista. U ta&#8217; din in-nuqqas ta&#8217; azzjoni huwa responsabbli Pierre Portelli daqs kemm ja\u0127ti g\u0127aliha Adrian Delia.<\/p>\n<p>Dak il-grupp ta&#8217; nisa li refa&#8217; r-responsabbilt\u00e0 li ji\u0121\u0121ieled il-\u0121lieda li hu dde\u010bieda li jirrinunzja g\u0127aliha m&#8217;hemmx dubju ser ikunu fil-mira ta&#8217; Pierre Portelli.<\/p>\n<p>Il-biera\u0127 filg\u0127axija lili semmieni wkoll. Feta\u0127 attakk fuq dawk il-membri tal-Kumitat E\u017cekuttiv li a\u017c\u017cardaw ikellmu lili, talli a\u017c\u017cardaw ikunu l-avukati ta&#8217; organizzazzjoni li jien nag\u0127mel parti minnha u talli dawn a\u017c\u017cardaw li jiddefeduni fil-qorti.<\/p>\n<p>Jekk int ming\u0127alik li Pierre Portelli rri\u017cenja g\u0127ax idde\u010bieda li ma jkomplix jag\u0127mel il-\u0127sara lill-PN, a\u0127jar ter\u0121a&#8217; ta\u0127sibha sew. Ara ma tmorrux ta\u0127sbu li din ir-ri\u017cenja saret biex twitti t-triq biex Adrian Delia jwarrab ukoll. Irri\u017cenja biex il-gwerra jkompliha minn barra d-Dar \u010aentrali.<\/p>\n<p>M&#8217;hemmx dubju li f&#8217;dan ir-rwol \u0121did, mhux ser jaqta&#8217; sandar. Il-battalji politi\u010bi ma tistax ti\u0121\u0121ilidhom jekk tkun maqtug\u0127 mir-realt\u00e0. U dan kien il-gwaj ta&#8217; Pierre Portelli minn dakinhar li dde\u010bieda li jinjora l-parir li kienet Daphne Caruana Galizia biex i\u017comm &#8216;il bog\u0127od minn Adrian Delia.<\/p>\n<p>Illum suppost g\u0127andu jitla&#8217; jixhed. Mhux l-ewwel darba li telg\u0127a l-qorti biex jitkellem kontra g\u0127edewwa li jinsabu fl-imma\u0121inazzjoni tieg\u0127u. Jista&#8217; jkun li llum ser jag\u0127mel l-istess \u0127a\u0121a. Issa aktar u aktar li m&#8217;g\u0127adux nominalment responsabbli g\u0127all-\u0127sara li g\u0127amel lill-partit li hu jg\u0127id li tant i\u0127obb.<\/p>\n","protected":false},"excerpt":{"rendered":"<p>G\u0127andu mnejn ikun jum interessanti fil-qorti llum. Lil Pierre Portelli g\u0127andha ssirlu kontro-e\u017cami fil-kaw\u017ca li jien kont g\u0127amilt f&#8217;Awwissu li g\u0127adda kontra l-PN g\u0127ar-ra\u0121uni li huwa &#8211; b&#8217;ammissjoni tieg\u0127u stess &#8211; idde\u010bieda li ma jxandarx stqarrija b&#8217;risposta g\u0127al rappurta\u0121\u0121 qarrieqi minn na\u0127a ta&#8217; Net TV. Dawn kienu qalu li jien kont gdibt dwar Adrian Delia [&hellip;]<\/p>\n","protected":false},"author":1,"featured_media":76233,"comment_status":"open","ping_status":"open","sticky":false,"template":"","format":"standard","meta":[],"categories":[54],"tags":[],"_links":{"self":[{"href":"https:\/\/manueldelia.com\/mt\/wp-json\/wp\/v2\/posts\/76260\/"}],"collection":[{"href":"https:\/\/manueldelia.com\/mt\/wp-json\/wp\/v2\/posts\/"}],"about":[{"href":"https:\/\/manueldelia.com\/mt\/wp-json\/wp\/v2\/types\/post\/"}],"author":[{"embeddable":true,"href":"https:\/\/manueldelia.com\/mt\/wp-json\/wp\/v2\/users\/1\/"}],"replies":[{"embeddable":true,"href":"https:\/\/manueldelia.com\/mt\/wp-json\/wp\/v2\/comments\/?post=76260"}],"version-history":[{"count":5,"href":"https:\/\/manueldelia.com\/mt\/wp-json\/wp\/v2\/posts\/76260\/revisions\/"}],"predecessor-version":[{"id":76277,"href":"https:\/\/manueldelia.com\/mt\/wp-json\/wp\/v2\/posts\/76260\/revisions\/76277\/"}],"wp:featuredmedia":[{"embeddable":true,"href":"https:\/\/manueldelia.com\/mt\/wp-json\/wp\/v2\/media\/76233\/"}],"wp:attachment":[{"href":"https:\/\/manueldelia.com\/mt\/wp-json\/wp\/v2\/media\/?parent=76260"}],"wp:term":[{"taxonomy":"category","embeddable":true,"href":"https:\/\/manueldelia.com\/mt\/wp-json\/wp\/v2\/categories\/?post=76260"},{"taxonomy":"post_tag","embeddable":true,"href":"https:\/\/manueldelia.com\/mt\/wp-json\/wp\/v2\/tags\/?post=76260"}],"curies":[{"name":"wp","href":"https:\/\/api.w.org\/{rel}","templated":true}]}}