{"id":76692,"date":"2019-07-09T16:21:30","date_gmt":"2019-07-09T14:21:30","guid":{"rendered":"https:\/\/manueldelia.com\/?p=76692"},"modified":"2019-07-10T08:56:39","modified_gmt":"2019-07-10T06:56:39","slug":"il-faccata-l-ohra-tal-munita","status":"publish","type":"post","link":"https:\/\/manueldelia.com\/mt\/2019\/07\/il-faccata-l-ohra-tal-munita\/","title":{"rendered":"Il-fa\u010b\u010bata l-o\u0127ra tal-munita"},"content":{"rendered":"<p><img class=\"aligncenter size-full wp-image-76681\" src=\"https:\/\/manueldelia.com\/wp-content\/uploads\/2019\/07\/george_hyzler_swearing_in.jpg\" alt=\"\" width=\"684\" height=\"456\" srcset=\"https:\/\/manueldelia.com\/wp-content\/uploads\/2019\/07\/george_hyzler_swearing_in-200x133.jpg 200w, https:\/\/manueldelia.com\/wp-content\/uploads\/2019\/07\/george_hyzler_swearing_in-300x200.jpg 300w, https:\/\/manueldelia.com\/wp-content\/uploads\/2019\/07\/george_hyzler_swearing_in-400x267.jpg 400w, https:\/\/manueldelia.com\/wp-content\/uploads\/2019\/07\/george_hyzler_swearing_in-600x400.jpg 600w, https:\/\/manueldelia.com\/wp-content\/uploads\/2019\/07\/george_hyzler_swearing_in.jpg 684w\" sizes=\"(max-width: 684px) 100vw, 684px\" \/><\/p>\n<p>Jista&#8217; ikollok disg\u0127a u disg\u0127in elf, disa&#8217; mija u disg\u0127a u disg\u0127in xjentist li b&#8217;le\u0127en wie\u0127ed ig\u0127idulek li \u017c-\u017cjieda katastrofika fis-s\u0127ana madwar id-dinja ja\u0127ti g\u0127aliha l-bniedem. I\u017cda dejjem ser issib lil xi \u0127add li, jekk i\u017c\u017coqqu sewwa u tag\u0127tih l-attenzjoni li jkun \u0127erqan g\u0127aliha, l-fehma ta&#8217; dawn ix-xjentisti kollha jkun lest li jmeriha.<\/p>\n<p>Jekk fuq it-telvi\u017cjoni jkollok rappre\u017centant tad-99,999 xjentist flimkien ma&#8217; dak li jkun lest jg\u0127id li hi biss qlajja li t-temp madwar id-dinja qieg\u0127ed jis\u0127on b&#8217;rata mg\u0127a\u0121\u0121la, jkollok \u017cew\u0121 fehmiet. U jekk int bniedem li ma tkunx trid tisma&#8217; b&#8217;a\u0127barijiet \u0127\u017ciena, bejnek u bejn ru\u0127ek tista&#8217; tg\u0127id li ma tafx lil min ser taqbad temmen.<\/p>\n<p>Din m&#8217;hi xejn \u0127lief ix-xjenza tal-qerq.<\/p>\n<p><a href=\"https:\/\/timesofmalta.com\/articles\/view\/pm-reacts-to-standards-commissioner-report-need-to-study-counter.720034\" target=\"_blank\" rel=\"noopener noreferrer\">Ir-reazzjoni ta&#8217; Joseph Muscat g\u0127ar-rapport tal-Kummissjarju dwar l-Istandards dwar l-impjiegi li ng\u0127ataw lil deputati parlamentari tal-Labour kienet fis-sens li g\u0127andu jkun hemm ukoll perspettiva o\u0127ra g\u0127all-fehma ta&#8217; George Hyzler u li din il-perspettiva g\u0127andha ti\u0121i mg\u0127arbla wkoll.<\/a><\/p>\n<p>George Hyzler \u0121ibed l-attenzjoni g\u0127all-fatt li skont il-Kostituzzjoni ta&#8217; Malta, g\u0127andu jkun hemm is-separazzjoni tas-setg\u0127at u li l-membri parlamentari ma jistg\u0127ux jag\u0127mlu parti mill-e\u017cekuttiv (ji\u0121ifieri mill-gvern) sakemm ma jkunux \u0121ew ma\u0127tura b\u0127ala Ministri. Ma tistax tkun parti mill-gvern u tag\u0127mel l-g\u0127assa fuq l-istess gvern fl-istess \u0127in.<\/p>\n<p>Semma&#8217; wkoll li s-servizz \u010bivili dejjem huwa mistenni li j\u017comm il-bog\u0127od mill-politika sabiex b&#8217;hekk ikun f&#8217;po\u017cizzjoni li ja\u0127dem b&#8217;mod effettiv ikun x&#8217;ikun il-programm li jkun intag\u0127\u017cel mill-elettorat u fl-istess waqt jin\u017camm element ta&#8217; kontinwit\u00e0 hekk kif jinbidlu l-Ministri. Din hija proprju r-ra\u0121uni g\u0127ala l-\u0127addiema tas-servizz \u010bivili jridu joqg\u0127odu g\u0127ar-regolamenti ta&#8217; Kodi\u010bi tal-Etika li jipprovdu li g\u0127andhom i\u017commu &#8216;l bog\u0127od mill-politika parti\u0121\u0121jana meta jkunu qed jokkupaw gradi g\u0127oljin fis-servizz. I\u017cda jekk dawn ikunu membri parlamentari wkoll, ma jistg\u0127ux i\u017commu &#8216;l bog\u0127od mill-politika. G\u0127aliex il-politika hi parti mix-xog\u0127ol tag\u0127hom.<\/p>\n<p>Hemm o\u0127rajn li g\u0127andhom l-istess fehma ta&#8217; George Hyzler.<\/p>\n<p>Meta l-Kumitat dwar Affarijiet Legali tal-Kunsill tal-Ewropa &#8211; l-istess kumitat li dan l-a\u0127\u0127ar ippre\u017centa rapport mill-aktar kritiku dwar Malta lill-Assemblea Parlamentari &#8211; kien qed jidde\u010biedi dwar jekk g\u0127andhiex ti\u0121i nvoluta l-Kummissjoni ta&#8217; Venezja, w\u0127ud mill-membri tag\u0127ha tant kienu skantaw bil-fatt li membri parlamentari kienu qed ji\u0121u mpjegati mill-gvern, li dehrilhom li kellha tittie\u0127ed azzjoni.<\/p>\n<p>F&#8217;Malta, e\u017catt b\u0127alma ji\u0121ri fir-Renju Unit, il-Ministri jintag\u0127\u017clu minn fost il-membri tal-Parlament. Din is-sistema di\u0121\u00e0 hi redikola kif inhi. I\u017cda fir-Renju Unit je\u017cistu regoli li ji\u017cguraw li ma jkunx hemm aktar minn \u010bertu numru ta&#8217; membri parlamentari minn na\u0127a tal-gvern li jing\u0127ataw salarju g\u0127ax-xog\u0127ol amministrattiv li jwettqu. Dan biex ji\u0121i \u017cgurat li jkun hemm numru bi\u017c\u017cejjed ta&#8217; membri parlamentari li ma jkunux ta\u0127t l-influwenza diretta tal-partit fil-gvern u li tibqag\u0127alhom il-libert\u00e0 li jivvutaw skont il-kuxjenza tag\u0127hom.<\/p>\n<p>Ippruvaw ifhmu x-xenarju li g\u0127andna quddiemna llum. Tiftakruhom l-istalletti li kienu ta&#8217; sikwit jimmiraw Jesmond Mugliett, Franco Debono u Jeffrey Pullicino Orlando lejn Lawrence Gonzi u l-gvern tieg\u0127u ta&#8217; bejn l-2008 u l-2013?<\/p>\n<p>G\u0127aliex ta\u0127sbu li \u0127add mill-grupp parlamentari ta&#8217; Joseph Muscat ma qatt ja\u017c\u017carda jmerih? G\u0127ax dejjem ikollu ra\u0121un? Mhux hekk tg\u0127id!<\/p>\n<p>G\u0127adni kemm semmejt lill-membri tal-Kumitat tal-\u0120ustizzja tal-Kunsill tal-Ewropa li s-sena l-o\u0127ra kienu skantaw meta saru jafu li membri parlamentari minn na\u0127a tal-gvern kellhom impjieg mog\u0127ti lilhom mill-istess gvern. Imma\u0121inaw ftit x&#8217;kredibilit\u00e0 seta&#8217; wera&#8217; li g\u0127andu Stefan Zrinzo Azzopardi hekk kif qam minn postu biex jiddefendi lill-gvern meta rri\u017culta li dan kien in\u0127atar mill-gvern b\u0127ala <em>chairman<\/em> tal-korporazzjoni dwar ir-ri\u0121enerazzjoni tal-portijiet. L-istess jista&#8217; jing\u0127ad meta qam jitkellem Manwel Mallia: dan kien in\u0127atar mill-gvern b\u0127ala <em>chairman<\/em> tal-a\u0121enzija dwar is-sa\u0127\u0127a u sigurt\u00e0 fuq il-post tax-xog\u0127ol.<\/p>\n<p>Tal-Kummissjoni ta&#8217; Venezja lill-gvern kienu qalulu li din il-prattika g\u0127andha tispi\u010b\u010ba. L-istess qalulu tal-Kunsill tal-Ewropa. U wara inizjattiva tad-deputat tal-PD Godfrey Farrugia, il-Kummissarju dwar l-Istandards George Hyzler lill-gvern qallu l-istess \u0127a\u0121a.<\/p>\n<p>Din il-prattika ma tag\u0127milx \u0127sara biss lit-t\u0127addim xieraq tad-demokrazija. Tag\u0127mel \u0127sara wkoll lill-karigi okkupati minn dawn id-deputati. Ta\u0127sbu li Manwel Mallia huwa persuna li tifhem fil-qasam tas-sa\u0127\u0127a u tas-sigurt\u00e0 fuq il-post tax-xog\u0127ol? M&#8217;huwiex tal-lant. I\u017cda xorta wa\u0127da qed jerfa&#8217; responsabbilt\u00e0 kbira. Filwaqt li dawk li huma esperti fil-materja m&#8217;humiex jin\u0127atru u qed jit\u0127allew barra, qed ikomplu ji\u017cdiedu d-di\u017cgrazzji fil-postijiet tax-xog\u0127ol fost il-bennejja.<\/p>\n<p>L-a\u0121ir tal-gvern f&#8217;dan ir-rigward mhux biss huwa illegali. Hu wkoll nieqes mill-etika.<\/p>\n<p>Ta\u0127sbux li Joseph Muscat dan jag\u0127mlu biss biex lill-membri parlamentari tal-partit tieg\u0127u jikkontrollalhom bwiethom. B&#8217;mod trasparenti jista&#8217; jaqbad u j\u017cidilhom is-salarji u, fil-kuntest tal-fatt li tal-Labour investew g\u0127al snin s\u0127a\u0127 fil-politika tal-g\u0127ira, fl-istess waqt jassumi r-responsabbilt\u00e0 politika g\u0127al din id-de\u010bi\u017cjoni. Il-parlamentari Maltin huma m\u0127allsin mi\u017cerjament u \u0127afna minnhom jid\u0127lu g\u0127all-\u0127ajja fil-politika g\u0127ax m&#8217;g\u0127andhomx il-\u0127ila jg\u0127oddu sal-g\u0127axra.<\/p>\n<p>Joseph Muscat issa qal li je\u0127tie\u0121 li l-kwistjoni ti\u0121i mg\u0127arbla minn perspettiva o\u0127ra b\u0127ala alternattiva g\u0127al dik ta&#8217; George Hyzler u ta&#8217; kull min irrifletta dwarha. M&#8217;hemmx dubju li g\u0127ad jinbet xi \u0127add &#8220;indipendenti&#8221; li jo\u0127ro\u0121 jappo\u0121\u0121jah.<\/p>\n<p>Tiftakru meta kienu sabu professur Russu li \u0127add ma kien sema&#8217; bih biex lill-Kummissjoni Ewropea jg\u0127idilha li kien qieg\u0127ed jirrakkomanda lill-gvern Malti li jinbieg\u0127u passaporti lil &#8220;investituri&#8221;? Lil xi \u0127add dejjem isibu biex jaqlag\u0127hom.<\/p>\n<p>Araw ftit kif l-Ombudsman qed isir dejjem aktar in\u010bi\u017civ fil-kritika li qed jag\u0127mel lill-amministrazzjoni. Kull meta l-Ombudsman jo\u0127ro\u0121 xi rapport, Joseph Muscat jibg\u0127atu dritt g\u0127and il-kap tas-servizz \u010bivili (persuna mag\u0127\u017cula minn fost l-attivisti tal-Partit Laburista) biex imbag\u0127ad jin\u0127are\u0121 rapport ie\u0127or alternattiv li jmeri lil ta&#8217; qablu.<\/p>\n<p>Din issa saret drawwa.<\/p>\n<p>Drawwa b\u0127al din taf tkun ta&#8217; benefi\u010b\u010bju g\u0127al dawk il-kriminali li jkunu ing\u0127ataw piena mill-qrati. Permezz tal-kejl li ju\u017ca Joseph Muscat, il-kriminali jkunu jistg\u0127u jqabbdu xi avukat ie\u0127or biex jikteb sentenza alternattiva g\u0127al dik miktuba mill-im\u0127allef g\u0127aliex, \u0127ej, il-munita g\u0127andha fa\u010b\u010bata o\u0127ra.<\/p>\n<p>Ibqg\u0127u \u010berti li l-gvern m&#8217;hux ser ji\u010b\u010baqlaq dwar din il-kwistjoni. Kif baqa&#8217; ma \u010b\u010baqlaqx dwar il-metodu tal-\u0127atra tal-im\u0127allfin. Il-kwistjoni ser ikollha tinqata&#8217; mill-qrati. U l-ewwel e\u010b\u010bezzjoni tal-gvern se tkun li din hi kwistjoni politika li l-qrati m&#8217;humiex kompetenti li jidde\u010biedu dwarha.<\/p>\n<p>Waqt li a\u0127na qed induru g\u0127al denbna, huma qed jid\u0127ku bina.<\/p>\n","protected":false},"excerpt":{"rendered":"<p>Jista&#8217; ikollok disg\u0127a u disg\u0127in elf, disa&#8217; mija u disg\u0127a u disg\u0127in xjentist li b&#8217;le\u0127en wie\u0127ed ig\u0127idulek li \u017c-\u017cjieda katastrofika fis-s\u0127ana madwar id-dinja ja\u0127ti g\u0127aliha l-bniedem. I\u017cda dejjem ser issib lil xi \u0127add li, jekk i\u017c\u017coqqu sewwa u tag\u0127tih l-attenzjoni li jkun \u0127erqan g\u0127aliha, l-fehma ta&#8217; dawn ix-xjentisti kollha jkun lest li jmeriha. Jekk fuq [&hellip;]<\/p>\n","protected":false},"author":1,"featured_media":76681,"comment_status":"open","ping_status":"open","sticky":false,"template":"","format":"standard","meta":[],"categories":[54],"tags":[],"_links":{"self":[{"href":"https:\/\/manueldelia.com\/mt\/wp-json\/wp\/v2\/posts\/76692\/"}],"collection":[{"href":"https:\/\/manueldelia.com\/mt\/wp-json\/wp\/v2\/posts\/"}],"about":[{"href":"https:\/\/manueldelia.com\/mt\/wp-json\/wp\/v2\/types\/post\/"}],"author":[{"embeddable":true,"href":"https:\/\/manueldelia.com\/mt\/wp-json\/wp\/v2\/users\/1\/"}],"replies":[{"embeddable":true,"href":"https:\/\/manueldelia.com\/mt\/wp-json\/wp\/v2\/comments\/?post=76692"}],"version-history":[{"count":5,"href":"https:\/\/manueldelia.com\/mt\/wp-json\/wp\/v2\/posts\/76692\/revisions\/"}],"predecessor-version":[{"id":76703,"href":"https:\/\/manueldelia.com\/mt\/wp-json\/wp\/v2\/posts\/76692\/revisions\/76703\/"}],"wp:featuredmedia":[{"embeddable":true,"href":"https:\/\/manueldelia.com\/mt\/wp-json\/wp\/v2\/media\/76681\/"}],"wp:attachment":[{"href":"https:\/\/manueldelia.com\/mt\/wp-json\/wp\/v2\/media\/?parent=76692"}],"wp:term":[{"taxonomy":"category","embeddable":true,"href":"https:\/\/manueldelia.com\/mt\/wp-json\/wp\/v2\/categories\/?post=76692"},{"taxonomy":"post_tag","embeddable":true,"href":"https:\/\/manueldelia.com\/mt\/wp-json\/wp\/v2\/tags\/?post=76692"}],"curies":[{"name":"wp","href":"https:\/\/api.w.org\/{rel}","templated":true}]}}