{"id":76999,"date":"2019-07-17T11:30:03","date_gmt":"2019-07-17T09:30:03","guid":{"rendered":"https:\/\/manueldelia.com\/?p=76999"},"modified":"2019-07-17T18:25:44","modified_gmt":"2019-07-17T16:25:44","slug":"il-kumpens-li-ordnat-il-qorti-johann-buttigieg-ser-ihallsu-minn-butu","status":"publish","type":"post","link":"https:\/\/manueldelia.com\/mt\/2019\/07\/il-kumpens-li-ordnat-il-qorti-johann-buttigieg-ser-ihallsu-minn-butu\/","title":{"rendered":"Il-kumpens li ordnat il-qorti, Johann Buttigieg ser i\u0127allsu minn butu?"},"content":{"rendered":"<p><img class=\"aligncenter size-full wp-image-76985\" src=\"https:\/\/manueldelia.com\/wp-content\/uploads\/2019\/07\/johann_buttigieg_7.png.jpeg\" alt=\"\" width=\"684\" height=\"454\" srcset=\"https:\/\/manueldelia.com\/wp-content\/uploads\/2019\/07\/johann_buttigieg_7.png-200x133.jpeg 200w, https:\/\/manueldelia.com\/wp-content\/uploads\/2019\/07\/johann_buttigieg_7.png-300x199.jpeg 300w, https:\/\/manueldelia.com\/wp-content\/uploads\/2019\/07\/johann_buttigieg_7.png-400x265.jpeg 400w, https:\/\/manueldelia.com\/wp-content\/uploads\/2019\/07\/johann_buttigieg_7.png-600x398.jpeg 600w, https:\/\/manueldelia.com\/wp-content\/uploads\/2019\/07\/johann_buttigieg_7.png.jpeg 684w\" sizes=\"(max-width: 684px) 100vw, 684px\" \/><\/p>\n<p>Skont is-sentenza li nqatg\u0127et il-biera\u0127 mill-Qorti Kostituzzjonali, l-Awtorit\u00e0 tal-Ippjanar kienet kisret id-drittijiet fundamentali tal-familja Caruana Galizia meta g\u0127al darba darbtejn ne\u0127\u0127iet strixxun li huma tellg\u0127u mal-proprjet\u00e0 tag\u0127hom stess u li fih talbu li ji\u0121u mag\u0127rufa l-fatti wara l-assassinju ta&#8217; Daphne Caruana Galizia. Mill-pro\u010bess tal-qorti jirri\u017culta li kien Johann Buttigieg, chairman e\u017cekuttiv tal-Awtorit\u00e0 tal-Ippjanar, li kien \u0127are\u0121 l-ordni biex jitne\u0127\u0127a l-istrixxun. Huwa kkonferma li kien ta ordni bil-fomm sabiex jitne\u0127\u0127ew l-istrixxuni kollha b&#8217;mod immedjat u b&#8217;hekk injora l-prin\u010bipji kollha tal-li\u0121i Kostituzzjonali li je\u0127tie\u0121u li jkun hemm reazzjoni proporzjonata meta ti\u0121i \u010bensurata l-libert\u00e0 tal-kelma.<\/p>\n<p>Uffi\u010bjal tal-Awtorit\u00e0 tal-Ippjanar li huwa responsabbli g\u0127all-infurzar ikkonferma wkoll li din l-ordni kienet ng\u0127atat minn Johann Buttigieg.<\/p>\n<p><a href=\"https:\/\/manueldelia.com\/2019\/07\/court-finds-fundamental-rights-of-caruana-galizia-family-breached-again\/\" target=\"_blank\" rel=\"noopener noreferrer\">Il-biera\u0127 il-qorti ordnat lill-Awtorit\u00e0 tal-Ippjanar sabiex t\u0127allas kumpens lill-familja Caruana Galizia.<\/a><\/p>\n<p>M&#8217;g\u0127andniex xi ng\u0127idu, dan il-kumpens ser jit\u0127allas mit-taxxi li n\u0127allsu a\u0127na b\u0127ala \u010bittadini u dan minkejja l-fatt li ma konniex a\u0127na li b&#8217;xi mod ksirna d-drittijiet fundamentali tal-familja Caruana Galizia. Li ser ji\u0121ri hu li dak li kien responsabbli ser jibqa&#8217; bla mittiefes mis-sentenza tal-qorti u g\u0127an-nuqqasijiet tieg\u0127u ser ikollu j\u0127allas i\u010b-\u010bittadin.<\/p>\n<p>Fuq dan biss, lil Johann Buttigieg imissha tiddabbarlu rasu. U g\u0127andha tiddabbarlu rasu wara li jkun \u0127allas is-somma ta&#8217; \u20ac20,000 li l-Awtorit\u00e0 tal-Ippjanar g\u0127andha tag\u0127ti lill-familja Caruana Galizia.<\/p>\n<p>Ma tarax.<\/p>\n","protected":false},"excerpt":{"rendered":"<p>Skont is-sentenza li nqatg\u0127et il-biera\u0127 mill-Qorti Kostituzzjonali, l-Awtorit\u00e0 tal-Ippjanar kienet kisret id-drittijiet fundamentali tal-familja Caruana Galizia meta g\u0127al darba darbtejn ne\u0127\u0127iet strixxun li huma tellg\u0127u mal-proprjet\u00e0 tag\u0127hom stess u li fih talbu li ji\u0121u mag\u0127rufa l-fatti wara l-assassinju ta&#8217; Daphne Caruana Galizia. Mill-pro\u010bess tal-qorti jirri\u017culta li kien Johann Buttigieg, chairman e\u017cekuttiv tal-Awtorit\u00e0 tal-Ippjanar, li kien [&hellip;]<\/p>\n","protected":false},"author":1,"featured_media":76985,"comment_status":"open","ping_status":"open","sticky":false,"template":"","format":"standard","meta":[],"categories":[54],"tags":[],"_links":{"self":[{"href":"https:\/\/manueldelia.com\/mt\/wp-json\/wp\/v2\/posts\/76999\/"}],"collection":[{"href":"https:\/\/manueldelia.com\/mt\/wp-json\/wp\/v2\/posts\/"}],"about":[{"href":"https:\/\/manueldelia.com\/mt\/wp-json\/wp\/v2\/types\/post\/"}],"author":[{"embeddable":true,"href":"https:\/\/manueldelia.com\/mt\/wp-json\/wp\/v2\/users\/1\/"}],"replies":[{"embeddable":true,"href":"https:\/\/manueldelia.com\/mt\/wp-json\/wp\/v2\/comments\/?post=76999"}],"version-history":[{"count":3,"href":"https:\/\/manueldelia.com\/mt\/wp-json\/wp\/v2\/posts\/76999\/revisions\/"}],"predecessor-version":[{"id":77024,"href":"https:\/\/manueldelia.com\/mt\/wp-json\/wp\/v2\/posts\/76999\/revisions\/77024\/"}],"wp:featuredmedia":[{"embeddable":true,"href":"https:\/\/manueldelia.com\/mt\/wp-json\/wp\/v2\/media\/76985\/"}],"wp:attachment":[{"href":"https:\/\/manueldelia.com\/mt\/wp-json\/wp\/v2\/media\/?parent=76999"}],"wp:term":[{"taxonomy":"category","embeddable":true,"href":"https:\/\/manueldelia.com\/mt\/wp-json\/wp\/v2\/categories\/?post=76999"},{"taxonomy":"post_tag","embeddable":true,"href":"https:\/\/manueldelia.com\/mt\/wp-json\/wp\/v2\/tags\/?post=76999"}],"curies":[{"name":"wp","href":"https:\/\/api.w.org\/{rel}","templated":true}]}}