{"id":77158,"date":"2019-07-20T08:32:36","date_gmt":"2019-07-20T06:32:36","guid":{"rendered":"https:\/\/manueldelia.com\/?p=77158"},"modified":"2019-07-23T08:24:46","modified_gmt":"2019-07-23T06:24:46","slug":"issa-ghandek-ghalxiex-titbissem-edward-scicluna","status":"publish","type":"post","link":"https:\/\/manueldelia.com\/mt\/2019\/07\/issa-ghandek-ghalxiex-titbissem-edward-scicluna\/","title":{"rendered":"Issa g\u0127andek g\u0127alxiex titbissem Edward Scicluna?"},"content":{"rendered":"<p><img class=\"aligncenter size-medium wp-image-77125\" src=\"https:\/\/manueldelia.com\/wp-content\/uploads\/2019\/07\/Copy-of-9-e1328090042351-300x201.jpg\" alt=\"\" width=\"300\" height=\"201\" srcset=\"https:\/\/manueldelia.com\/wp-content\/uploads\/2019\/07\/Copy-of-9-e1328090042351-200x134.jpg 200w, https:\/\/manueldelia.com\/wp-content\/uploads\/2019\/07\/Copy-of-9-e1328090042351-300x201.jpg 300w, https:\/\/manueldelia.com\/wp-content\/uploads\/2019\/07\/Copy-of-9-e1328090042351-400x268.jpg 400w, https:\/\/manueldelia.com\/wp-content\/uploads\/2019\/07\/Copy-of-9-e1328090042351-600x401.jpg 600w, https:\/\/manueldelia.com\/wp-content\/uploads\/2019\/07\/Copy-of-9-e1328090042351-768x514.jpg 768w, https:\/\/manueldelia.com\/wp-content\/uploads\/2019\/07\/Copy-of-9-e1328090042351-800x535.jpg 800w, https:\/\/manueldelia.com\/wp-content\/uploads\/2019\/07\/Copy-of-9-e1328090042351.jpg 979w\" sizes=\"(max-width: 300px) 100vw, 300px\" \/><\/p>\n<p>Edward Scicluna g\u0127adu kemm \u0127arrek lil Simon Busuttil fuq malafama u qal li Simon Busuttil gideb f&#8217;<em>tweets<\/em> li xandar.<\/p>\n<p>Dawn huma t-<em>tweets<\/em> li xandar Simon Busuttil.<\/p>\n<blockquote class=\"twitter-tweet\" data-lang=\"en\">\n<p dir=\"ltr\" lang=\"en\">REB\u0126A KBIRA fil-\u0121lieda kontra l-korruzzjoni!<br \/>\nTLIET ministri ta\u0127t investigazzjoni kriminali min\u0127abba t-trasferiment oxxen ta&#8217; TLIET sptarijiet pubbli\u010bi minn wara daharna.<br \/>\nU <a href=\"https:\/\/twitter.com\/JosephMuscat_JM?ref_src=twsrc%5Etfw\">@JosephMuscat_JM<\/a> m&#8217;g\u0127andux is-sa\u0127\u0127a li jke\u010b\u010bihom, lanqas sakemm dawn inaddfu isimhom\u00a0 <a href=\"https:\/\/t.co\/OhBfyvEpFu\">https:\/\/t.co\/OhBfyvEpFu<\/a><\/p>\n<p>\u2014 Simon Busuttil (@SimonBusuttil) <a href=\"https:\/\/twitter.com\/SimonBusuttil\/status\/1151888575849533440?ref_src=twsrc%5Etfw\">18 ta&#8217; Lulju 2019<\/a><\/p><\/blockquote>\n<blockquote class=\"twitter-tweet\" data-lang=\"en\">\n<p dir=\"ltr\" lang=\"en\">B\u0127ala pajji\u017c tal-<a href=\"https:\/\/twitter.com\/hashtag\/eurozone?src=hash&amp;ref_src=twsrc%5Etfw\">#eurozone<\/a> ma jistax ikollna Ministru tal-Finanzi b\u0127ala su\u0121\u0121ett ta&#8217; investigazzjoni dwar \u0127asil ta&#8217; flus ma\u0127mu\u0121in \u2066<a href=\"https:\/\/twitter.com\/edward_scicluna?ref_src=twsrc%5Etfw\">@edward_scicluna<\/a>\u2069 G\u0126ANDU JWARRAB ISSA, g\u0127allinqas sakemm inaddaf ismu. <a href=\"https:\/\/t.co\/dQwUCzwW99\">https:\/\/t.co\/dQwUCzwW99<\/a><\/p>\n<p>\u2014 Simon Busuttil (@SimonBusuttil) <a href=\"https:\/\/twitter.com\/SimonBusuttil\/status\/1152117407890268160?ref_src=twsrc%5Etfw\">19 ta&#8217; Lulju 2019<\/a><\/p><\/blockquote>\n<blockquote class=\"twitter-tweet\" data-lang=\"en\">\n<p dir=\"ltr\" lang=\"en\">Il-Ministru tal-Finanzi g\u0127amilli kaw\u017ca dwar malafama talli g\u0127idt li huwa su\u0121\u0121ett ta&#8217; investigazzjoni ta&#8217; \u0127asil ta&#8217; flus ma\u0127mu\u0121in. Jiddispja\u010bini ng\u0127idlek g\u0127a\u017ci\u017c <a href=\"https:\/\/twitter.com\/edward_scicluna?ref_src=twsrc%5Etfw\">@edward_scicluna<\/a>, li hekk hu. Ag\u0127ti daqqa t&#8217;g\u0127ajn lejn din l-i<em>screenshot<\/em> biex tiftakar ftit.<br \/>\nWARRAB <a href=\"https:\/\/t.co\/a9PtvozWNp\">https:\/\/t.co\/a9PtvozWNp<\/a> <a href=\"https:\/\/t.co\/6yZrsPuwR8\">pic.twitter.com\/6yZrsPuwR8<\/a><\/p>\n<p>\u2014 Simon Busuttil (@SimonBusuttil) <a href=\"https:\/\/twitter.com\/SimonBusuttil\/status\/1152302237168939013?ref_src=twsrc%5Etfw\">19 ta&#8217; Lulju 2019<\/a><\/p><\/blockquote>\n<p>Drajniha t-tattika ta&#8217; min ikollu l-fa\u0127am miblul li jifta\u0127 kaw\u017ci vessatorji.<\/p>\n<p>Liema minn dawn it-<em>tweets<\/em> hi gidba?<\/p>\n<p>Mid-dehra Edward Scicluna qed jing\u0127ata parir mill-istess nies li kienu tawh parir li jikkwota mir-rapport Egrant &#8211; rapport li mhux suppost kien fil-pussess tieg\u0127u. <a href=\"https:\/\/netnews.com.mt\/2019\/07\/19\/milqugha-talba-ta-adrian-delia-biex-jixhdu-t-tliet-ministru-fuq-ir-rapport-egrant-li-suppost-jinsab-mistur\/\" target=\"_blank\" rel=\"noopener noreferrer\">Issa l-Qorti tal-Appell g\u0127adha kemm ordnatlu li jg\u0127id minn fejn akkwista kopja tar-rapport.<\/a><\/p>\n<p>Forsi Edward Scicluna g\u0127al xi \u017cmien jista&#8217; j\u0127ossu xi ftit a\u0127jar hekk kif itawwal naqr&#8217;o\u0127ra permezz tal-qorti. I\u017cda llum jew g\u0127ada, jkollhom isiru l-kontijiet.<\/p>\n<p>Kaw\u017ca g\u0127al malafama tista&#8217; tag\u0127tih ftit tan-nifs u ttawwal u lin-nies ikun jista&#8217; jg\u0127idilhom li dak li qed jing\u0127ad fil-konfront tieg\u0127u mhuwiex minnu. M&#8217;g\u0127andniex xi ng\u0127idu, il-fatt jibqa&#8217; li huwa kollu minnu li huwa s-su\u0121\u0121ett ta&#8217; investigazzjoni dwar \u0127asil ta&#8217; flus ma\u0127mu\u0121in.<\/p>\n<p>Il-Ma\u0121istrat hekk ordnat: li g\u0127andha tinfeta\u0127 inkjesta biex jin\u0121abru l-provi u ji\u0121u nvestigati numru ta&#8217; reati kriminali li allegatament jinsab imda\u0127\u0127al fihom Edward Scicluna.<\/p>\n<p>G\u0127alissa wie\u0127ed ikun qed jinfamah li kieku wie\u0127ed ig\u0127id li Edward Scicluna huwa \u0127ati tar-reat ta&#8217; \u0127asil ta&#8217; flus ma\u0127mu\u0121in. Huwiex \u0127ati jew le, l-qorti biss tkun tista&#8217; tg\u0127idu. I\u017cda \u017c-\u017cmien biss jista&#8217; jag\u0127tina parir il-kontijiet jispi\u010b\u010bawx isiru jew le.<\/p>\n<p>Il-kaw\u017ca ta&#8217; malafama li g\u0127amel Edward Scicluna se trebba\u0127lu \u017c-\u017cmien u se tag\u0127tih l-opportunit\u00e0 li jg\u0127id, f&#8217;xi sessjoni tal-Parlament Ewropew li tkun qed tg\u0127arbel il-kredenzjali tieg\u0127u b\u0127ala Kummissarju Ewropew potenzjali, li \u201cdak kollu li qed jing\u0127ad dwaru mhuwiex minnu u huwa s-su\u0121\u0121ett ta&#8217; kaw\u017ca ta&#8217; malafama li jien fta\u0127t biex in\u0127ares ir-reputazzjoni tieg\u0127i\u201d.<\/p>\n<p>Reputazzjoni? X&#8217;reputazzjoni?<\/p>\n<p>Tista&#8217; dda\u0127\u0127alha f&#8217;g\u0127ajnejk ir-reputazzjoni tieg\u0127ek Sur Edward Scicluna meta tikkunsidra l-\u0127sara li int g\u0127amilt lir-reputazzjoni ta&#8217; Malta.<\/p>\n<p>Madwar sena ilu, Re\u017cistenza Malta kienet ipprotestat u talbet ir-ri\u017cenja tieg\u0127ek min\u0127abba l-\u0127asil ta&#8217; flus ma\u0127mu\u0121in li se\u0127\u0127 ta\u0127t l-imnie\u0127er Ministerjali tieg\u0127ek. Regolaturi Ewropej kienu qalu li tal-FIAU, li g\u0127alihom int politikament responsabbli, ma kinux qed jag\u0127mlu xog\u0127olhom kif suppost. Il-Pilatus Bank kellha tag\u0127laq minkejja d-difi\u017ca li int kont g\u0127amilt tal-im\u0121ieba tieg\u0127ek.<\/p>\n<blockquote class=\"twitter-tweet\" data-lang=\"en\">\n<p dir=\"ltr\" lang=\"en\">Kmieni dalg\u0127odu <a href=\"https:\/\/twitter.com\/hashtag\/Malta?src=hash&amp;ref_src=twsrc%5Etfw\">#Malta<\/a> <a href=\"https:\/\/twitter.com\/hashtag\/MinistryofFinance?src=hash&amp;ref_src=twsrc%5Etfw\">#MinistryofFinance<\/a>. Wasal i\u017c-\u017cmien li l-Ministru Scicluna jerfa&#8217; r-responsabbiltajiet tieg\u0127u. Ninsistu li g\u0127andu jerfa&#8217; r-responsabbilt\u00e0 politika g\u0127at-ta\u0127wid li se\u0127\u0127 ta\u0127tu u JIRRI\u017bENJA. <a href=\"https:\/\/twitter.com\/hashtag\/EuropeanBankingAuthority?src=hash&amp;ref_src=twsrc%5Etfw\">#EuropeanBankingAuthority<\/a> <a href=\"https:\/\/twitter.com\/hashtag\/DaphneCaruanaGalizia?src=hash&amp;ref_src=twsrc%5Etfw\">#DaphneCaruanaGalizia<\/a> <a href=\"https:\/\/t.co\/eygCGSLxkA\">pic.twitter.com\/eygCGSLxkA<\/a><\/p>\n<p>\u2014 Re\u017cistenza Malta (@RezistenzaMalta) <a href=\"https:\/\/twitter.com\/RezistenzaMalta\/status\/1020165857169879040?ref_src=twsrc%5Etfw\">20 ta&#8217; Lulju 2018<\/a><\/p><\/blockquote>\n<p>Sena ilu kien imissek warrabt min\u0127abba l-istupidit\u00e0 kriminali, n-negli\u0121enza u l-inkompetenza tieg\u0127ek.<\/p>\n<p>Sena wara, il-Ministru li huwa responsabbli li j\u0127ares lil Malta mill-\u0127asil tal-flus ma\u0127mu\u0121in u li fil-gvern huwa l-g\u0127assies prin\u010bipali li g\u0127andu jara li jin\u017cammu g\u0127oljin il-livelli fil-\u0121lieda kontra l-kriminalit\u00e0 finanzjarja, huwa s-su\u0121\u0121ett ta&#8217; inkjesta li g\u0127andha tiddetermina jekk kienx wie\u0127ed minn dawk li gawdew mid-dg\u0127jufijiet li ppresieda fuqhom huwa stess.<\/p>\n<p>Kienu r-regolaturi internazzjonali li ddokumentaw dawn id-dg\u0127jufijiet. U l-unika ra\u0121uni il-g\u0127ala r-reati li allegatament jinsab imda\u0127\u0127al fihom g\u0127adhom ma \u0121ewx investigati hi li l-pulizija qed tirrifjuta li twettaq id-dmirijiet tag\u0127ha. Allura kellhom ikunu l-\u0121urnalisti investigattivi f&#8217;Malta li kellhom ta&#8217; bilfors jag\u0127mlu xog\u0127ol il-pulizija.<\/p>\n<p>Sena ilu Edward Scicluna tbissem meta \u0121ie mitlub biex iwarrab. Min jaf g\u0127adux qed jitbissem issa?<\/p>\n<p><img class=\"aligncenter wp-image-77126 size-full\" src=\"https:\/\/manueldelia.com\/wp-content\/uploads\/2019\/07\/f33185ae03c917364f7f4d7cc890264609cad08b-1532062764-5b516c2c-620x348-1.jpg\" alt=\"\" width=\"620\" height=\"348\" srcset=\"https:\/\/manueldelia.com\/wp-content\/uploads\/2019\/07\/f33185ae03c917364f7f4d7cc890264609cad08b-1532062764-5b516c2c-620x348-1-200x112.jpg 200w, https:\/\/manueldelia.com\/wp-content\/uploads\/2019\/07\/f33185ae03c917364f7f4d7cc890264609cad08b-1532062764-5b516c2c-620x348-1-300x168.jpg 300w, https:\/\/manueldelia.com\/wp-content\/uploads\/2019\/07\/f33185ae03c917364f7f4d7cc890264609cad08b-1532062764-5b516c2c-620x348-1-400x225.jpg 400w, https:\/\/manueldelia.com\/wp-content\/uploads\/2019\/07\/f33185ae03c917364f7f4d7cc890264609cad08b-1532062764-5b516c2c-620x348-1-600x337.jpg 600w, https:\/\/manueldelia.com\/wp-content\/uploads\/2019\/07\/f33185ae03c917364f7f4d7cc890264609cad08b-1532062764-5b516c2c-620x348-1.jpg 620w\" sizes=\"(max-width: 620px) 100vw, 620px\" \/><\/p>\n","protected":false},"excerpt":{"rendered":"<p>Edward Scicluna g\u0127adu kemm \u0127arrek lil Simon Busuttil fuq malafama u qal li Simon Busuttil gideb f&#8217;tweets li xandar. Dawn huma t-tweets li xandar Simon Busuttil. REB\u0126A KBIRA fil-\u0121lieda kontra l-korruzzjoni! TLIET ministri ta\u0127t investigazzjoni kriminali min\u0127abba t-trasferiment oxxen ta&#8217; TLIET sptarijiet pubbli\u010bi minn wara daharna. U @JosephMuscat_JM m&#8217;g\u0127andux is-sa\u0127\u0127a li jke\u010b\u010bihom, lanqas sakemm dawn [&hellip;]<\/p>\n","protected":false},"author":1,"featured_media":77127,"comment_status":"open","ping_status":"open","sticky":false,"template":"","format":"standard","meta":[],"categories":[54],"tags":[],"_links":{"self":[{"href":"https:\/\/manueldelia.com\/mt\/wp-json\/wp\/v2\/posts\/77158\/"}],"collection":[{"href":"https:\/\/manueldelia.com\/mt\/wp-json\/wp\/v2\/posts\/"}],"about":[{"href":"https:\/\/manueldelia.com\/mt\/wp-json\/wp\/v2\/types\/post\/"}],"author":[{"embeddable":true,"href":"https:\/\/manueldelia.com\/mt\/wp-json\/wp\/v2\/users\/1\/"}],"replies":[{"embeddable":true,"href":"https:\/\/manueldelia.com\/mt\/wp-json\/wp\/v2\/comments\/?post=77158"}],"version-history":[{"count":5,"href":"https:\/\/manueldelia.com\/mt\/wp-json\/wp\/v2\/posts\/77158\/revisions\/"}],"predecessor-version":[{"id":77237,"href":"https:\/\/manueldelia.com\/mt\/wp-json\/wp\/v2\/posts\/77158\/revisions\/77237\/"}],"wp:featuredmedia":[{"embeddable":true,"href":"https:\/\/manueldelia.com\/mt\/wp-json\/wp\/v2\/media\/77127\/"}],"wp:attachment":[{"href":"https:\/\/manueldelia.com\/mt\/wp-json\/wp\/v2\/media\/?parent=77158"}],"wp:term":[{"taxonomy":"category","embeddable":true,"href":"https:\/\/manueldelia.com\/mt\/wp-json\/wp\/v2\/categories\/?post=77158"},{"taxonomy":"post_tag","embeddable":true,"href":"https:\/\/manueldelia.com\/mt\/wp-json\/wp\/v2\/tags\/?post=77158"}],"curies":[{"name":"wp","href":"https:\/\/api.w.org\/{rel}","templated":true}]}}