{"id":77345,"date":"2019-07-25T18:02:36","date_gmt":"2019-07-25T16:02:36","guid":{"rendered":"https:\/\/manueldelia.com\/?p=77345"},"modified":"2019-07-26T01:04:22","modified_gmt":"2019-07-25T23:04:22","slug":"il-medjazzjoni-fil-kaz-ta-separazzjoni-ta-adrian-delia-ma-thallix-frott-mistenni-li-tinfetah-kawza-fil-granet-li-gejjin","status":"publish","type":"post","link":"https:\/\/manueldelia.com\/mt\/2019\/07\/il-medjazzjoni-fil-kaz-ta-separazzjoni-ta-adrian-delia-ma-thallix-frott-mistenni-li-tinfetah-kawza-fil-granet-li-gejjin\/","title":{"rendered":"Il-medjazzjoni fil-ka\u017c ta&#8217; separazzjoni ta&#8217; Adrian Delia ma t\u0127allix frott. Mistenni li tinfeta\u0127 kaw\u017ca &#8220;fil-\u0121ranet li \u0121ejjin\u201d."},"content":{"rendered":"<p><img class=\"aligncenter wp-image-77333 size-full\" src=\"https:\/\/manueldelia.com\/wp-content\/uploads\/2019\/07\/73325c74ed354893bb836d089e01074a469c974b-1504273313-59a963a1-620x348-1.jpg\" alt=\"\" width=\"620\" height=\"348\" srcset=\"https:\/\/manueldelia.com\/wp-content\/uploads\/2019\/07\/73325c74ed354893bb836d089e01074a469c974b-1504273313-59a963a1-620x348-1-200x112.jpg 200w, https:\/\/manueldelia.com\/wp-content\/uploads\/2019\/07\/73325c74ed354893bb836d089e01074a469c974b-1504273313-59a963a1-620x348-1-300x168.jpg 300w, https:\/\/manueldelia.com\/wp-content\/uploads\/2019\/07\/73325c74ed354893bb836d089e01074a469c974b-1504273313-59a963a1-620x348-1-400x225.jpg 400w, https:\/\/manueldelia.com\/wp-content\/uploads\/2019\/07\/73325c74ed354893bb836d089e01074a469c974b-1504273313-59a963a1-620x348-1-600x337.jpg 600w, https:\/\/manueldelia.com\/wp-content\/uploads\/2019\/07\/73325c74ed354893bb836d089e01074a469c974b-1504273313-59a963a1-620x348-1.jpg 620w\" sizes=\"(max-width: 620px) 100vw, 620px\" \/><\/p>\n<p>Mill-protest \u0121udizzjarju li ppre\u017centa llum l-avukat ta&#8217; Nickie Vella de Fremeaux, mart Adrian Delia, jirri\u017culta li fallew l-isforzi li saru biex ikun hemm medjazzjoni bil-g\u0127an jintla\u0127aq ftehim bonarju dwar is-separazzjoni ta&#8217; bejniethom. Jirri\u017culta li Nickie Vella de Fremeaux talbet u akkwistat il-permess tal-qorti biex tibda&#8217; kaw\u017ca kontra \u017cew\u0121ha &#8211; kaw\u017ca li mistennija tinbeda&#8217; &#8220;fil-\u0121ranet li \u0121ejjin&#8221;.<\/p>\n<p>Dan huwa \u017cvilupp sinjifikanti fl-isfond tal-impenji li kien g\u0127amel Adrian Delia f&#8217;Jannar li g\u0127adda lill-membri tal-Grupp Parlamentari hekk kif fe\u0121\u0121et l-a\u0127bar tas-separazzjoni bejn u bejn martu\u00a0<a href=\"https:\/\/manueldelia.com\/2018\/12\/nickie-vella-de-fremeaux-tells-peppi-azzopardi-his-interview-with-adrian-delia-does-not-represent-the-truth\/\" target=\"_blank\" rel=\"noopener noreferrer\">permezz ta&#8217; din il-<em>website<\/em> fil-25 ta&#8217; Di\u010bembru tas-sena l-o\u0127ra.<\/a><\/p>\n<p>Dak i\u017c-\u017cmien, mart Adrian Delia kienet ippre\u017centat dokumenti fil-qorti li kien fihom allegazzjonijiet serji \u0127afna fil-konfront ta&#8217; Adrian Delia.<\/p>\n<p>Dak i\u017c-\u017cmien ukoll, Adrian Delia kien serra\u0127 l-im\u0127u\u0127 ta&#8217; s\u0127abu fil-Grupp Parlamentari li jekk ikollu xi ftit tal-privatezza ikun jista&#8217; jikkontrolla l-\u0127sara li tista&#8217; tag\u0127millu s-separazzjoni minn martu u biex id-diffikultajiet personali tieg\u0127u ma jsirux is-su\u0121\u0121ett ta&#8217; kontroversja politika.<\/p>\n<p>Il-medjazzjoni f&#8217;ka\u017cijiet ta&#8217; separazzjoni sse\u0127\u0127 fil-privat u, jekk tintemm b&#8217;su\u010b\u010bess u jkun hemm ftehim dwar is-separazzjoni, il-qorti ma jkollhiex g\u0127alfejn tid\u0127ol fil-mertu dwar min g\u0127andu t-tort u dwar min g\u0127andu ra\u0121un qabel tg\u0127addi biex tidde\u010biedi dwar kwistjonijiet marbutin mal-kustodja tat-tfal jew is-separazzjoni tal-\u0121id komuni tal-koppja.<\/p>\n","protected":false},"excerpt":{"rendered":"<p>Mill-protest \u0121udizzjarju li ppre\u017centa llum l-avukat ta&#8217; Nickie Vella de Fremeaux, mart Adrian Delia, jirri\u017culta li fallew l-isforzi li saru biex ikun hemm medjazzjoni bil-g\u0127an jintla\u0127aq ftehim bonarju dwar is-separazzjoni ta&#8217; bejniethom. Jirri\u017culta li Nickie Vella de Fremeaux talbet u akkwistat il-permess tal-qorti biex tibda&#8217; kaw\u017ca kontra \u017cew\u0121ha &#8211; kaw\u017ca li mistennija tinbeda&#8217; &#8220;fil-\u0121ranet li [&hellip;]<\/p>\n","protected":false},"author":1,"featured_media":77333,"comment_status":"open","ping_status":"open","sticky":false,"template":"","format":"standard","meta":[],"categories":[54],"tags":[],"_links":{"self":[{"href":"https:\/\/manueldelia.com\/mt\/wp-json\/wp\/v2\/posts\/77345\/"}],"collection":[{"href":"https:\/\/manueldelia.com\/mt\/wp-json\/wp\/v2\/posts\/"}],"about":[{"href":"https:\/\/manueldelia.com\/mt\/wp-json\/wp\/v2\/types\/post\/"}],"author":[{"embeddable":true,"href":"https:\/\/manueldelia.com\/mt\/wp-json\/wp\/v2\/users\/1\/"}],"replies":[{"embeddable":true,"href":"https:\/\/manueldelia.com\/mt\/wp-json\/wp\/v2\/comments\/?post=77345"}],"version-history":[{"count":3,"href":"https:\/\/manueldelia.com\/mt\/wp-json\/wp\/v2\/posts\/77345\/revisions\/"}],"predecessor-version":[{"id":77354,"href":"https:\/\/manueldelia.com\/mt\/wp-json\/wp\/v2\/posts\/77345\/revisions\/77354\/"}],"wp:featuredmedia":[{"embeddable":true,"href":"https:\/\/manueldelia.com\/mt\/wp-json\/wp\/v2\/media\/77333\/"}],"wp:attachment":[{"href":"https:\/\/manueldelia.com\/mt\/wp-json\/wp\/v2\/media\/?parent=77345"}],"wp:term":[{"taxonomy":"category","embeddable":true,"href":"https:\/\/manueldelia.com\/mt\/wp-json\/wp\/v2\/categories\/?post=77345"},{"taxonomy":"post_tag","embeddable":true,"href":"https:\/\/manueldelia.com\/mt\/wp-json\/wp\/v2\/tags\/?post=77345"}],"curies":[{"name":"wp","href":"https:\/\/api.w.org\/{rel}","templated":true}]}}