{"id":77539,"date":"2019-07-30T10:03:52","date_gmt":"2019-07-30T08:03:52","guid":{"rendered":"https:\/\/manueldelia.com\/?p=77539"},"modified":"2019-07-31T15:14:50","modified_gmt":"2019-07-31T13:14:50","slug":"jehtieg-thallas-jekk-tridni-nzomm-is-skiet-darba-minnhom-hekk-kien-qal-saviour-balzan","status":"publish","type":"post","link":"https:\/\/manueldelia.com\/mt\/2019\/07\/jehtieg-thallas-jekk-tridni-nzomm-is-skiet-darba-minnhom-hekk-kien-qal-saviour-balzan\/","title":{"rendered":"\u2018Je\u0127tie\u0121 t\u0127allas jekk tridni n\u017comm is-skiet\u2019 &#8211; darba minnhom hekk kien qal Saviour Balzan"},"content":{"rendered":"<p><img class=\"aligncenter wp-image-77524 size-full\" src=\"https:\/\/manueldelia.com\/wp-content\/uploads\/2019\/07\/maltatoday_logo_christmas.png\" alt=\"\" width=\"1058\" height=\"221\" srcset=\"https:\/\/manueldelia.com\/wp-content\/uploads\/2019\/07\/maltatoday_logo_christmas-200x42.png 200w, https:\/\/manueldelia.com\/wp-content\/uploads\/2019\/07\/maltatoday_logo_christmas-300x63.png 300w, https:\/\/manueldelia.com\/wp-content\/uploads\/2019\/07\/maltatoday_logo_christmas-400x84.png 400w, https:\/\/manueldelia.com\/wp-content\/uploads\/2019\/07\/maltatoday_logo_christmas-600x125.png 600w, https:\/\/manueldelia.com\/wp-content\/uploads\/2019\/07\/maltatoday_logo_christmas-768x160.png 768w, https:\/\/manueldelia.com\/wp-content\/uploads\/2019\/07\/maltatoday_logo_christmas-800x167.png 800w, https:\/\/manueldelia.com\/wp-content\/uploads\/2019\/07\/maltatoday_logo_christmas.png 1024w\" sizes=\"(max-width: 1058px) 100vw, 1058px\" \/><\/p>\n<p><a href=\"https:\/\/www.maltatoday.com.mt\/comment\/blogs\/96587\/let_our_reporting_be_our_yardstick#.XT_sFy2B1Bw\" target=\"_blank\" rel=\"noopener noreferrer\">Ma jistax ma jiddispja\u010binix g\u0127al Matthew Vella u g\u0127al Kurt Sansone li flimkien kitbu editorjal<\/a> wara li l-kjass li nqala&#8217; <a href=\"https:\/\/lovinmalta.com\/news\/exclusive-mediatoday-acting-as-governments-advertising-agency-for-central-link-project\/\" target=\"_blank\" rel=\"noopener noreferrer\">wara li tal-<em>Lovin Malta<\/em> kixfu li kumpannija tal-<em>Malta<\/em> <em>Today<\/em><\/a>, li sidha huwa d-direttur mani\u0121erjali ta&#8217; dan il-\u0121urnal, kienet tqabbdet biex tag\u0127mel xog\u0127ol ta&#8217; relazzjonijiet pubbli\u010bi u ta&#8217; reklamar g\u0127all-gvern dwar il-qtug\u0127 tas-si\u0121ar fit-triq li hemm pro\u0121ettata f&#8217;\u0126\u2019Attard.<\/p>\n<p>Din ma kienitx l-ewwel darba li fiha \u0121urnalisti tal-<em>Malta Today<\/em> sfaw imbarazzati mill-img\u0127allem bla sinsla li g\u0127andhom. <a href=\"https:\/\/daphnecaruanagalizia.com\/2017\/04\/saviour-balzankeith-schembri-1am-phone-call-scandal-now-can-see-libel-courts-abused\/\" target=\"_blank\" rel=\"noopener noreferrer\">Dakinhar li Daphne Caruana Galizia wriet li kellha l-provi f&#8217;idejha li, f&#8217;nofs ta&#8217; lejl,\u00a0 Saviour Balzan kien ir\u010bieva ordnijiet ming\u0127and Keith Schembri<\/a> kien jum ikra\u0127 g\u0127alihom ilkoll.<\/p>\n<p>M&#8217;g\u0127andniex g\u0127alfejn naqblu ma&#8217; kull ma jinkiteb mill-\u0121urnalisti tal-<em>Malta Today<\/em>. Jien \u010bertament wie\u0127ed minn dawk li ma naqbilx ma kull ma jiktbu. Wara kollox, wie\u0127ed g\u0127aliex g\u0127andu bilfors jikteb biss dak li jdoqq g\u0127al widnejja? Madankollu nsibha diffi\u010bli biex nemmen li persuni b\u0127alma huma\u00a0 Matthew Vella jew James Debono jew Kurt Sansone ser jaslu biex jiktbu rapporti fil-\u0121urnal tag\u0127hom g\u0127ax ikunu t\u0127allsu baxx baxx minn x&#8217;imkien ie\u0127or biex jiktbu b&#8217;\u010bertu mod.<\/p>\n<p>Dan li g\u0127adni kemm ktibt ma jg\u0127oddx g\u0127al Saviour Balzan.<\/p>\n<p>Qabel l-elezzjoni tal-2013, meta kont g\u0127adni na\u0127dem mal-gvern, Saviour Balzan kien avvi\u010bina kollega li kien ja\u0127dem f&#8217;Ministeru ie\u0127or u li dak i\u017c-\u017cmien kien ta\u0127t \u010berta pressjoni min\u0127abba artikli li kienu qed jixxandru fil-<em>Malta Today<\/em> (sa \u010bertu punt kellhom ftit tar-ra\u0121un). Balzan kien qallu li lest itaffi l-\u0127ruxija tal-irrappurtar ta&#8217; stejjer fil-\u0121urnal tieg\u0127u kemm il-darba ji\u017cdied in-numru ta&#8217; riklami m\u0127allsa mill-Ministeru g\u0127all-\u0121urnal tieg\u0127u. Il-kollega tieg\u0127i jiftakar il-kliem e\u017catt li kien qallu: \u201cje\u0127tie\u0121 t\u0127allas jekk tridni n\u017comm is-skiet\u201d.<\/p>\n<p>Il-kollega tieg\u0127i ma kienx imdorri jinnegozja mat-terroristi u s-&#8220;skiet&#8221; li kien g\u0127all-bejg\u0127 kien ka\u0127\u0127lu ma&#8217; wi\u010b\u010b Saviour Balzan. U talli g\u0127amel hekk, bdiet kampanja selva\u0121\u0121a ta&#8217; kritika n\u0121usta kontra l-kollega tieg\u0127i u dan biex dan ipatti g\u0127all-fatt li kien irrifjuta li jonfoq flus pubbli\u010bi biex jinxtara&#8217; s-skiet.<\/p>\n<p>Il-gvern pre\u017centi ma jbatix minn skrupli b\u0127al dawn. Il-fibra morali ta&#8217; dan il-gvern lanqas biss te\u017cisti.<\/p>\n<p>Dan huwa l-mod kif jittantaw li jimmanipulawk dawk li ripetutament jixlu lil \u0127addie\u0127or b&#8217;a\u0121endi mo\u0127bija.<\/p>\n<p>Il-biera\u0127 fuq il-<em>website<\/em> tag\u0127hom Matthew Vella u Kurt Sansone be\u017cg\u0127u li setg\u0127u \u0121ew impin\u0121ija b\u0127allikieku kienu mer\u010benarji li jiktbu bil-mod li jiktbu g\u0127ax im\u0127allsin biex jag\u0127mlu dan. Lil tal-<em>Lovin<\/em> <em>Malta<\/em>, li kienu huma li \u0127ar\u0121u b&#8217;din l-istorja, qalulhom li \u010bertament huma ma jiktbux b&#8217;tali mod g\u0127ax ikunu t\u0127allsu minn dawk li jinkitbu stejjer dwarhom.<\/p>\n<p>I\u017cda l-verit\u00e0 hi li dan ma jg\u0127oddx g\u0127al Saviour Balzan li m&#8217;huwiex mer\u010benarju daqs kemm huwa\u00a0 estorsjonist.<\/p>\n<p>Lill-klijenti tieg\u0127u tat-<em>Transport Malta<\/em> mhux bi \u0127siebni npin\u0121ihom b\u0127ala l-vittmi tieg\u0127u. Jekk xejn, dawn huma kompli\u010bi mieg\u0127u. U l-impatt huwa \u0127afna akbar minn kull influwenza o\u0127ra li seta&#8217; kien hemm fuq il-linja li ttie\u0127det mill-<em>Malta Today.<\/em><\/p>\n<p>Matthew Vella u Kurt Sansone jaslu biex jammettu li, minkejja kull sforz li jkollhom il-\u0127ila li jag\u0127mlu, it-TVM jil\u0127aq numru \u0127afna akbar ta&#8217; persuni milli qatt jistg\u0127u jil\u0127qu l-\u0121urnali tag\u0127hom.<\/p>\n<p>Nhar il-\u0120img\u0127a li g\u0127adda fuq it-TVM rajna lil Saviour Balzan \u201cjintervista\u201d lill-klijent tieg\u0127u Frederick Azzopardi li, g\u0127an-nom tal-gvern, huwa l-&#8220;wi\u010b\u010b&#8221; tal-pro\u0121ett tal-qtug\u0127 tas-si\u0121ar.<\/p>\n<p>Pre\u017centi g\u0127all-&#8220;intervista&#8221; kien hemm biss Balzan u Azzopardi. <a href=\"https:\/\/timesofmalta.com\/articles\/view\/maltatoday-editor-ran-controlled-interview-with-electrogas.707284\" target=\"_blank\" rel=\"noopener noreferrer\">L-&#8220;intervista&#8221; xotta u kajmana kienet tixbah lil dik li Balzan kien g\u0127amel lil Konrad Mizzi<\/a>. Ma nafux kemm t\u0127allas g\u0127al din l-&#8220;intervista&#8221;: nafu biss li wie\u0127ed minn dawn it-tnejn huwa \u0127alliel. Ieqaf a\u0127seb ftit fuq dan li g\u0127adni kemm ktibt.<\/p>\n<p><img class=\"aligncenter wp-image-77526 size-full\" src=\"https:\/\/manueldelia.com\/wp-content\/uploads\/2019\/07\/105ef3274e2e8f50b2086b40ad551658bb001027-1555229616-5cb2ebb0-620x348.png\" alt=\"\" width=\"620\" height=\"330\" srcset=\"https:\/\/manueldelia.com\/wp-content\/uploads\/2019\/07\/105ef3274e2e8f50b2086b40ad551658bb001027-1555229616-5cb2ebb0-620x348-200x106.png 200w, https:\/\/manueldelia.com\/wp-content\/uploads\/2019\/07\/105ef3274e2e8f50b2086b40ad551658bb001027-1555229616-5cb2ebb0-620x348-300x160.png 300w, https:\/\/manueldelia.com\/wp-content\/uploads\/2019\/07\/105ef3274e2e8f50b2086b40ad551658bb001027-1555229616-5cb2ebb0-620x348-400x213.png 400w, https:\/\/manueldelia.com\/wp-content\/uploads\/2019\/07\/105ef3274e2e8f50b2086b40ad551658bb001027-1555229616-5cb2ebb0-620x348-600x319.png 600w, https:\/\/manueldelia.com\/wp-content\/uploads\/2019\/07\/105ef3274e2e8f50b2086b40ad551658bb001027-1555229616-5cb2ebb0-620x348.png 620w\" sizes=\"(max-width: 620px) 100vw, 620px\" \/><\/p>\n<p>Skont il-li\u0121ijiet tax-xandir, l-&#8220;intervista&#8221; li Saviour Balzan g\u0127amel lill-qerried tas-si\u0121ar Frederick Azzopardi minnha nnifisha kienet \u017cbilan\u010bjata g\u0127all-a\u0127\u0127ar. Il-li\u0121i tipprovdi li, meta jkun hemm kwistjonijiet ta&#8217; kontroversja pubblika, x-xandir nazzjonali g\u0127andu jassigura li jkun hemm bilan\u010b: ji\u0121ifieri huwa fid-dmir li jxandar il-fehmiet kemm ta&#8217; dawk favur kif ukoll ta&#8217; dawk li huma kontra. Minflok bilan\u010b, ma&#8217; wi\u010b\u010bna \u010bappsulna lil Frederick Azzopardi li &#8211; hu u jindilek bix-xama&#8217; minn Saviour Balzan &#8211; ittanta jbellag\u0127hielna li l-pro\u0121ett tal-qtug\u0127 tas-si\u0121ar u tat-twessieg\u0127 tat-toroq huwa wie\u0127ed favur l-ambjent.<\/p>\n<p>Hekk kif tinteba\u0127 li dak li kien qed jag\u0127mel l-intervista lir-rappre\u017centant tal-gvern huwa m\u0127allas mill-istess gvern, tis\u0127ajjlek ti\u017cfen f&#8217;nofs xena ta&#8217; xog\u0127ol letterarju ta&#8217; George Orwell.<\/p>\n<p>Li kieku l-Awtorit\u00e0 tax-Xandir kellha ttajjar in-ng\u0127asa li b\u0127alissa tinsab fiha, lil Saviour Balzan kienet tordnalu jwarrab mill-programm tieg\u0127u stess u kienet tag\u0127ti l-istess ammont ta&#8217; \u0127in lil rappre\u017centanti ta&#8217; dawk li organizzaw il-protesta ta&#8217; nhar il-\u0126add li g\u0127adda biex isemmg\u0127u fehmithom dwar is-<em>Central Link project.<\/em><\/p>\n<p><img class=\"aligncenter wp-image-77528 size-full\" src=\"https:\/\/manueldelia.com\/wp-content\/uploads\/2019\/07\/watch-protestors-tie-themselves-to-trees-that-will-be-uprooted-for-central-link-project-4.jpg\" alt=\"\" width=\"959\" height=\"720\" srcset=\"https:\/\/manueldelia.com\/wp-content\/uploads\/2019\/07\/watch-protestors-tie-themselves-to-trees-that-will-be-uprooted-for-central-link-project-4-200x150.jpg 200w, https:\/\/manueldelia.com\/wp-content\/uploads\/2019\/07\/watch-protestors-tie-themselves-to-trees-that-will-be-uprooted-for-central-link-project-4-300x225.jpg 300w, https:\/\/manueldelia.com\/wp-content\/uploads\/2019\/07\/watch-protestors-tie-themselves-to-trees-that-will-be-uprooted-for-central-link-project-4-400x300.jpg 400w, https:\/\/manueldelia.com\/wp-content\/uploads\/2019\/07\/watch-protestors-tie-themselves-to-trees-that-will-be-uprooted-for-central-link-project-4-600x450.jpg 600w, https:\/\/manueldelia.com\/wp-content\/uploads\/2019\/07\/watch-protestors-tie-themselves-to-trees-that-will-be-uprooted-for-central-link-project-4-768x577.jpg 768w, https:\/\/manueldelia.com\/wp-content\/uploads\/2019\/07\/watch-protestors-tie-themselves-to-trees-that-will-be-uprooted-for-central-link-project-4-800x601.jpg 800w, https:\/\/manueldelia.com\/wp-content\/uploads\/2019\/07\/watch-protestors-tie-themselves-to-trees-that-will-be-uprooted-for-central-link-project-4.jpg 959w\" sizes=\"(max-width: 959px) 100vw, 959px\" \/><\/p>\n<p>Matthew Vella u Kurt Sansone assigurawna li kemm il-darba jkollhom nuqqas ta&#8217; qbil ma&#8217; Saviour Balzan dwar il-kontenut tal-linji editorjali. Ma na\u0127sibx li jkun \u0121ust jekk nitfa&#8217; xi dubju dwar is-sin\u010berit\u00e0 tag\u0127hom f&#8217;dan ir-rigward. Dak li g\u0127addew minnu huwa \u0127afna ag\u0127ar minn dak li kienu g\u0127addew minnu u dak li \u0127assew \u0121urnalisti tat-<em>Times of Malta<\/em> meta d-direttur mani\u0121erjali tal-<em>Allied Newspapers,<\/em> Adrian Hillman, kien inkixef li kien ixxa\u0127\u0127am minn Keith Schembri, <em>chief of staff<\/em> ta&#8217; Joseph Muscat.<\/p>\n<p>Saviour Balzan m&#8217;huwiex id-direttur mani\u0121erjali tal-<em>Malta Today group,<\/em> i\u017cda huwa l-editur mani\u0121erjali. Anki jekk huwa minnu &#8211; kif qed jallega &#8211; li huwa ma ji\u0127ux de\u010bi\u017cjonijiet marbuta mal-kontenut tal-editorjali, fil-prattika qed ikollu xi jg\u0127id mag\u0127hom dwar il-kontenut tal-editorjali li suppost m&#8217;g\u0127andux ikollu x&#8217;jaqsam mag\u0127hom \u0121aladarba huwa m\u0127allas biex jie\u0127u \u0127sieb ir-relazzjonijiet pubbli\u010bi.<\/p>\n<p>U minkejja dan kollu jibqa&#8217; jippo\u017ca ta&#8217; \u0121urnalist, sa\u0127ansitra anki fuq ix-xandir nazzjonali.<\/p>\n<p>Dan lanqas ma tista&#8217; ssejja\u0127lu in\u010best daqs kemm tista&#8217; ssejja\u0127lu awto-sodomija.<\/p>\n<p>Saviour Balzan innifsu huwa prova u e\u017cempju tal-attakk fuq ix-xandir \u0127ieles f&#8217;Malta u l-gvern sab l-opportunit\u00e0 biex jisfrutta l-karattru korrott tieg\u0127u. Il-gvern, minflok jibg\u0127at il-\u0121urnalisti l-\u0127abs, sab mezz biex i\u017cieg\u0127el bis-sidien tal-\u0121urnali permezz tat-tix\u0127im.<span class=\"Apple-converted-space\">\u00a0<\/span><\/p>\n<p>U fil-frattemp, \u0121urnalisti onesti m\u0127allsa mi\u017cerjament u mifnijin bix-xog\u0127ol u li mo\u0127\u0127hom biss biex jag\u0127mlu dak li hu sewwa, qed ikollhom jiffa\u010b\u010bjaw battikata wara l-o\u0127ra biex ji\u017cguraw li xog\u0127olhom ji\u0121i mxandar.<\/p>\n<p><a href=\"https:\/\/www.maltatoday.com.mt\/comment\/blogs\/94471\/reporters_without_braincells_more_like_it#.XT_5fi2B1Bw\" target=\"_blank\" rel=\"noopener noreferrer\">Il-\u0121urnalista tal-<em>Malta Today<\/em> li b&#8217;sa\u0127\u0127a kien \u010ba\u0127ad li l-libert\u00e0 tal-istampa f&#8217;Malta tinsab ta\u0127t attakk huwa Raphael Vassallo.<\/a> Min jaf, forsi issa se jkun lest li jirrevedi l-po\u017cizzjoni tieg\u0127u hekk kif jinteba\u0127 li l-img\u0127allem tieg\u0127u, Saviour Balzan, ma kienx qed jaqbe\u017c g\u0127all-gvern ta&#8217; xejn?<\/p>\n<p>Anki jekk ma jinteba\u0127x bihom mill-ewwel, kull fejn i\u0127ares jara l-\u0127allelin.<\/p>\n<p>Araw fejn hu wie\u0127ed minnhom.<\/p>\n<p><img class=\"aligncenter wp-image-77530 size-full\" src=\"https:\/\/manueldelia.com\/wp-content\/uploads\/2019\/07\/opinion_saviour_balzan.png\" alt=\"\" width=\"684\" height=\"385\" srcset=\"https:\/\/manueldelia.com\/wp-content\/uploads\/2019\/07\/opinion_saviour_balzan-200x113.png 200w, https:\/\/manueldelia.com\/wp-content\/uploads\/2019\/07\/opinion_saviour_balzan-300x169.png 300w, https:\/\/manueldelia.com\/wp-content\/uploads\/2019\/07\/opinion_saviour_balzan-400x225.png 400w, https:\/\/manueldelia.com\/wp-content\/uploads\/2019\/07\/opinion_saviour_balzan-600x338.png 600w, https:\/\/manueldelia.com\/wp-content\/uploads\/2019\/07\/opinion_saviour_balzan.png 684w\" sizes=\"(max-width: 684px) 100vw, 684px\" \/><\/p>\n","protected":false},"excerpt":{"rendered":"<p>Ma jistax ma jiddispja\u010binix g\u0127al Matthew Vella u g\u0127al Kurt Sansone li flimkien kitbu editorjal wara li l-kjass li nqala&#8217; wara li tal-Lovin Malta kixfu li kumpannija tal-Malta Today, li sidha huwa d-direttur mani\u0121erjali ta&#8217; dan il-\u0121urnal, kienet tqabbdet biex tag\u0127mel xog\u0127ol ta&#8217; relazzjonijiet pubbli\u010bi u ta&#8217; reklamar g\u0127all-gvern dwar il-qtug\u0127 tas-si\u0121ar fit-triq li hemm [&hellip;]<\/p>\n","protected":false},"author":1,"featured_media":77530,"comment_status":"open","ping_status":"open","sticky":false,"template":"","format":"standard","meta":[],"categories":[54],"tags":[],"_links":{"self":[{"href":"https:\/\/manueldelia.com\/mt\/wp-json\/wp\/v2\/posts\/77539\/"}],"collection":[{"href":"https:\/\/manueldelia.com\/mt\/wp-json\/wp\/v2\/posts\/"}],"about":[{"href":"https:\/\/manueldelia.com\/mt\/wp-json\/wp\/v2\/types\/post\/"}],"author":[{"embeddable":true,"href":"https:\/\/manueldelia.com\/mt\/wp-json\/wp\/v2\/users\/1\/"}],"replies":[{"embeddable":true,"href":"https:\/\/manueldelia.com\/mt\/wp-json\/wp\/v2\/comments\/?post=77539"}],"version-history":[{"count":5,"href":"https:\/\/manueldelia.com\/mt\/wp-json\/wp\/v2\/posts\/77539\/revisions\/"}],"predecessor-version":[{"id":77608,"href":"https:\/\/manueldelia.com\/mt\/wp-json\/wp\/v2\/posts\/77539\/revisions\/77608\/"}],"wp:featuredmedia":[{"embeddable":true,"href":"https:\/\/manueldelia.com\/mt\/wp-json\/wp\/v2\/media\/77530\/"}],"wp:attachment":[{"href":"https:\/\/manueldelia.com\/mt\/wp-json\/wp\/v2\/media\/?parent=77539"}],"wp:term":[{"taxonomy":"category","embeddable":true,"href":"https:\/\/manueldelia.com\/mt\/wp-json\/wp\/v2\/categories\/?post=77539"},{"taxonomy":"post_tag","embeddable":true,"href":"https:\/\/manueldelia.com\/mt\/wp-json\/wp\/v2\/tags\/?post=77539"}],"curies":[{"name":"wp","href":"https:\/\/api.w.org\/{rel}","templated":true}]}}