{"id":78140,"date":"2019-08-23T21:55:21","date_gmt":"2019-08-23T19:55:21","guid":{"rendered":"https:\/\/manueldelia.com\/?p=78140"},"modified":"2019-08-26T15:52:04","modified_gmt":"2019-08-26T13:52:04","slug":"mhux-razzist-biss-ipokrita-wkoll","status":"publish","type":"post","link":"https:\/\/manueldelia.com\/mt\/2019\/08\/mhux-razzist-biss-ipokrita-wkoll\/","title":{"rendered":"Mhux razzist biss. Ipokrita wkoll."},"content":{"rendered":"<p class=\"p1\"><img class=\"aligncenter size-full wp-image-78116\" src=\"https:\/\/manueldelia.com\/wp-content\/uploads\/2019\/08\/Screenshot-2019-08-23-at-21.51.57.png\" alt=\"\" width=\"1805\" height=\"1186\" srcset=\"https:\/\/manueldelia.com\/wp-content\/uploads\/2019\/08\/Screenshot-2019-08-23-at-21.51.57-200x131.png 200w, https:\/\/manueldelia.com\/wp-content\/uploads\/2019\/08\/Screenshot-2019-08-23-at-21.51.57-300x197.png 300w, https:\/\/manueldelia.com\/wp-content\/uploads\/2019\/08\/Screenshot-2019-08-23-at-21.51.57-400x263.png 400w, https:\/\/manueldelia.com\/wp-content\/uploads\/2019\/08\/Screenshot-2019-08-23-at-21.51.57-600x394.png 600w, https:\/\/manueldelia.com\/wp-content\/uploads\/2019\/08\/Screenshot-2019-08-23-at-21.51.57-768x505.png 768w, https:\/\/manueldelia.com\/wp-content\/uploads\/2019\/08\/Screenshot-2019-08-23-at-21.51.57-800x526.png 800w, https:\/\/manueldelia.com\/wp-content\/uploads\/2019\/08\/Screenshot-2019-08-23-at-21.51.57.png 1024w, https:\/\/manueldelia.com\/wp-content\/uploads\/2019\/08\/Screenshot-2019-08-23-at-21.51.57-1200x788.png 1200w\" sizes=\"(max-width: 1805px) 100vw, 1805px\" \/><\/p>\n<p class=\"p1\"><span class=\"s1\"><a href=\"https:\/\/manueldelia.com\/2018\/11\/when-hypocrisy-is-transparent-ii\/\" target=\"_blank\" rel=\"noopener noreferrer\">Darba minnhom kienu \u0127arrkuni talli lil xi \u0127add sejja\u0127tlu &#8220;ipokrita&#8221;.<\/a> Justin Schembri ma jistax i\u0127arrikni talli sejja\u0127tlu &#8220;razzist&#8221; <a href=\"https:\/\/manueldelia.com\/2019\/08\/call-me-a-racist-pn-spokesman-says-ok\/\" target=\"_blank\" rel=\"noopener noreferrer\">g\u0127aliex g\u0127amilt dan fuq stedina tieg\u0127u stess.<\/a> Ejjew naraw ftit il-g\u0127ala kliemu jikxfu b\u0127ala ipokrita.<\/span><\/p>\n<p class=\"p1\">Waqt konferenza organizzata s-sena li g\u0127addiet minn NGO Musulmana msejj\u0127a <em>Ahmadiyya Muslim Jamaat Malta<\/em>, <span class=\"s1\">Justin Schembri kien tkellem g\u0127an-nom tal-PN b\u0127ala \u201ckelliem dwar l-Edukazzjoni\u201d.<\/span><\/p>\n<p class=\"p1\"><span class=\"s1\">It-tema tal-konferenza kienet \u201cL-isfidi tas-seklu 21, l-Edukazzjoni u l-Pa\u010bi\u201d.<\/span><\/p>\n<p class=\"p1\"><span class=\"s1\"><a href=\"https:\/\/ahmadiyyamalta.org\/2018\/03\/23\/ahmadiyya-malta-peace-symposium-2018\/\" target=\"_blank\" rel=\"noopener noreferrer\">Il-<em>website<\/em> ta&#8217; din l-NGO li nediet il-konferenza fih sunt tad-diskors ta&#8217; Justin Schembri<\/a>:<\/span><\/p>\n<p class=\"p1\"><span class=\"s1\">\u201cMr Justin Schembri g\u0127an-nom tal-Onor. Ministru Dell g\u0127all-Edukazzjoni tkellem dwar il-mod kif qed jiddominaw il-media so\u010bjali u dwar il-\u0127tie\u0121a li wie\u0127ed jag\u0127mel u\u017cu minn dan il-mezz b&#8217;responsabbilt\u00e0. Meta tkellem dwar l-isfidi attwali, huwa qal li: \u2018l-edukazzjoni hija l-g\u0127odda li biha wie\u0127ed ikun jista&#8217; jsib tarf kwistjonijiet b\u0127al dawn. L-edukazzjoni twassal g\u0127al \u017cvilupp uman u twassal g\u0127as-sliem. U meta titwa\u0127\u0127ad mat-ta\u0127ri\u0121 tekniku, l-edukazzjoni twassal ukoll biex jitnaqqas il-faqar. L-edukazzjoni twassal g\u0127all-pa\u010bi, g\u0127all-g\u0127erf, g\u0127as-setg\u0127a u g\u0127as-sigurt\u00e0\u201d.<\/span><\/p>\n<p class=\"p1\"><span class=\"s1\">U llum fil-<em>Facebook<\/em> kiteb li r-refu\u0121jati g\u0127andna ner\u0127ulhom jeg\u0127rqu u dawk li qed jirsistu biex isalvawhom huma kriminali u g\u0127andna naqfluhom il-\u0127abs.<\/span><\/p>\n<p class=\"p1\"><span class=\"s1\">Tassew e\u017cempju ta&#8217; u\u017cu tal-media so\u010bjali li jispirak.<\/span><\/p>\n<p class=\"p1\"><span class=\"s1\">Dak li qed jirrakkomanda g\u0127al \u0127addie\u0127or g\u0127andu japplikah g\u0127alih innifsu. U lit-<em>trolls<\/em> li fuq il-<em>Facebook<\/em> qed jistaqsu il-g\u0127ala \u0127assar dak li kiteb (jista&#8217; jg\u0127idilna il-g\u0127ala \u0127assar dak li kiteb?) u dwar kemm g\u0127andu ra\u0121un.<\/span><\/p>\n","protected":false},"excerpt":{"rendered":"<p>Darba minnhom kienu \u0127arrkuni talli lil xi \u0127add sejja\u0127tlu &#8220;ipokrita&#8221;. Justin Schembri ma jistax i\u0127arrikni talli sejja\u0127tlu &#8220;razzist&#8221; g\u0127aliex g\u0127amilt dan fuq stedina tieg\u0127u stess. Ejjew naraw ftit il-g\u0127ala kliemu jikxfu b\u0127ala ipokrita. Waqt konferenza organizzata s-sena li g\u0127addiet minn NGO Musulmana msejj\u0127a Ahmadiyya Muslim Jamaat Malta, Justin Schembri kien tkellem g\u0127an-nom tal-PN b\u0127ala \u201ckelliem [&hellip;]<\/p>\n","protected":false},"author":1,"featured_media":78117,"comment_status":"open","ping_status":"open","sticky":false,"template":"","format":"standard","meta":[],"categories":[54],"tags":[],"_links":{"self":[{"href":"https:\/\/manueldelia.com\/mt\/wp-json\/wp\/v2\/posts\/78140\/"}],"collection":[{"href":"https:\/\/manueldelia.com\/mt\/wp-json\/wp\/v2\/posts\/"}],"about":[{"href":"https:\/\/manueldelia.com\/mt\/wp-json\/wp\/v2\/types\/post\/"}],"author":[{"embeddable":true,"href":"https:\/\/manueldelia.com\/mt\/wp-json\/wp\/v2\/users\/1\/"}],"replies":[{"embeddable":true,"href":"https:\/\/manueldelia.com\/mt\/wp-json\/wp\/v2\/comments\/?post=78140"}],"version-history":[{"count":2,"href":"https:\/\/manueldelia.com\/mt\/wp-json\/wp\/v2\/posts\/78140\/revisions\/"}],"predecessor-version":[{"id":78142,"href":"https:\/\/manueldelia.com\/mt\/wp-json\/wp\/v2\/posts\/78140\/revisions\/78142\/"}],"wp:featuredmedia":[{"embeddable":true,"href":"https:\/\/manueldelia.com\/mt\/wp-json\/wp\/v2\/media\/78117\/"}],"wp:attachment":[{"href":"https:\/\/manueldelia.com\/mt\/wp-json\/wp\/v2\/media\/?parent=78140"}],"wp:term":[{"taxonomy":"category","embeddable":true,"href":"https:\/\/manueldelia.com\/mt\/wp-json\/wp\/v2\/categories\/?post=78140"},{"taxonomy":"post_tag","embeddable":true,"href":"https:\/\/manueldelia.com\/mt\/wp-json\/wp\/v2\/tags\/?post=78140"}],"curies":[{"name":"wp","href":"https:\/\/api.w.org\/{rel}","templated":true}]}}