{"id":78397,"date":"2019-09-08T08:56:46","date_gmt":"2019-09-08T06:56:46","guid":{"rendered":"https:\/\/manueldelia.com\/?p=78397"},"modified":"2019-09-09T22:13:45","modified_gmt":"2019-09-09T20:13:45","slug":"jinqala-ghall-gbir-tal-iskart","status":"publish","type":"post","link":"https:\/\/manueldelia.com\/mt\/2019\/09\/jinqala-ghall-gbir-tal-iskart\/","title":{"rendered":"Jinqala&#8217; g\u0127all-\u0121bir tal-iskart"},"content":{"rendered":"<p><img class=\"aligncenter size-full wp-image-78363\" src=\"https:\/\/manueldelia.com\/wp-content\/uploads\/2019\/09\/WhatsApp-Image-2019-09-07-at-15.00.24.jpeg\" alt=\"\" width=\"960\" height=\"640\" srcset=\"https:\/\/manueldelia.com\/wp-content\/uploads\/2019\/09\/WhatsApp-Image-2019-09-07-at-15.00.24-200x133.jpeg 200w, https:\/\/manueldelia.com\/wp-content\/uploads\/2019\/09\/WhatsApp-Image-2019-09-07-at-15.00.24-300x200.jpeg 300w, https:\/\/manueldelia.com\/wp-content\/uploads\/2019\/09\/WhatsApp-Image-2019-09-07-at-15.00.24-400x267.jpeg 400w, https:\/\/manueldelia.com\/wp-content\/uploads\/2019\/09\/WhatsApp-Image-2019-09-07-at-15.00.24-600x400.jpeg 600w, https:\/\/manueldelia.com\/wp-content\/uploads\/2019\/09\/WhatsApp-Image-2019-09-07-at-15.00.24-768x512.jpeg 768w, https:\/\/manueldelia.com\/wp-content\/uploads\/2019\/09\/WhatsApp-Image-2019-09-07-at-15.00.24-800x533.jpeg 800w, https:\/\/manueldelia.com\/wp-content\/uploads\/2019\/09\/WhatsApp-Image-2019-09-07-at-15.00.24.jpeg 960w\" sizes=\"(max-width: 960px) 100vw, 960px\" \/><\/p>\n<p>Mid-dehra tal-PN il-biera\u0127 kellhom ippjanat aktar minn attivit\u00e0 wa\u0127da <a href=\"https:\/\/manueldelia.com\/2019\/09\/i-understand-political-parties-were-told-to-stay-away-from-todays-protest\/\" target=\"_blank\" rel=\"noopener noreferrer\">ji\u0121ifieri konferenza li kellha b\u0127ala su\u0121\u0121ett l-irvellijiet tas-Sette Giugno biex jipprovaw jiddevjaw l-attenzjoni<\/a> mill- <a href=\"https:\/\/manueldelia.com\/2019\/09\/vox-populi\/\" target=\"_blank\" rel=\"noopener noreferrer\">protesta organizzata mill- Moviment Graffitti<\/a>. Adrian Delia flimkien ma&#8217; w\u0127ud mill-istudenti li mistennija li jibdew imexxu lill-M\u017bPN minflok il-mexxejja pre\u017centi li ma kinux lesti li jservu ta&#8217; pupazzi g\u0127at-tmexxija dg\u0127ajjfa tal-partit li hemm b\u0127alissa, il-biera\u0127 \u0127ar\u0121u jnaddfu.<\/p>\n<p>Wie\u0127ed minn dawn l-istudenti l-biera\u0127 xandar ritratt fuq il-pa\u0121na tieg\u0127i tal-Facebook li fih jidhru jitbissmu fil-presenza ta&#8217; salt boro\u017c tal-iskart. Mid-dehra ried jurina kemm huwa bie\u017cel.<\/p>\n<p><img class=\"aligncenter size-full wp-image-78365\" src=\"https:\/\/manueldelia.com\/wp-content\/uploads\/2019\/09\/70260224_1692718107538418_6804358915724148736_n.jpg\" alt=\"\" width=\"720\" height=\"480\" srcset=\"https:\/\/manueldelia.com\/wp-content\/uploads\/2019\/09\/70260224_1692718107538418_6804358915724148736_n-200x133.jpg 200w, https:\/\/manueldelia.com\/wp-content\/uploads\/2019\/09\/70260224_1692718107538418_6804358915724148736_n-300x200.jpg 300w, https:\/\/manueldelia.com\/wp-content\/uploads\/2019\/09\/70260224_1692718107538418_6804358915724148736_n-400x267.jpg 400w, https:\/\/manueldelia.com\/wp-content\/uploads\/2019\/09\/70260224_1692718107538418_6804358915724148736_n-600x400.jpg 600w, https:\/\/manueldelia.com\/wp-content\/uploads\/2019\/09\/70260224_1692718107538418_6804358915724148736_n.jpg 720w\" sizes=\"(max-width: 720px) 100vw, 720px\" \/><\/p>\n<p>M&#8217;hemmx dubju li \u0121eneralment it-tindif jag\u0127mel il-\u0121id. Grazzi g\u0127al Adrian Delia u g\u0127al s\u0127abu llum hemm inqas skart fl-in\u0127awi ta&#8217; Burmarrad milli kien hemm il-biera\u0127. Naf x&#8217;inhu g\u0127addej f&#8217;mo\u0127\u0127kom meta nirreferi g\u0127all-&#8220;iskart f&#8217;Burmarrad&#8221;. Mhux a\u0127jar a\u0127jar jekk nid\u0127ku ftit ming\u0127ajr ma&#8217; noqg\u0127odu nispe\u010bifikaw?<\/p>\n<p>It-tindif m&#8217;g\u0127andux l-effett biss li jnaqqas l-iskart li jkun intrema&#8217; dakinhar li jin\u0121abar. Li kieku kien hekk biss, ma kien ikun xejn \u0127lief tag\u0127\u017ciq fl-ilma kif tfakkarna l-parabbola ta&#8217; Santu Wistin dwar it-tifel f&#8217;xatt il-ba\u0127ar.<\/p>\n<p>It-tindif g\u0127andu jservi wkoll biex inigge\u017c il-kuxjenza ta&#8217; min hu indifferenti. Kuxjenza li titnigge\u017c kull meta ni\u0121i mwiddeb minn binti kull darba li narmi <em>teabag<\/em> fil-bor\u017ca s-sewda minflok fil-bor\u017ca organika jew meta niekol xi \u0121elat minn wara dahar marti.<\/p>\n<p>Fi \u017cminijiet o\u0127rajn, it-tindif organizzat mill-PN kien iservi biex jing\u0127ata e\u017cempju. Kien ikun e\u017cer\u010bizzju ta&#8217; tmexxija u vetrina b&#8217;ri\u017cq politika favur il-konservazzjoni.<\/p>\n<p>Il-biera\u0127 ma kien hemm xejn minn dan kollu. Ma saret ebda proposta minn Adrian Delia biex ikun hemm \u017cieda fit-taxxa fuq l-u\u017cu tal-plastik jew sabiex ji\u0121i projbit l-u\u017cu tal-fliexken tal-plastik. Lanqas ma \u0127are\u0121 b&#8217;xi proposti sabiex ikun hemm multi aktar \u0127orox fuq min jarmi barra u biex ikun hemm infurzar a\u0127jar fejn jid\u0127ol l-ambjent. Ma semma&#8217; xejn dwar il-miri tieg\u0127u biex ikun hemm anqas kon\u0121estjoni tat-traffiku jew dwar kif min jivvja\u0121\u0121ja bir-rota jkun jista&#8217; jag\u0127mel dan ming\u0127ajr periklu. Ma qalx jekk huwiex favur li jkun hemm limitu fuq l-og\u0127li tal-bini jew fuq l-i\u017cvilupp tal-art. Lanqas ma wieg\u0127ed projbizzjoni fuq it-tibdil fl-u\u017cu ta&#8217; proprjet\u00e0 mibnija fuq art pubblika. Ma semma&#8217; xejn dwar il-miri tieg\u0127u g\u0127all-ener\u0121ija ri\u010biklabbli.<\/p>\n<p>Wera&#8217; biss li jinqala&#8217; g\u0127all-\u0121bir tal-iskart. U dak il-politiku li jinqala&#8217; biex ji\u0121bor l-iskart ming\u0127ajr ma\u00a0 jkun jinqala&#8217; wkoll li jipproponi politika li twassal g\u0127al tnaqqis fir-rimi tal-iskart m&#8217;huwiex politiku &#8211; jinqala&#8217; biss biex ji\u0121bor l-iskart. Fih innifsu dan m&#8217;huwiex xi insult. Jekk hi \u0127a\u0121a tajba li tara politiku jg\u0127addi \u0121urnata ji\u0121bor l-iskart mill-art, ikun ukoll tajjeb jekk ikun aktar nies b\u0127al dawn li jag\u0127mlu dan ix-xog\u0127ol kuljum ming\u0127ajr ma jippretendu li jippu\u017caw g\u0127ar-ritratti biex xog\u0127olhom ji\u0121i mxandar.<\/p>\n<p>L-isforz nofs kedda tal-biera\u0127 kien attentat minn na\u0127a tal-PN &#8211; li spi\u010b\u010ba biex falla &#8211; biex inessi r-realt\u00e0 li n-nies qed tippreferi titfa&#8217; \u0127arsitha fuq l-isforzi ta&#8217; grupp ta&#8217; Marksisti li g\u0127andhom il-kuxjenza f&#8217;postha milli fuq dawk ta&#8217; Adrian Delia.<\/p>\n<p>Lill-politi\u010bi, tal-Moviment Graffitti qalulhom li mhux posthom fid-dimostrazzjoni li saret il-biera\u0127. Mal-\u0127a\u017cin we\u0127el it-tajjeb g\u0127ax hemm u\u0127ud minn fosthom li huma sin\u010biera fi twemminhom. Lil tal-Graffiti forsi wie\u0127ed jista&#8217; jasal biex jifhimhom. I\u017cda r-realt\u00e0 hi li dak li ntqal waqt id-dimostrazzjoni tal-biera\u0127 jag\u0127mel \u0127afna sens tant li g\u0127ad jirb\u0127u \u0127afna appo\u0121\u0121 ming\u0127and in-nies.<\/p>\n<p>L-a\u0127jar \u0127a\u0121a li setg\u0127u g\u0127amlu l-biera\u0127 dawk li ma kinux mistiedna g\u0127ad-dimostrazzjoni kienet tkun li jibqg\u0127u d-dar u j\u0127allu l-protesta u r-rabja tan-nies jitkellmu we\u0127idhom. U mbag\u0127ad kienu jkunu fil-libert\u00e0 li jappo\u0121\u0121jawha u li jo\u0127or\u0121u bi proposti kredibbli b\u0127ala twe\u0121iba g\u0127at-talbiet li saru minn dawk li marru jipprotestaw.<\/p>\n<p>Din \u010bertament kienet tkun twe\u0121iba dinjitu\u017ca minn na\u0127a ta&#8217; dawk li ntalbu li j\u017commu &#8216;l bog\u0127od mill-protesta.<\/p>\n<p>I\u017cda ma kien hemm ebda dinjit\u00e0 minn na\u0127a ta&#8217; min waqqaf lil madwar g\u0127oxrin \u017cag\u0127\u017cug\u0127 milli jing\u0127aqdu mal-mi\u0121emg\u0127a fil-protesta u minflok kaxkarhom mieg\u0127u biex jippu\u017caw g\u0127ar-ritratti li wassal il-messa\u0121\u0121 li \u0121ej:<\/p>\n<p>Li l-PN jinsab lil hinn mill-komunit\u00e0 u ji\u0121i jaqa&#8217; u jqum mir-rabja tan-nies u mill-protesti. M&#8217;huwiex interessat li jmexxi lin-nies jew li jkun parti mill-protesti.<\/p>\n<p>Interessat biss li jmur sa Burmarrad biex ji\u0121bed ir-ritratti.<\/p>\n","protected":false},"excerpt":{"rendered":"<p>Mid-dehra tal-PN il-biera\u0127 kellhom ippjanat aktar minn attivit\u00e0 wa\u0127da ji\u0121ifieri konferenza li kellha b\u0127ala su\u0121\u0121ett l-irvellijiet tas-Sette Giugno biex jipprovaw jiddevjaw l-attenzjoni mill- protesta organizzata mill- Moviment Graffitti. Adrian Delia flimkien ma&#8217; w\u0127ud mill-istudenti li mistennija li jibdew imexxu lill-M\u017bPN minflok il-mexxejja pre\u017centi li ma kinux lesti li jservu ta&#8217; pupazzi g\u0127at-tmexxija dg\u0127ajjfa tal-partit li [&hellip;]<\/p>\n","protected":false},"author":1,"featured_media":78363,"comment_status":"open","ping_status":"open","sticky":false,"template":"","format":"standard","meta":[],"categories":[54],"tags":[],"_links":{"self":[{"href":"https:\/\/manueldelia.com\/mt\/wp-json\/wp\/v2\/posts\/78397\/"}],"collection":[{"href":"https:\/\/manueldelia.com\/mt\/wp-json\/wp\/v2\/posts\/"}],"about":[{"href":"https:\/\/manueldelia.com\/mt\/wp-json\/wp\/v2\/types\/post\/"}],"author":[{"embeddable":true,"href":"https:\/\/manueldelia.com\/mt\/wp-json\/wp\/v2\/users\/1\/"}],"replies":[{"embeddable":true,"href":"https:\/\/manueldelia.com\/mt\/wp-json\/wp\/v2\/comments\/?post=78397"}],"version-history":[{"count":3,"href":"https:\/\/manueldelia.com\/mt\/wp-json\/wp\/v2\/posts\/78397\/revisions\/"}],"predecessor-version":[{"id":78400,"href":"https:\/\/manueldelia.com\/mt\/wp-json\/wp\/v2\/posts\/78397\/revisions\/78400\/"}],"wp:featuredmedia":[{"embeddable":true,"href":"https:\/\/manueldelia.com\/mt\/wp-json\/wp\/v2\/media\/78363\/"}],"wp:attachment":[{"href":"https:\/\/manueldelia.com\/mt\/wp-json\/wp\/v2\/media\/?parent=78397"}],"wp:term":[{"taxonomy":"category","embeddable":true,"href":"https:\/\/manueldelia.com\/mt\/wp-json\/wp\/v2\/categories\/?post=78397"},{"taxonomy":"post_tag","embeddable":true,"href":"https:\/\/manueldelia.com\/mt\/wp-json\/wp\/v2\/tags\/?post=78397"}],"curies":[{"name":"wp","href":"https:\/\/api.w.org\/{rel}","templated":true}]}}