{"id":79145,"date":"2019-10-02T15:14:29","date_gmt":"2019-10-02T13:14:29","guid":{"rendered":"https:\/\/manueldelia.com\/?p=79145"},"modified":"2019-10-03T08:39:35","modified_gmt":"2019-10-03T06:39:35","slug":"il-hniena-tal-kink-joseph","status":"publish","type":"post","link":"https:\/\/manueldelia.com\/mt\/2019\/10\/il-hniena-tal-kink-joseph\/","title":{"rendered":"Il-\u0127niena tal-&#8220;kink&#8221; Joseph"},"content":{"rendered":"<p><img class=\"aligncenter wp-image-79130 size-full\" src=\"https:\/\/manueldelia.com\/wp-content\/uploads\/2019\/10\/whatsapp_image_2017-07-22_at_4.18.31_pm-1.jpg\" alt=\"\" width=\"684\" height=\"455\" srcset=\"https:\/\/manueldelia.com\/wp-content\/uploads\/2019\/10\/whatsapp_image_2017-07-22_at_4.18.31_pm-1-200x133.jpg 200w, https:\/\/manueldelia.com\/wp-content\/uploads\/2019\/10\/whatsapp_image_2017-07-22_at_4.18.31_pm-1-300x200.jpg 300w, https:\/\/manueldelia.com\/wp-content\/uploads\/2019\/10\/whatsapp_image_2017-07-22_at_4.18.31_pm-1-400x266.jpg 400w, https:\/\/manueldelia.com\/wp-content\/uploads\/2019\/10\/whatsapp_image_2017-07-22_at_4.18.31_pm-1-600x399.jpg 600w, https:\/\/manueldelia.com\/wp-content\/uploads\/2019\/10\/whatsapp_image_2017-07-22_at_4.18.31_pm-1.jpg 684w\" sizes=\"(max-width: 684px) 100vw, 684px\" \/><\/p>\n<p>Imma dan kemm ja\u0127seb li a\u0127na bolo\u0127?<\/p>\n<p>Jumejn ilu, <a href=\"https:\/\/timesofmalta.com\/articles\/view\/university-of-malta-head-says-mask-censorship-will-not-happen-again.739225\" target=\"_blank\" rel=\"noopener noreferrer\">xi gwardjani tas-sigurt\u00e0 fl-Universit\u00e0 waqqfu protesta li saret mill-Moviment Graffitti fuq il-kampus<\/a>. G\u0127all-bidu din il-mossa dehret b\u0127allikieku kienet inizjattiva li ttie\u0127det minn xi gwardjan tas-sigurt\u00e0. I\u017cda aktar tard l-Universit\u00e0 \u0127are\u0121t stqarrija li fiha qalet li ma kienx bi \u0127siebha tittollera protesti politi\u010bi matul il-freshers\u2019 week g\u0127aliex ikun hemm numru kbir ta&#8217; nies &#8211; partikolarment persuni importanti &#8211; li jkollhom isegwuha.<\/p>\n<p><a href=\"https:\/\/timesofmalta.com\/articles\/view\/watch-university-decision-to-censor-activist-was-stupid-prime-minister.739257\" target=\"_blank\" rel=\"noopener noreferrer\">L-g\u0127ada, hu u j\u017cur l-Universit\u00e0, Joseph Muscat tka\u017ca u<\/a> inkredibilment qal li \u201cjekk il-libert\u00e0 tal-kelma ma ti\u0121ix rispettata fl-Universita, ma nafx fejn trid ti\u0121i rispettata\u201d. Huwa qal li t-tne\u0127\u0127ija tal-maskra bl-imma\u0121ni ta&#8217; Ian Borg minn ma&#8217; wi\u010b\u010b il-protestant tal-Moviment Graffiti kienet azzjoni \u201cstupida\u201d. I\u017cda dak li qal Joseph Muscat ifisser ukoll li huwa jaqbel mal-konklu\u017cjoni li t-tne\u0127\u0127ija ta&#8217; maskra minn ma&#8217; wi\u010b\u010b protestant bil-g\u0127an li titwaqqaf protesta tammonta g\u0127al theddida kontra l-libert\u00e0 tal-kelma u li l-isku\u017ci li \u0121abet l-Universit\u00e0 ma kienux \u0121ustifikati.<\/p>\n<p>Joseph Muscat imbag\u0127ad kompla jilg\u0127ab g\u0127all-gallarija b&#8217;te\u0127id ta&#8217; ritratt mal-protestanti tal-Graffiti li kienu libsin l-istess maskra li l-Universita kienet ne\u0127\u0127iet il-jum ta&#8217; qabel. Dan ir-ritratt ittie\u0127ed f&#8217;atmosfera li dehret amikevoli &#8211; jista&#8217; jkun li l-protestanti &#8211; \u0127afna minnhom votanti Laburisti &#8211; nsew it-tgergir kollu li hawn kontra l-gvern u tathom g\u0127axwa hekk kif lem\u0127u lill-&#8220;kink&#8221; Joseph fosthom. Joseph Muscat deher b\u0127allikieku kien organizza l-protesta hu stess.<\/p>\n<p>U wara li l-prim ministru \u0127are\u0121 jikkundanna l-azzjonijiet me\u0127uda mill-Universit\u00e0 l-jum ta&#8217; qabel,\u00a0<a href=\"https:\/\/timesofmalta.com\/articles\/view\/university-of-malta-head-says-mask-censorship-will-not-happen-again.739225\" target=\"_blank\" rel=\"noopener noreferrer\">ir-Rettur tal-Universit\u00e0 \u0127are\u0121 ig\u0127id li l-gwardjani tas-sigurt\u00e0 ma kellhom ebda awtorit\u00e0<\/a> li ji\u010b\u010bensuraw il-protesta u li mhux ser jer\u0121a&#8217; jkun hemm \u2018\u010bensura\u2019 fuq il-kampus.<\/p>\n<p>X&#8217;inhi din il-bi\u010b\u010ba li meta nsegwu l-a\u0127barijiet f&#8217;dan il-pajji\u017c, in\u0127ossuna b\u0127allikieku qlajna xebg\u0127a waqt li konna reqdin u li m&#8217;a\u0127niex \u010berti il-g\u0127ala f&#8217;dan il-pajji\u017c hawn kollox ward u \u017cahar?<\/p>\n<p>Nistaqsi: \u0121aladarba l-Universit\u00e0 taqbel mal-prim ministru li l-in\u010bident li nqala&#8217; jammonta g\u0127al ksur tal-libert\u00e0 tal-kelma, g\u0127aliex iddefendiet l-in\u010bident meta \u0127ar\u0121et l-istqarrija tag\u0127ha? L-istqarrija tal-Universit\u00e0 jaqaw \u0127ar\u0121et minn wara dahar ir-rettur?<\/p>\n<p>Jaqaw din kienet xi inizjattiva tal-kelliem tal-Universit\u00e0 Pierre Cassar? Jaqaw dan l-in\u010bident kien xog\u0127olu u mhux xog\u0127ol xi gwardjan tas-sigurt\u00e0?<\/p>\n<p>Fl-img\u0127oddi Pierre Cassar kien il-kbir tal-Awtorit\u00e0 tax-Xandir u suppost dan jifhem xi ftit dwar il-libert\u00e0 tal-kelma.<\/p>\n<p>Jekk dan l-in\u010bident verament se\u0127\u0127 b&#8217;inizjattiva tieg\u0127u, l-awtoritajiet tal-Universit\u00e0 x&#8217;passi \u0127adu kontrih talli l-prim ministru \u0121ieg\u0127elhom jidhru b\u0127allikieku kienu xi na\u017cisti jeqirdu l-libert\u00e0 tal-kelma?<\/p>\n<p>I\u017cda hemm punt ie\u0127or li je\u0127tie\u0121 li jin\u0121ieb &#8216;il quddiem. \u0120aladarba l-prim ministru jidhirlu li l-protesta fl-Universit\u00e0 ma messiex twaqqfet, il-g\u0127ala qed jaqbel mat-tne\u0127\u0127ija tal-fjuri u x-xemg\u0127at li jitqieg\u0127u mal-mafkar tal-Assedju l-Kbir minn dawk li jfakkru l-assassinju ta&#8217; Daphne bil-protesti tag\u0127hom?<\/p>\n<p>Jekk ma jaqbilx ma&#8217; wa\u0127da, m&#8217;g\u0127andux jaqbel ukoll mal-o\u0127ra. Ma nag\u0127mlux mod li l-fehmiet tieg\u0127u dwar il-libert\u00e0 tal-kelma jinbidlu skont x&#8217;jing\u0127ad f&#8217;protesta jew skont il-kulur politiku ta&#8217; min ikun qed jie\u0127u sehem fiha?<\/p>\n<p>Il-libert\u00e0 tal-kelma ssib l-og\u0127la espressjoni tag\u0127ha meta dawk li jipprotestaw lis-setg\u0127ana isemmg\u0127ulhom dak li ma jkunux iridu jisimg\u0127u.<\/p>\n<p>Jekk tal-Universit\u00e0 &#8211; jew il-kelliem tag\u0127ha jew il-gwardjan tas-sigurt\u00e0 \u2013 dan ma jafu\u0127x, min f&#8217;dan l-imbierek pajji\u017c jista&#8217; jkun jafu?<\/p>\n","protected":false},"excerpt":{"rendered":"<p>Imma dan kemm ja\u0127seb li a\u0127na bolo\u0127? Jumejn ilu, xi gwardjani tas-sigurt\u00e0 fl-Universit\u00e0 waqqfu protesta li saret mill-Moviment Graffitti fuq il-kampus. G\u0127all-bidu din il-mossa dehret b\u0127allikieku kienet inizjattiva li ttie\u0127det minn xi gwardjan tas-sigurt\u00e0. I\u017cda aktar tard l-Universit\u00e0 \u0127are\u0121t stqarrija li fiha qalet li ma kienx bi \u0127siebha tittollera protesti politi\u010bi matul il-freshers\u2019 week g\u0127aliex [&hellip;]<\/p>\n","protected":false},"author":1,"featured_media":79130,"comment_status":"open","ping_status":"open","sticky":false,"template":"","format":"standard","meta":[],"categories":[54],"tags":[],"_links":{"self":[{"href":"https:\/\/manueldelia.com\/mt\/wp-json\/wp\/v2\/posts\/79145\/"}],"collection":[{"href":"https:\/\/manueldelia.com\/mt\/wp-json\/wp\/v2\/posts\/"}],"about":[{"href":"https:\/\/manueldelia.com\/mt\/wp-json\/wp\/v2\/types\/post\/"}],"author":[{"embeddable":true,"href":"https:\/\/manueldelia.com\/mt\/wp-json\/wp\/v2\/users\/1\/"}],"replies":[{"embeddable":true,"href":"https:\/\/manueldelia.com\/mt\/wp-json\/wp\/v2\/comments\/?post=79145"}],"version-history":[{"count":2,"href":"https:\/\/manueldelia.com\/mt\/wp-json\/wp\/v2\/posts\/79145\/revisions\/"}],"predecessor-version":[{"id":79154,"href":"https:\/\/manueldelia.com\/mt\/wp-json\/wp\/v2\/posts\/79145\/revisions\/79154\/"}],"wp:featuredmedia":[{"embeddable":true,"href":"https:\/\/manueldelia.com\/mt\/wp-json\/wp\/v2\/media\/79130\/"}],"wp:attachment":[{"href":"https:\/\/manueldelia.com\/mt\/wp-json\/wp\/v2\/media\/?parent=79145"}],"wp:term":[{"taxonomy":"category","embeddable":true,"href":"https:\/\/manueldelia.com\/mt\/wp-json\/wp\/v2\/categories\/?post=79145"},{"taxonomy":"post_tag","embeddable":true,"href":"https:\/\/manueldelia.com\/mt\/wp-json\/wp\/v2\/tags\/?post=79145"}],"curies":[{"name":"wp","href":"https:\/\/api.w.org\/{rel}","templated":true}]}}