{"id":79161,"date":"2019-10-03T13:35:06","date_gmt":"2019-10-03T11:35:06","guid":{"rendered":"https:\/\/manueldelia.com\/?p=79161"},"modified":"2019-10-03T15:32:28","modified_gmt":"2019-10-03T13:32:28","slug":"sfida-lill-kummissarju-elett-helena-dalli","status":"publish","type":"post","link":"https:\/\/manueldelia.com\/mt\/2019\/10\/sfida-lill-kummissarju-elett-helena-dalli\/","title":{"rendered":"Sfida lill-Kummissarju-elett Helena Dalli"},"content":{"rendered":"<p><img class=\"aligncenter wp-image-79158 size-full\" src=\"https:\/\/manueldelia.com\/wp-content\/uploads\/2019\/10\/0cTFUs7J_400x400.jpg\" alt=\"\" width=\"400\" height=\"400\" srcset=\"https:\/\/manueldelia.com\/wp-content\/uploads\/2019\/10\/0cTFUs7J_400x400-66x66.jpg 66w, https:\/\/manueldelia.com\/wp-content\/uploads\/2019\/10\/0cTFUs7J_400x400-150x150.jpg 150w, https:\/\/manueldelia.com\/wp-content\/uploads\/2019\/10\/0cTFUs7J_400x400-200x200.jpg 200w, https:\/\/manueldelia.com\/wp-content\/uploads\/2019\/10\/0cTFUs7J_400x400-300x300.jpg 300w, https:\/\/manueldelia.com\/wp-content\/uploads\/2019\/10\/0cTFUs7J_400x400.jpg 400w\" sizes=\"(max-width: 400px) 100vw, 400px\" \/><\/p>\n<p>Fi triqitha lejn Brussel, Helena Dalli \u0121ralha b\u0127al ma kien \u0121ralu San Pawl fi triqtu lejn Damasku &#8211; dawl qawwi g\u0127amiha, waqg\u0127et minn fuq i\u017c-\u017ciemel li kienet riekba u f&#8217;widnejha dewa&#8217; le\u0127en il-verit\u00e0 u s-sewwa. Inteb\u0127et li kienet ippersegwitat lill-inno\u010benti u issa qed tg\u0127id li klieku kienet fi\u017c-\u017carbun ta&#8217; Konrad Mizzi, Keith Schembri u Joseph Muscat kienet &#8216;timxi mod ie\u0127or&#8217;.<\/p>\n<p>Lill-udjenza li kellha quddiemha fi kliem ie\u0127or qaltilha li Joseph Muscat ma kienx g\u0127amel dak li hu sewwa fil-kwistjoni ta-Panama Papers u li kienet floku kienet tag\u0127mel dak li hu sewwa.<\/p>\n<p>Kollox sew. Tkellmet xi naqra tard i\u017cda mhux tard i\u017c\u017cejjed.<\/p>\n<p>Helena Dalli g\u0127adha sal-lum membru tal-Parlament Malti u g\u0127adha tokkupa kariga g\u0127olja fil-Partit Laburista.<\/p>\n<p>Helena Dalli issa jmissha ti\u0121i lura Malta u fil-Parlament tiddikjara li kienet ser tappo\u0121\u0121ja mozzjoni ta&#8217; sfidu\u010bja f&#8217;Konrad Mizzi u f&#8217;Joseph Muscat. Immissa ti\u0121i lura hawn u titlob li titlaqqa&#8217; laqg\u0127a straordinarja tal-Partti Laburista sabiex Joseph Muscat jitne\u0127\u0127a mill-kariga ta&#8217; mexxej tal-partit u jitqa\u010b\u010btu dawk tal-klikka tieg\u0127u kompri\u017c Keith Schembri.<\/p>\n<p>Jekk tag\u0127mel dan, tkun tat prova li kienet sin\u010biera meta stqarret li xtaqet li l-udjenza li kellha quddiemha temminha li kienet tag\u0127mel dak li hu sewwa.<\/p>\n<p>Di\u0121\u00e0 nista&#8217; nismag\u0127ha tg\u0127oxa bid-da\u0127k kif kienet g\u0127oxiet bid-da\u0127k waqt dik il-famu\u017ca laqg\u0127a li fiha kienet stqarret dwar kemm hu fa\u010bli li tg\u0127addi bi\u017c-\u017cmien lill-partitarji tal-partit tag\u0127ha dwar dak li kien bi \u0127siebha twettaq fil-qasam tal-ugwaljanza fi\u017c-\u017cwie\u0121. Kienet qalet li kienet g\u0127addiethom bi\u017c-\u017cmien g\u0127all-\u0121id tag\u0127hom. Issa er\u0121a&#8217; g\u0127amel \u0127a\u0121a o\u0127ra g\u0127all-\u0121id, Helena Dalli. Tibqax tigdeb. Ejjew \u0127alli naraw kemm g\u0127andek il-\u0127ila li tag\u0127mel dak li hu sewwa.<\/p>\n<p>&#8216;Mhux hekk nibqg\u0127u!&#8217;<\/p>\n","protected":false},"excerpt":{"rendered":"<p>Fi triqitha lejn Brussel, Helena Dalli \u0121ralha b\u0127al ma kien \u0121ralu San Pawl fi triqtu lejn Damasku &#8211; dawl qawwi g\u0127amiha, waqg\u0127et minn fuq i\u017c-\u017ciemel li kienet riekba u f&#8217;widnejha dewa&#8217; le\u0127en il-verit\u00e0 u s-sewwa. Inteb\u0127et li kienet ippersegwitat lill-inno\u010benti u issa qed tg\u0127id li klieku kienet fi\u017c-\u017carbun ta&#8217; Konrad Mizzi, Keith Schembri u Joseph [&hellip;]<\/p>\n","protected":false},"author":1,"featured_media":79158,"comment_status":"open","ping_status":"open","sticky":false,"template":"","format":"standard","meta":[],"categories":[54],"tags":[],"_links":{"self":[{"href":"https:\/\/manueldelia.com\/mt\/wp-json\/wp\/v2\/posts\/79161\/"}],"collection":[{"href":"https:\/\/manueldelia.com\/mt\/wp-json\/wp\/v2\/posts\/"}],"about":[{"href":"https:\/\/manueldelia.com\/mt\/wp-json\/wp\/v2\/types\/post\/"}],"author":[{"embeddable":true,"href":"https:\/\/manueldelia.com\/mt\/wp-json\/wp\/v2\/users\/1\/"}],"replies":[{"embeddable":true,"href":"https:\/\/manueldelia.com\/mt\/wp-json\/wp\/v2\/comments\/?post=79161"}],"version-history":[{"count":2,"href":"https:\/\/manueldelia.com\/mt\/wp-json\/wp\/v2\/posts\/79161\/revisions\/"}],"predecessor-version":[{"id":79163,"href":"https:\/\/manueldelia.com\/mt\/wp-json\/wp\/v2\/posts\/79161\/revisions\/79163\/"}],"wp:featuredmedia":[{"embeddable":true,"href":"https:\/\/manueldelia.com\/mt\/wp-json\/wp\/v2\/media\/79158\/"}],"wp:attachment":[{"href":"https:\/\/manueldelia.com\/mt\/wp-json\/wp\/v2\/media\/?parent=79161"}],"wp:term":[{"taxonomy":"category","embeddable":true,"href":"https:\/\/manueldelia.com\/mt\/wp-json\/wp\/v2\/categories\/?post=79161"},{"taxonomy":"post_tag","embeddable":true,"href":"https:\/\/manueldelia.com\/mt\/wp-json\/wp\/v2\/tags\/?post=79161"}],"curies":[{"name":"wp","href":"https:\/\/api.w.org\/{rel}","templated":true}]}}