{"id":80768,"date":"2019-11-06T14:07:23","date_gmt":"2019-11-06T13:07:23","guid":{"rendered":"https:\/\/manueldelia.com\/?p=80768"},"modified":"2019-11-06T14:52:07","modified_gmt":"2019-11-06T13:52:07","slug":"magistrat-ohra-tordna-l-ftuh-ta-inkjesta-fil-konfront-tal-ministri-scicluna-cardona-u-mizzi","status":"publish","type":"post","link":"https:\/\/manueldelia.com\/mt\/2019\/11\/magistrat-ohra-tordna-l-ftuh-ta-inkjesta-fil-konfront-tal-ministri-scicluna-cardona-u-mizzi\/","title":{"rendered":"Ma\u0121istrat o\u0127ra tordna l-ftu\u0127 ta&#8217; inkjesta fil-konfront tal-Ministri Scicluna, Cardona u Mizzi"},"content":{"rendered":"<p><img class=\"size-full wp-image-80765 aligncenter\" src=\"https:\/\/manueldelia.com\/wp-content\/uploads\/2019\/11\/4_befunky-collage.jpg\" alt=\"\" width=\"684\" height=\"422\" srcset=\"https:\/\/manueldelia.com\/wp-content\/uploads\/2019\/11\/4_befunky-collage-200x123.jpg 200w, https:\/\/manueldelia.com\/wp-content\/uploads\/2019\/11\/4_befunky-collage-300x185.jpg 300w, https:\/\/manueldelia.com\/wp-content\/uploads\/2019\/11\/4_befunky-collage-400x247.jpg 400w, https:\/\/manueldelia.com\/wp-content\/uploads\/2019\/11\/4_befunky-collage-600x370.jpg 600w, https:\/\/manueldelia.com\/wp-content\/uploads\/2019\/11\/4_befunky-collage.jpg 684w\" sizes=\"(max-width: 684px) 100vw, 684px\" \/><\/p>\n<p>Il-Ma\u0121istrat Doreen Clarke laqg\u0127et talba li saret minn Repubblika u ordnat li g\u0127andha tinbeda&#8217; inkjesta dwar l-im\u0121ieba ta&#8217; tliet Ministri tal-gvern fil-kwistjoni dwar il-privatizzazzjoni ta&#8217; tliet sptarijiet pubbli\u010bi. Il-Ma\u0121istrat qalet li jkun xieraq li ji\u0121u nvestigati l-allegazzjonijiet li g\u0127amlet Repubblika dwar id-delitti kriminali ta&#8217; \u0127asil ta&#8217; flus u ta&#8217; korruzzjoni minn na\u0127a tal-Ministri Chris Cardona, Edward Scicluna u Konrad Mizzi.<\/p>\n<p>Digriet simili kien ing\u0127ata f&#8217;Lulju li g\u0127adda mill-Ma\u0121istrat Claire Stafrace Zammit li kienet ordnat it-tnedija ta&#8217; inkjesta dwar l-im\u0121ieba tat-tliet Ministri u ta&#8217; Ivan Vassallo, sid il-fornitur tal-isptarijiet <em>Technoline<\/em>.<\/p>\n<p><a href=\"https:\/\/www.maltatoday.com.mt\/news\/court_and_police\/97823\/criminal_court_revokes_inquiry_into_VGH_hospital_transfer#.XcLCe5JKhBw\" target=\"_blank\" rel=\"noopener noreferrer\">I\u017cda f&#8217;Ottubru li g\u0127adda, id-digriet li ordna t-tnedija ta&#8217; inkjesta \u0121ie revokat mill-Im\u0127allef Giovanni Grixti<\/a> li kien laqa&#8217; appell li sar mit-tliet Ministri.<br \/>\nFil-frattemp, il-Ma\u0121istrat Gabriella Vella issa bdiet l-inkjesta tag\u0127ha fil-konfront ta&#8217; Ivan Vassallo, li ma kienx appella mid-digriet.<\/p>\n<p>Hekk kif l-Im\u0127allef Giovanni Grixti rebba\u0127 l-appell lill-Ministri li kienu g\u0127amluh, Repubblika ppre\u017centat talba o\u0127ra g\u0127at-tnedija ta&#8217; inkjesta fil-konfront tal-istess tliet Ministri. L-avukat Andrew Borg-Cardona g\u0127an-nom ta&#8217; Repubblika ippre\u017centa wkoll ilment kontra l-Im\u0127allef Giovanni Grixti mal-Kummissjoni g\u0127all-Amministrazzjoni tal-\u0120ustizzja li hi l-entit\u00e0 kostituzzjonali li tissorvelja l-im\u0121ieba tal-Im\u0127allfin.<\/p>\n<p>Illum il-Ma\u0121istrat Doreen Clarke \u010ba\u0127det l-argumenti li \u0121abu t-tliet Ministri fis-sens li Repubblika ma kienitx \u0121abet provi li kien se\u0127\u0127 it-tix\u0127im u l-korruzzjoni. Il-Ma\u0121istrat qalet li g\u0127alkemm il-li\u0121i tag\u0127ti s-setg\u0127a lil kull \u010bittadin privat li jitlob it-tnedija ta&#8217; inkjesta, l-istess li\u0121i ma tag\u0127tix setg\u0127a e\u017cekuttiva lill-istess \u010bittadini li tkun me\u0127tie\u0121a g\u0127all-\u0121bir tal-provi. \u010aittadin privat m&#8217;g\u0127andux is-setg\u0127a li jarresta jew li jissekwestra dokumenti u li dan huwa appuntu l-iskop wara t-tnedija tal-inkjesti.<\/p>\n<p>Il-Ma\u0121istrat qalet ukoll li, f&#8217;dan l-istadju, m&#8217;hix f&#8217;po\u017cizzjoni li tg\u0127arbel l-argumenti li \u0121abu l-Ministri fis-sens li ma kien se\u0127\u0127 xejn \u0127a\u017cin meta kienu \u0121ew ipprivatizzati l-isptarijiet. Skond il-Ma\u0121istrat, din hi kwistjoni li ser tidde\u010biedi dwarha l-inkjesta.<\/p>\n<p>Il-Ma\u0121istrat fakkret li meta uffi\u010bjal tal-pulizija jitlob il-ftu\u0127 ta&#8217; inkjesta min\u0127abba s-suspettat twettiq ta&#8217; delitt kriminali, \u0127add ma jippretendi li dan g\u0127andu jippre\u017centa l-provi u tkun l-inkjesta nnifisha tifta\u0127 it-triq g\u0127all-\u0121bir ta&#8217; dawn il-provi.<\/p>\n<p>Il-Ma\u0121istrat Clarke ordnat li l-ismijiet tat-tliet Ministri g\u0127andhom jitni\u017c\u017clu fil-lista ta&#8217; persuni suspettati fl-inkjesta li tinsab g\u0127addejja dwar l-isptarijiet immexxija mill-Ma\u0121istrat Vella.<\/p>\n<p>G\u0127aldaqtant g\u0127al darb&#8217;o\u0127ra t-tliet Ministri huma fost il-persuni suspettati f&#8217;inkjesta kriminali.<\/p>\n<p>G\u0127al Repubblika qed jidher l-avukat Jason Azzopardi.<\/p>\n","protected":false},"excerpt":{"rendered":"<p>Il-Ma\u0121istrat Doreen Clarke laqg\u0127et talba li saret minn Repubblika u ordnat li g\u0127andha tinbeda&#8217; inkjesta dwar l-im\u0121ieba ta&#8217; tliet Ministri tal-gvern fil-kwistjoni dwar il-privatizzazzjoni ta&#8217; tliet sptarijiet pubbli\u010bi. Il-Ma\u0121istrat qalet li jkun xieraq li ji\u0121u nvestigati l-allegazzjonijiet li g\u0127amlet Repubblika dwar id-delitti kriminali ta&#8217; \u0127asil ta&#8217; flus u ta&#8217; korruzzjoni minn na\u0127a tal-Ministri Chris Cardona, [&hellip;]<\/p>\n","protected":false},"author":1,"featured_media":80765,"comment_status":"open","ping_status":"open","sticky":false,"template":"","format":"standard","meta":[],"categories":[54],"tags":[],"_links":{"self":[{"href":"https:\/\/manueldelia.com\/mt\/wp-json\/wp\/v2\/posts\/80768\/"}],"collection":[{"href":"https:\/\/manueldelia.com\/mt\/wp-json\/wp\/v2\/posts\/"}],"about":[{"href":"https:\/\/manueldelia.com\/mt\/wp-json\/wp\/v2\/types\/post\/"}],"author":[{"embeddable":true,"href":"https:\/\/manueldelia.com\/mt\/wp-json\/wp\/v2\/users\/1\/"}],"replies":[{"embeddable":true,"href":"https:\/\/manueldelia.com\/mt\/wp-json\/wp\/v2\/comments\/?post=80768"}],"version-history":[{"count":2,"href":"https:\/\/manueldelia.com\/mt\/wp-json\/wp\/v2\/posts\/80768\/revisions\/"}],"predecessor-version":[{"id":80774,"href":"https:\/\/manueldelia.com\/mt\/wp-json\/wp\/v2\/posts\/80768\/revisions\/80774\/"}],"wp:featuredmedia":[{"embeddable":true,"href":"https:\/\/manueldelia.com\/mt\/wp-json\/wp\/v2\/media\/80765\/"}],"wp:attachment":[{"href":"https:\/\/manueldelia.com\/mt\/wp-json\/wp\/v2\/media\/?parent=80768"}],"wp:term":[{"taxonomy":"category","embeddable":true,"href":"https:\/\/manueldelia.com\/mt\/wp-json\/wp\/v2\/categories\/?post=80768"},{"taxonomy":"post_tag","embeddable":true,"href":"https:\/\/manueldelia.com\/mt\/wp-json\/wp\/v2\/tags\/?post=80768"}],"curies":[{"name":"wp","href":"https:\/\/api.w.org\/{rel}","templated":true}]}}