{"id":80910,"date":"2019-11-11T12:13:49","date_gmt":"2019-11-11T11:13:49","guid":{"rendered":"https:\/\/manueldelia.com\/?p=80910"},"modified":"2019-11-12T08:02:34","modified_gmt":"2019-11-12T07:02:34","slug":"consuelo-scerri-herrera-tirrikuza-ruhha-mis-smigh-tal-appell-tal-ministri","status":"publish","type":"post","link":"https:\/\/manueldelia.com\/mt\/2019\/11\/consuelo-scerri-herrera-tirrikuza-ruhha-mis-smigh-tal-appell-tal-ministri\/","title":{"rendered":"Consuelo Scerri Herrera tirriku\u017ca ru\u0127ha mis-smig\u0127 tal-appell tal-Ministri"},"content":{"rendered":"<p><img class=\"size-full wp-image-80900 aligncenter\" src=\"https:\/\/manueldelia.com\/wp-content\/uploads\/2019\/11\/judge_consuelo_scerri_herrera_2.jpg\" alt=\"\" width=\"684\" height=\"456\" srcset=\"https:\/\/manueldelia.com\/wp-content\/uploads\/2019\/11\/judge_consuelo_scerri_herrera_2-200x133.jpg 200w, https:\/\/manueldelia.com\/wp-content\/uploads\/2019\/11\/judge_consuelo_scerri_herrera_2-300x200.jpg 300w, https:\/\/manueldelia.com\/wp-content\/uploads\/2019\/11\/judge_consuelo_scerri_herrera_2-400x267.jpg 400w, https:\/\/manueldelia.com\/wp-content\/uploads\/2019\/11\/judge_consuelo_scerri_herrera_2-600x400.jpg 600w, https:\/\/manueldelia.com\/wp-content\/uploads\/2019\/11\/judge_consuelo_scerri_herrera_2.jpg 684w\" sizes=\"(max-width: 684px) 100vw, 684px\" \/><\/p>\n<p>Konrad Mizzi, Chris Cardona u Edward Scicluna se ikollhom jistennew biex ikunu jafu liema m\u0127allef ser jisma&#8217; l-appell tag\u0127hom minn digriet ta&#8217; ma\u0121istrat li ordna t-tnedija ta&#8217; inkjesta kriminali li g\u0127andha tinvestiga l-im\u0121ieba tag\u0127hom meta inbieg\u0127u tliet sptarijiet pubbli\u010bi. Dakinhar li ppre\u017centaw l-appell tag\u0127hom, kienet g\u0127assa l-Im\u0127allef Consuelo Scerri Herrera.<\/p>\n<p><a href=\"https:\/\/manueldelia.com\/2019\/11\/ministers-appeal-second-order-for-a-criminal-inquiry-into-their-conduct\/\" target=\"_blank\" rel=\"noopener noreferrer\">F&#8217;kummentarju li jien xandart ftit \u0121ranet ilu, kont semmejt ir-ra\u0121unijiet il-g\u0127ala Consuelo Scerri Herrera kellha tirriku\u017ca ru\u0127\u0127a milli tisma&#8217; l-appell.<\/a><\/p>\n<p>Illum l-Im\u0127allef irriku\u017cat ru\u0127\u0127a u fid-digriet tag\u0127ha semmiet ir-ra\u0121unijiet li kont \u0121ibt jien. Mizzi, Cardona u Scicluna huma Ministri tal-Kabinett u kollegi ta&#8217; \u0127uha Jos\u00e8 Herrera. G\u0127al din ir-ra\u0121uni biss, l-Im\u0127allef dehrilha li l-\u0121ustizzja g\u0127anda tidher li qed issir u li g\u0127alhekk kellha twarrab.<\/p>\n<p>L-appell issa ser jinstema&#8217; minn Im\u0127allef ie\u0127or.<\/p>\n","protected":false},"excerpt":{"rendered":"<p>Konrad Mizzi, Chris Cardona u Edward Scicluna se ikollhom jistennew biex ikunu jafu liema m\u0127allef ser jisma&#8217; l-appell tag\u0127hom minn digriet ta&#8217; ma\u0121istrat li ordna t-tnedija ta&#8217; inkjesta kriminali li g\u0127andha tinvestiga l-im\u0121ieba tag\u0127hom meta inbieg\u0127u tliet sptarijiet pubbli\u010bi. Dakinhar li ppre\u017centaw l-appell tag\u0127hom, kienet g\u0127assa l-Im\u0127allef Consuelo Scerri Herrera. F&#8217;kummentarju li jien xandart ftit [&hellip;]<\/p>\n","protected":false},"author":1,"featured_media":80900,"comment_status":"open","ping_status":"open","sticky":false,"template":"","format":"standard","meta":[],"categories":[54],"tags":[],"_links":{"self":[{"href":"https:\/\/manueldelia.com\/mt\/wp-json\/wp\/v2\/posts\/80910\/"}],"collection":[{"href":"https:\/\/manueldelia.com\/mt\/wp-json\/wp\/v2\/posts\/"}],"about":[{"href":"https:\/\/manueldelia.com\/mt\/wp-json\/wp\/v2\/types\/post\/"}],"author":[{"embeddable":true,"href":"https:\/\/manueldelia.com\/mt\/wp-json\/wp\/v2\/users\/1\/"}],"replies":[{"embeddable":true,"href":"https:\/\/manueldelia.com\/mt\/wp-json\/wp\/v2\/comments\/?post=80910"}],"version-history":[{"count":2,"href":"https:\/\/manueldelia.com\/mt\/wp-json\/wp\/v2\/posts\/80910\/revisions\/"}],"predecessor-version":[{"id":80920,"href":"https:\/\/manueldelia.com\/mt\/wp-json\/wp\/v2\/posts\/80910\/revisions\/80920\/"}],"wp:featuredmedia":[{"embeddable":true,"href":"https:\/\/manueldelia.com\/mt\/wp-json\/wp\/v2\/media\/80900\/"}],"wp:attachment":[{"href":"https:\/\/manueldelia.com\/mt\/wp-json\/wp\/v2\/media\/?parent=80910"}],"wp:term":[{"taxonomy":"category","embeddable":true,"href":"https:\/\/manueldelia.com\/mt\/wp-json\/wp\/v2\/categories\/?post=80910"},{"taxonomy":"post_tag","embeddable":true,"href":"https:\/\/manueldelia.com\/mt\/wp-json\/wp\/v2\/tags\/?post=80910"}],"curies":[{"name":"wp","href":"https:\/\/api.w.org\/{rel}","templated":true}]}}