{"id":80939,"date":"2019-11-12T11:08:28","date_gmt":"2019-11-12T10:08:28","guid":{"rendered":"https:\/\/manueldelia.com\/?p=80939"},"modified":"2019-11-13T08:30:04","modified_gmt":"2019-11-13T07:30:04","slug":"kienet-xammithom-mill-bidu-nett","status":"publish","type":"post","link":"https:\/\/manueldelia.com\/mt\/2019\/11\/kienet-xammithom-mill-bidu-nett\/","title":{"rendered":"Kienet xammithom mill-bidu nett"},"content":{"rendered":"<p>B\u0127al da\u017c-\u017cmien sena ilu, kont ktibt dwar ix-xamma fenominali li kellha Daphne Caruana Galizia. Niftakar li kienet \u0121iet f&#8217;idejja kitba tag\u0127ha mis-sena 2013. Dak i\u017c-\u017cmien lil Yorgen Fenech kienet \u017celqitlu li kellu f&#8217;idejh informazzjoni li mhux suppost kellu u dan kien bi\u017c\u017cejjed biex i\u0121ieg\u0127el lil Daphne xxomm li l-kuntratt tal-Electrogas kien wie\u0127ed jinten.<\/p>\n<p>Ag\u0127tu daqqa t&#8217;g\u0127ajn lejn l-artikli elettroni\u010bi tal-img\u0127oddi.<\/p>\n<p><a href=\"https:\/\/manueldelia.com\/2018\/11\/42575\/?fbclid=IwAR21Af6hxjO9gGtfwU6MLVQ1rZdq5DdTPQRnOfflFTU5Itoq1O1S7ZQmpzo\" target=\"_blank\" rel=\"noopener noreferrer\">I\u017cda l-ewwel g\u0127andkom taqraw dak li kont ktibt sena ilu<\/a>. U wara li taqraw dak li kont ktibt, aqraw x&#8217;kienet kitbet Daphne fl-2013.<\/p>\n<p>Nitlobkom biex ma titkexkxux. Nitlobkom biex ma tg\u0127alqux g\u0127ajnejkom u ta\u0127sbu f&#8217;dak li kienet tikteb hekk kif il-biera\u0127 dak il-\u0127alliel Keith Schembri fil-qorti ma setg\u0127ax jipprova jkompli jipperswadina li m&#8217;huwiex \u0127alliel.<\/p>\n<p>Kienet xammet kollox mill-bidu nett. Mhux ta&#8217; b&#8217;xejn &#8230;<\/p>\n<p><img class=\"size-full wp-image-80927 aligncenter\" src=\"https:\/\/manueldelia.com\/wp-content\/uploads\/2019\/11\/Keith-schembri-konrad-mizzi-1.jpg\" alt=\"\" width=\"360\" height=\"410\" srcset=\"https:\/\/manueldelia.com\/wp-content\/uploads\/2019\/11\/Keith-schembri-konrad-mizzi-1-200x228.jpg 200w, https:\/\/manueldelia.com\/wp-content\/uploads\/2019\/11\/Keith-schembri-konrad-mizzi-1-263x300.jpg 263w, https:\/\/manueldelia.com\/wp-content\/uploads\/2019\/11\/Keith-schembri-konrad-mizzi-1.jpg 360w\" sizes=\"(max-width: 360px) 100vw, 360px\" \/><\/p>\n","protected":false},"excerpt":{"rendered":"<p>B\u0127al da\u017c-\u017cmien sena ilu, kont ktibt dwar ix-xamma fenominali li kellha Daphne Caruana Galizia. Niftakar li kienet \u0121iet f&#8217;idejja kitba tag\u0127ha mis-sena 2013. Dak i\u017c-\u017cmien lil Yorgen Fenech kienet \u017celqitlu li kellu f&#8217;idejh informazzjoni li mhux suppost kellu u dan kien bi\u017c\u017cejjed biex i\u0121ieg\u0127el lil Daphne xxomm li l-kuntratt tal-Electrogas kien wie\u0127ed jinten. Ag\u0127tu daqqa [&hellip;]<\/p>\n","protected":false},"author":1,"featured_media":80928,"comment_status":"open","ping_status":"open","sticky":false,"template":"","format":"standard","meta":[],"categories":[54],"tags":[],"_links":{"self":[{"href":"https:\/\/manueldelia.com\/mt\/wp-json\/wp\/v2\/posts\/80939\/"}],"collection":[{"href":"https:\/\/manueldelia.com\/mt\/wp-json\/wp\/v2\/posts\/"}],"about":[{"href":"https:\/\/manueldelia.com\/mt\/wp-json\/wp\/v2\/types\/post\/"}],"author":[{"embeddable":true,"href":"https:\/\/manueldelia.com\/mt\/wp-json\/wp\/v2\/users\/1\/"}],"replies":[{"embeddable":true,"href":"https:\/\/manueldelia.com\/mt\/wp-json\/wp\/v2\/comments\/?post=80939"}],"version-history":[{"count":1,"href":"https:\/\/manueldelia.com\/mt\/wp-json\/wp\/v2\/posts\/80939\/revisions\/"}],"predecessor-version":[{"id":80940,"href":"https:\/\/manueldelia.com\/mt\/wp-json\/wp\/v2\/posts\/80939\/revisions\/80940\/"}],"wp:featuredmedia":[{"embeddable":true,"href":"https:\/\/manueldelia.com\/mt\/wp-json\/wp\/v2\/media\/80928\/"}],"wp:attachment":[{"href":"https:\/\/manueldelia.com\/mt\/wp-json\/wp\/v2\/media\/?parent=80939"}],"wp:term":[{"taxonomy":"category","embeddable":true,"href":"https:\/\/manueldelia.com\/mt\/wp-json\/wp\/v2\/categories\/?post=80939"},{"taxonomy":"post_tag","embeddable":true,"href":"https:\/\/manueldelia.com\/mt\/wp-json\/wp\/v2\/tags\/?post=80939"}],"curies":[{"name":"wp","href":"https:\/\/api.w.org\/{rel}","templated":true}]}}