{"id":8122,"date":"2018-06-05T11:11:46","date_gmt":"2018-06-05T09:11:46","guid":{"rendered":"https:\/\/manueldelia.com\/?p=8122"},"modified":"2018-06-05T16:57:53","modified_gmt":"2018-06-05T14:57:53","slug":"kontributur-ta-tvm-irid-li-simon-busuttil-jaghmel-suwicidju","status":"publish","type":"post","link":"https:\/\/manueldelia.com\/mt\/2018\/06\/kontributur-ta-tvm-irid-li-simon-busuttil-jaghmel-suwicidju\/","title":{"rendered":"Kontributur ta&#8217; TVM irid li Simon Busuttil jag\u0127mel suwi\u010bidju"},"content":{"rendered":"<p>Albert Fenech, li ja\u0127dem mid-dar g\u0127as-servizz nazzjonali tal-a\u0127barijiet, nhar il-\u0120img\u0127a kiteb post fuq il-Facebook li permezz tieg\u0127u \u0127ajjar lil Simon Busuttil imur jaqbe\u017c mill-irdum.<\/p>\n<p>Nhar il-\u0126amis li g\u0127adda Simon Busuttil xandar <em>tweet<\/em> li permezz tieg\u0127u fakkar lin-nies fl-a\u0127\u0127ar mass meeting tal-PN qabel l-elezzjoni tal- 2017, l-a\u0127\u0127ar jum tal-glorja tieg\u0127u b\u0127ala kap tal-PN. Kiteb li l-\u0121lieda kontra l-korruzzjoni li bdiet dak i\u017c-\u017cmien trid titkompla u tintemm.<\/p>\n<p>G\u0127andek kull dritt li ma taqbilx mieg\u0127u. Tista&#8217; twie\u0121bu billi tg\u0127idlu li l-poplu di\u0121\u00e0 dde\u010bieda li ma jaqbilx ma dak li beda&#8217; hu. Tista&#8217; tg\u0127idlu li issa m&#8217;hu f&#8217;po\u017cizzjoni li jtemm xejn. Tista&#8217; tg\u0127idlu li trid.<\/p>\n<p>I\u017cda biex \u0127addiem tax-xandir pubblikament imur jg\u0127id lil xi \u0127add li s-soluzzjoni hi s-suwi\u010bidju hija \u0127a\u0121a assolutament inkredibbli. Jew forsi m&#8217;hix daqshekk inkredibbli. Hi \u0127a\u0121a li tistenniha minn \u010bertu kwalit\u00e0 ta&#8217; nies.<\/p>\n<p><img class=\"aligncenter size-full wp-image-8110\" src=\"https:\/\/manueldelia.com\/wp-content\/uploads\/2018\/06\/WhatsApp-Image-2018-06-05-at-09.21.23.jpeg\" alt=\"\" width=\"645\" height=\"1024\" srcset=\"https:\/\/manueldelia.com\/wp-content\/uploads\/2018\/06\/WhatsApp-Image-2018-06-05-at-09.21.23-170x270.jpeg 170w, https:\/\/manueldelia.com\/wp-content\/uploads\/2018\/06\/WhatsApp-Image-2018-06-05-at-09.21.23-189x300.jpeg 189w, https:\/\/manueldelia.com\/wp-content\/uploads\/2018\/06\/WhatsApp-Image-2018-06-05-at-09.21.23.jpeg 645w\" sizes=\"(max-width: 645px) 100vw, 645px\" \/><\/p>\n<p>Albert Jerome Fenech issa se jg\u0127idilna li qed je\u017cer\u010bita l-libert\u00e0 tal-kelma. U \u017cgur. U jien qed ne\u017cer\u010bita l-libert\u00e0 tieg\u0127i li ng\u0127idlu li dak li kiteb huwa ta&#8217; l-akbar mist\u0127ija g\u0127all-professjoni tieg\u0127u, g\u0127al min jimpjegah u, jekk g\u0127andu xrara ta&#8217; di\u010benza, g\u0127alih innifsu.<\/p>\n","protected":false},"excerpt":{"rendered":"<p>Albert Fenech, li ja\u0127dem mid-dar g\u0127as-servizz nazzjonali tal-a\u0127barijiet, nhar il-\u0120img\u0127a kiteb post fuq il-Facebook li permezz tieg\u0127u \u0127ajjar lil Simon Busuttil imur jaqbe\u017c mill-irdum. Nhar il-\u0126amis li g\u0127adda Simon Busuttil xandar tweet li permezz tieg\u0127u fakkar lin-nies fl-a\u0127\u0127ar mass meeting tal-PN qabel l-elezzjoni tal- 2017, l-a\u0127\u0127ar jum tal-glorja tieg\u0127u b\u0127ala kap tal-PN. Kiteb li l-\u0121lieda [&hellip;]<\/p>\n","protected":false},"author":1,"featured_media":8110,"comment_status":"open","ping_status":"open","sticky":false,"template":"","format":"standard","meta":[],"categories":[54],"tags":[],"_links":{"self":[{"href":"https:\/\/manueldelia.com\/mt\/wp-json\/wp\/v2\/posts\/8122\/"}],"collection":[{"href":"https:\/\/manueldelia.com\/mt\/wp-json\/wp\/v2\/posts\/"}],"about":[{"href":"https:\/\/manueldelia.com\/mt\/wp-json\/wp\/v2\/types\/post\/"}],"author":[{"embeddable":true,"href":"https:\/\/manueldelia.com\/mt\/wp-json\/wp\/v2\/users\/1\/"}],"replies":[{"embeddable":true,"href":"https:\/\/manueldelia.com\/mt\/wp-json\/wp\/v2\/comments\/?post=8122"}],"version-history":[{"count":2,"href":"https:\/\/manueldelia.com\/mt\/wp-json\/wp\/v2\/posts\/8122\/revisions\/"}],"predecessor-version":[{"id":8124,"href":"https:\/\/manueldelia.com\/mt\/wp-json\/wp\/v2\/posts\/8122\/revisions\/8124\/"}],"wp:featuredmedia":[{"embeddable":true,"href":"https:\/\/manueldelia.com\/mt\/wp-json\/wp\/v2\/media\/8110\/"}],"wp:attachment":[{"href":"https:\/\/manueldelia.com\/mt\/wp-json\/wp\/v2\/media\/?parent=8122"}],"wp:term":[{"taxonomy":"category","embeddable":true,"href":"https:\/\/manueldelia.com\/mt\/wp-json\/wp\/v2\/categories\/?post=8122"},{"taxonomy":"post_tag","embeddable":true,"href":"https:\/\/manueldelia.com\/mt\/wp-json\/wp\/v2\/tags\/?post=8122"}],"curies":[{"name":"wp","href":"https:\/\/api.w.org\/{rel}","templated":true}]}}