{"id":81597,"date":"2019-11-22T10:45:13","date_gmt":"2019-11-22T09:45:13","guid":{"rendered":"https:\/\/manueldelia.com\/?p=81597"},"modified":"2019-11-22T15:48:57","modified_gmt":"2019-11-22T14:48:57","slug":"ir-rapporteur-tal-kunsill-tal-ewropa-mhasseb-ma-messux-il-pm-zamm-pass-lura","status":"publish","type":"post","link":"https:\/\/manueldelia.com\/mt\/2019\/11\/ir-rapporteur-tal-kunsill-tal-ewropa-mhasseb-ma-messux-il-pm-zamm-pass-lura\/","title":{"rendered":"Ir-rapporteur tal-Kunsill tal-Ewropa &#8220;m\u0127asseb&#8221;: ma messux il-PM \u017camm pass lura?"},"content":{"rendered":"<p>Pieter Omtzigt, ir-<em>rapporteur<\/em> tal-Assemblea Parlamentari tal-Kunsill tal-Ewropa dwar is-saltna tad-dritt f&#8217;Malta, illum g\u0127amel <em>tweet<\/em> dwar il-kunflitt ta&#8217; interess sfa\u010b\u010bat ta&#8217; Joseph Muscat li qed jippre\u017centa ru\u0127u b\u0127ala l-kap investigatur tal-assassinju ta&#8217; Daphne Caruana Galizia u b\u0127ala l-persuna li wa\u0127du g\u0127andu l-jedd li jidde\u010biedi dwar l-g\u0127oti ta&#8217; ma\u0127friet presidenzjali li jistg\u0127u ikollhom effett \u0127a\u017cin fuq il-kabinett tieg\u0127u stess.<\/p>\n<blockquote class=\"twitter-tweet\">\n<p dir=\"ltr\" lang=\"en\">Im\u0127asseb dwar dak li qed ise\u0127\u0127 f&#8217;Malta.<br \/>\nMin qed imexxi l-investigazzjoni: il-PM Muscat?<br \/>\nMin jidde\u010biedi jekk dak li kixef Theuma \u0127aqqhux ma\u0127fra: il-PM?<br \/>\nX&#8217;inhi r-ra\u0121uni li jum minnhom dak li kixef Theuma kien \u0127aqqu l-ma\u0127fra,u l-g\u0127ada l-PM stqarr li l-ma\u0127fra ma kienx hemm il-\u0127tie\u0121a tag\u0127ha biex \u0121ie arrestat Fenech?<br \/>\n(1)<\/p>\n<p>\u2014 Pieter Omtzigt (@PieterOmtzigt) <a href=\"https:\/\/twitter.com\/PieterOmtzigt\/status\/1197809292788797440?ref_src=twsrc%5Etfw\">November 22, 2019<\/a><\/p><\/blockquote>\n<p>Omtzigt kompla jg\u0127id &#8220;Is-suspetti ta&#8217; interessi personal u politi\u010bi huma qawwijin \u0127afna, u l-influwenza potenzjali tal-Prim Ministru ta&#8217; Malta fuq is-sistema ta&#8217; \u0121ustizzja kriminali hi kbira wisq.&#8221;<\/p>\n<p><img class=\"alignnone size-large wp-image-81574\" src=\"https:\/\/manueldelia.com\/wp-content\/uploads\/2019\/11\/EJ98YfwWkAAkmqW-1-1024x724.jpg\" alt=\"\" width=\"1024\" height=\"724\" srcset=\"https:\/\/manueldelia.com\/wp-content\/uploads\/2019\/11\/EJ98YfwWkAAkmqW-1-200x142.jpg 200w, https:\/\/manueldelia.com\/wp-content\/uploads\/2019\/11\/EJ98YfwWkAAkmqW-1-300x212.jpg 300w, https:\/\/manueldelia.com\/wp-content\/uploads\/2019\/11\/EJ98YfwWkAAkmqW-1-400x283.jpg 400w, https:\/\/manueldelia.com\/wp-content\/uploads\/2019\/11\/EJ98YfwWkAAkmqW-1-600x425.jpg 600w, https:\/\/manueldelia.com\/wp-content\/uploads\/2019\/11\/EJ98YfwWkAAkmqW-1-768x543.jpg 768w, https:\/\/manueldelia.com\/wp-content\/uploads\/2019\/11\/EJ98YfwWkAAkmqW-1-800x566.jpg 800w, https:\/\/manueldelia.com\/wp-content\/uploads\/2019\/11\/EJ98YfwWkAAkmqW-1.jpg 1024w\" sizes=\"(max-width: 1024px) 100vw, 1024px\" \/><\/p>\n","protected":false},"excerpt":{"rendered":"<p>Pieter Omtzigt, ir-rapporteur tal-Assemblea Parlamentari tal-Kunsill tal-Ewropa dwar is-saltna tad-dritt f&#8217;Malta, illum g\u0127amel tweet dwar il-kunflitt ta&#8217; interess sfa\u010b\u010bat ta&#8217; Joseph Muscat li qed jippre\u017centa ru\u0127u b\u0127ala l-kap investigatur tal-assassinju ta&#8217; Daphne Caruana Galizia u b\u0127ala l-persuna li wa\u0127du g\u0127andu l-jedd li jidde\u010biedi dwar l-g\u0127oti ta&#8217; ma\u0127friet presidenzjali li jistg\u0127u ikollhom effett \u0127a\u017cin fuq il-kabinett [&hellip;]<\/p>\n","protected":false},"author":1,"featured_media":81572,"comment_status":"open","ping_status":"open","sticky":false,"template":"","format":"standard","meta":[],"categories":[54],"tags":[],"_links":{"self":[{"href":"https:\/\/manueldelia.com\/mt\/wp-json\/wp\/v2\/posts\/81597\/"}],"collection":[{"href":"https:\/\/manueldelia.com\/mt\/wp-json\/wp\/v2\/posts\/"}],"about":[{"href":"https:\/\/manueldelia.com\/mt\/wp-json\/wp\/v2\/types\/post\/"}],"author":[{"embeddable":true,"href":"https:\/\/manueldelia.com\/mt\/wp-json\/wp\/v2\/users\/1\/"}],"replies":[{"embeddable":true,"href":"https:\/\/manueldelia.com\/mt\/wp-json\/wp\/v2\/comments\/?post=81597"}],"version-history":[{"count":1,"href":"https:\/\/manueldelia.com\/mt\/wp-json\/wp\/v2\/posts\/81597\/revisions\/"}],"predecessor-version":[{"id":81601,"href":"https:\/\/manueldelia.com\/mt\/wp-json\/wp\/v2\/posts\/81597\/revisions\/81601\/"}],"wp:featuredmedia":[{"embeddable":true,"href":"https:\/\/manueldelia.com\/mt\/wp-json\/wp\/v2\/media\/81572\/"}],"wp:attachment":[{"href":"https:\/\/manueldelia.com\/mt\/wp-json\/wp\/v2\/media\/?parent=81597"}],"wp:term":[{"taxonomy":"category","embeddable":true,"href":"https:\/\/manueldelia.com\/mt\/wp-json\/wp\/v2\/categories\/?post=81597"},{"taxonomy":"post_tag","embeddable":true,"href":"https:\/\/manueldelia.com\/mt\/wp-json\/wp\/v2\/tags\/?post=81597"}],"curies":[{"name":"wp","href":"https:\/\/api.w.org\/{rel}","templated":true}]}}