{"id":81693,"date":"2019-11-23T10:00:24","date_gmt":"2019-11-23T09:00:24","guid":{"rendered":"https:\/\/manueldelia.com\/?p=81693"},"modified":"2019-11-23T18:00:47","modified_gmt":"2019-11-23T17:00:47","slug":"tassew-li-l-prim-ministru-mhu-jghatti-xtur-hadd","status":"publish","type":"post","link":"https:\/\/manueldelia.com\/mt\/2019\/11\/tassew-li-l-prim-ministru-mhu-jghatti-xtur-hadd\/","title":{"rendered":"Tassew li l-prim ministru m&#8217;hu jg\u0127atti xtur \u0127add?"},"content":{"rendered":"<p><img class=\"size-full wp-image-81677 aligncenter\" src=\"https:\/\/manueldelia.com\/wp-content\/uploads\/2019\/11\/3_joseph_muscat_konrad_mizzi.jpg\" alt=\"\" width=\"684\" height=\"456\" srcset=\"https:\/\/manueldelia.com\/wp-content\/uploads\/2019\/11\/3_joseph_muscat_konrad_mizzi-200x133.jpg 200w, https:\/\/manueldelia.com\/wp-content\/uploads\/2019\/11\/3_joseph_muscat_konrad_mizzi-300x200.jpg 300w, https:\/\/manueldelia.com\/wp-content\/uploads\/2019\/11\/3_joseph_muscat_konrad_mizzi-400x267.jpg 400w, https:\/\/manueldelia.com\/wp-content\/uploads\/2019\/11\/3_joseph_muscat_konrad_mizzi-600x400.jpg 600w, https:\/\/manueldelia.com\/wp-content\/uploads\/2019\/11\/3_joseph_muscat_konrad_mizzi.jpg 684w\" sizes=\"(max-width: 684px) 100vw, 684px\" \/><\/p>\n<p>Dalwaqt jasal \u017cmien li fih ikollna naraw x&#8217;informazzjoni kellu Joseph Muscat u dwar i\u017c-\u017cmien meta sar jaf biha. Ikollna wkoll ng\u0127arblu l-istqarrijiet kollha li huwa g\u0127amel tul l-a\u0127\u0127ar tliet snin sabiex ti\u0121i determinata l-kompli\u010bit\u00e0 tieg\u0127u f&#8217;delitti kriminali gravi \u0127afna.<\/p>\n<p>Ftakru ftit fi\u017c-\u017cmien li fih Konrad Mizzi kien kostrett jammetti li huwa sid ta&#8217; <em>trust<\/em> f&#8217;New Zealand. Din it-<em>trust<\/em> g\u0127addiet g\u0127al fuq ismu fl-2013 i\u017cda kienet inkixfet Daphne Caruana Galizia fl-2016.<\/p>\n<p><a href=\"https:\/\/timesofmalta.com\/articles\/view\/muscat-has-no-problem-with-konrad-mizzis-new-zealand-trust-fund.603585.amp\" target=\"_blank\" rel=\"noopener noreferrer\">Meta kienet ixxandret l-a\u0127bar, Joseph Muscat kien iddefenda lil Konrad Mizzi u pprovdieh b&#8217;alibi.<\/a> Kien stqarr li Konrad Mizzi kien qallu bl-e\u017cistenza tat-<em>trust<\/em> fi New Zealand permezz ta&#8217; &#8220;abbozz tad-dikjarazzjoni tal-\u0121id&#8221; li qal li kien tfassal qabel \u0121iet imxandra l-lista tal-\u0121id tal-Ministri.<\/p>\n<p>Joseph Muscat kien stqarr li \u0121aladarba Konrad Mizzi ma kienx fittex li ja\u0127bilu l-e\u017cistenza ta&#8217; din il-kumpannija u li kien bi \u0127siebu jinforma lill-pubbliku dwarha li kieku l-a\u0127bar ma kienitx fe\u0121\u0121et minn qabel, allura Konrad Mizzi ma kellux g\u0127alxiex jisku\u017ca ru\u0127u.<\/p>\n<p>Joseph Muscat kien \u0127alef g\u0127al Konrad Mizzi.<\/p>\n<p>I\u017cda din l-istorja qatt ma kienet minn ewl id-dinja. Qatt ma kien tfassal &#8220;abbozz tad-dikjarazzjoni tal-\u0121id&#8221;, sakemm ma jkunx hemm xi <em>accountant<\/em> li j\u0127ejjiha biex ti\u0121i mg\u0127arbla qabel tkun ffirmata. Lill-prim ministru ma jintbag\u0127tlux abbozz bil-lista tal-\u0121id tieg\u0127ek biex dan jg\u0127arblu qabel ti\u0121i ffirmata! Il-prim ministru huwa l-img\u0127allem u mhux qiege\u0127d hemm biex joqg\u0127od jg\u0127arbel jekk il-\u0121id kollu \u0121iex dikjarat jew le.<\/p>\n<p>Hemm ukoll \u0127a\u0121&#8217;o\u0127ra. It-<em>trust<\/em> ta&#8217; New Zealand kienet g\u0127addiet f&#8217;isem Konrad Mizzi fl-2013. I\u017cda kien fl-2016 li Joseph Muscat suppost kien sar jaf biha u dan mil-lista tal-\u0121id ta&#8217; dik is-sena stess. Ma jidhirx li din it-<em>trust<\/em> kienet issemmiet minn Konrad Mizzi fl-2014 jew fl-2015.<\/p>\n<p>F&#8217;dan l-istadju m&#8217;g\u0127andniex g\u0127alfejn noqg\u0127odu nintilfu f&#8217;argumenti biex naraw Konrad Mizzi huwiex korrott jew inkella ba\u0127nan prim. X&#8217;aktarx huwa korrott kif ukoll ba\u0127nan prim. Il-mistoqsija li je\u0127tie\u0121 li ssir hi din: meta kien li Joseph Muscat sar jaf li Konrad Mizzi kien qed jigdeb u, jekk ittanta li jg\u0127attilu, jfisser li pprovdieh b&#8217;alibi falz.<\/p>\n<p>\u0126a\u0121a b\u0127al din lil Joseph Muscat tag\u0127mlu kompli\u010bi. Dan ikun ifisser ukoll li fixkel il-kors tal-\u0121ustizzja meta g\u0127atta l-ixtur ta&#8217; kriminal.<\/p>\n<p>U dan kien tliet snin ilu meta l-istorja kienet g\u0127adha biss fil-bidu tag\u0127ha.<\/p>\n<p>G\u0127adu sal-lum jilg\u0127ab man-nar.<\/p>\n","protected":false},"excerpt":{"rendered":"<p>Dalwaqt jasal \u017cmien li fih ikollna naraw x&#8217;informazzjoni kellu Joseph Muscat u dwar i\u017c-\u017cmien meta sar jaf biha. Ikollna wkoll ng\u0127arblu l-istqarrijiet kollha li huwa g\u0127amel tul l-a\u0127\u0127ar tliet snin sabiex ti\u0121i determinata l-kompli\u010bit\u00e0 tieg\u0127u f&#8217;delitti kriminali gravi \u0127afna. Ftakru ftit fi\u017c-\u017cmien li fih Konrad Mizzi kien kostrett jammetti li huwa sid ta&#8217; trust f&#8217;New [&hellip;]<\/p>\n","protected":false},"author":1,"featured_media":81678,"comment_status":"open","ping_status":"open","sticky":false,"template":"","format":"standard","meta":[],"categories":[54],"tags":[],"_links":{"self":[{"href":"https:\/\/manueldelia.com\/mt\/wp-json\/wp\/v2\/posts\/81693\/"}],"collection":[{"href":"https:\/\/manueldelia.com\/mt\/wp-json\/wp\/v2\/posts\/"}],"about":[{"href":"https:\/\/manueldelia.com\/mt\/wp-json\/wp\/v2\/types\/post\/"}],"author":[{"embeddable":true,"href":"https:\/\/manueldelia.com\/mt\/wp-json\/wp\/v2\/users\/1\/"}],"replies":[{"embeddable":true,"href":"https:\/\/manueldelia.com\/mt\/wp-json\/wp\/v2\/comments\/?post=81693"}],"version-history":[{"count":1,"href":"https:\/\/manueldelia.com\/mt\/wp-json\/wp\/v2\/posts\/81693\/revisions\/"}],"predecessor-version":[{"id":81694,"href":"https:\/\/manueldelia.com\/mt\/wp-json\/wp\/v2\/posts\/81693\/revisions\/81694\/"}],"wp:featuredmedia":[{"embeddable":true,"href":"https:\/\/manueldelia.com\/mt\/wp-json\/wp\/v2\/media\/81678\/"}],"wp:attachment":[{"href":"https:\/\/manueldelia.com\/mt\/wp-json\/wp\/v2\/media\/?parent=81693"}],"wp:term":[{"taxonomy":"category","embeddable":true,"href":"https:\/\/manueldelia.com\/mt\/wp-json\/wp\/v2\/categories\/?post=81693"},{"taxonomy":"post_tag","embeddable":true,"href":"https:\/\/manueldelia.com\/mt\/wp-json\/wp\/v2\/tags\/?post=81693"}],"curies":[{"name":"wp","href":"https:\/\/api.w.org\/{rel}","templated":true}]}}