{"id":81781,"date":"2019-11-24T16:55:50","date_gmt":"2019-11-24T15:55:50","guid":{"rendered":"https:\/\/manueldelia.com\/?p=81781"},"modified":"2019-11-24T18:40:24","modified_gmt":"2019-11-24T17:40:24","slug":"araw-ftit-xkienu-qalu","status":"publish","type":"post","link":"https:\/\/manueldelia.com\/mt\/2019\/11\/araw-ftit-xkienu-qalu\/","title":{"rendered":"Araw ftit x&#8217;kienu qalu"},"content":{"rendered":"<p><img class=\"size-full wp-image-81772 aligncenter\" src=\"https:\/\/manueldelia.com\/wp-content\/uploads\/2019\/11\/9dd1726b7902e3dc510a3162086893131620794054-1348385499-505ebadb-620x348.jpg\" alt=\"\" width=\"540\" height=\"284\" srcset=\"https:\/\/manueldelia.com\/wp-content\/uploads\/2019\/11\/9dd1726b7902e3dc510a3162086893131620794054-1348385499-505ebadb-620x348-200x105.jpg 200w, https:\/\/manueldelia.com\/wp-content\/uploads\/2019\/11\/9dd1726b7902e3dc510a3162086893131620794054-1348385499-505ebadb-620x348-300x158.jpg 300w, https:\/\/manueldelia.com\/wp-content\/uploads\/2019\/11\/9dd1726b7902e3dc510a3162086893131620794054-1348385499-505ebadb-620x348-400x210.jpg 400w, https:\/\/manueldelia.com\/wp-content\/uploads\/2019\/11\/9dd1726b7902e3dc510a3162086893131620794054-1348385499-505ebadb-620x348.jpg 540w\" sizes=\"(max-width: 540px) 100vw, 540px\" \/><\/p>\n<p>Ag\u0127tu \u0127arsa lejn ir-ritratt ta&#8217; Konrad Mizzi, il-kandidat-stilla twil tal-Partit Laburista li riedu jpun\u0121uh b\u0127ala bniedem kompetenti lejlet l-elezzjoni tal-2013. <a href=\"https:\/\/timesofmalta.com\/articles\/view\/-We-have-a-roadmap-.437973\" target=\"_blank\" rel=\"noopener noreferrer\">Hawn jidher f&#8217;intervista mat-<em>Times of Malta<\/em> jg\u0127idilna li l-g\u0127aks li n-nazzjonalisti stupidi u korrotti \u0127allew lil Malta fih dalwaqt jittaffa&#8217;.<\/a><\/p>\n<p>&#8216;Nafu liema direzzjoni ser naqbdu,&#8217; qalilna. &#8220;G\u0127andna <em>roadmap&#8221;.<\/em><\/p>\n<p>Il-\u0121urnalista jistaqsih: &#8220;Xi trid tfisser e\u017catt bil-kliem &#8220;l-aqwa fl-Ewropa&#8221;?&#8221;.<\/p>\n<p>U Konrad Mizzi iwie\u0121eb hekk: &#8220;bi \u0127siebna nil\u0127qu l-og\u0127la livelli politi\u010bi fl-Ewropa u l-korruzzjoni mhux ser nittollerawha. Il-livelli ta&#8217; m\u0121ieba li \u0121ew a\u010b\u010bettati ta\u0127t gvern Nazzjonalista mhux ser ji\u0121u a\u010b\u010bettati aktar ta\u0127t Joseph Muscat. Jekk ikun hemm ministru li j\u0121ib ru\u0127u mhux kif ikun mistenni, tiddabbarlu rasu l-g\u0127ada.&#8221;<\/p>\n<p>Ja\u0127asra Konrad, ittawwal ftit biex tara f&#8217;liema stat tinsab issa.<\/p>\n","protected":false},"excerpt":{"rendered":"<p>Ag\u0127tu \u0127arsa lejn ir-ritratt ta&#8217; Konrad Mizzi, il-kandidat-stilla twil tal-Partit Laburista li riedu jpun\u0121uh b\u0127ala bniedem kompetenti lejlet l-elezzjoni tal-2013. Hawn jidher f&#8217;intervista mat-Times of Malta jg\u0127idilna li l-g\u0127aks li n-nazzjonalisti stupidi u korrotti \u0127allew lil Malta fih dalwaqt jittaffa&#8217;. &#8216;Nafu liema direzzjoni ser naqbdu,&#8217; qalilna. &#8220;G\u0127andna roadmap&#8221;. Il-\u0121urnalista jistaqsih: &#8220;Xi trid tfisser e\u017catt bil-kliem [&hellip;]<\/p>\n","protected":false},"author":1,"featured_media":81773,"comment_status":"open","ping_status":"open","sticky":false,"template":"","format":"standard","meta":[],"categories":[54],"tags":[],"_links":{"self":[{"href":"https:\/\/manueldelia.com\/mt\/wp-json\/wp\/v2\/posts\/81781\/"}],"collection":[{"href":"https:\/\/manueldelia.com\/mt\/wp-json\/wp\/v2\/posts\/"}],"about":[{"href":"https:\/\/manueldelia.com\/mt\/wp-json\/wp\/v2\/types\/post\/"}],"author":[{"embeddable":true,"href":"https:\/\/manueldelia.com\/mt\/wp-json\/wp\/v2\/users\/1\/"}],"replies":[{"embeddable":true,"href":"https:\/\/manueldelia.com\/mt\/wp-json\/wp\/v2\/comments\/?post=81781"}],"version-history":[{"count":1,"href":"https:\/\/manueldelia.com\/mt\/wp-json\/wp\/v2\/posts\/81781\/revisions\/"}],"predecessor-version":[{"id":81787,"href":"https:\/\/manueldelia.com\/mt\/wp-json\/wp\/v2\/posts\/81781\/revisions\/81787\/"}],"wp:featuredmedia":[{"embeddable":true,"href":"https:\/\/manueldelia.com\/mt\/wp-json\/wp\/v2\/media\/81773\/"}],"wp:attachment":[{"href":"https:\/\/manueldelia.com\/mt\/wp-json\/wp\/v2\/media\/?parent=81781"}],"wp:term":[{"taxonomy":"category","embeddable":true,"href":"https:\/\/manueldelia.com\/mt\/wp-json\/wp\/v2\/categories\/?post=81781"},{"taxonomy":"post_tag","embeddable":true,"href":"https:\/\/manueldelia.com\/mt\/wp-json\/wp\/v2\/tags\/?post=81781"}],"curies":[{"name":"wp","href":"https:\/\/api.w.org\/{rel}","templated":true}]}}