{"id":82044,"date":"2019-11-26T10:17:25","date_gmt":"2019-11-26T09:17:25","guid":{"rendered":"https:\/\/manueldelia.com\/?p=82044"},"modified":"2019-11-26T10:18:03","modified_gmt":"2019-11-26T09:18:03","slug":"nipprotestaw-illum-keith-schembri-hu-biss-il-bidu-joseph-muscat-ghandu-jwarrab","status":"publish","type":"post","link":"https:\/\/manueldelia.com\/mt\/2019\/11\/nipprotestaw-illum-keith-schembri-hu-biss-il-bidu-joseph-muscat-ghandu-jwarrab\/","title":{"rendered":"NIPPROTESTAW ILLUM! Keith Schembri hu biss il-bidu. Joseph Muscat g\u0127andu jwarrab!"},"content":{"rendered":"<p>Niltaqg\u0127u llejla fis-7pm quddiem Kastilja. Tinsewx! Illum It-Tlieta 26 ta&#8217; Novembru 2019 fis-19:00 f&#8217;Misra\u0127 Kastilja, Valletta. Konna sejja\u0127na lin-nies g\u0127al g\u0127ada biex jipprotestaw i\u017cda l-avvenimenti li se\u0127\u0127ew wasslu biex is-sitwazzjoni ssir aktar ur\u0121enti.<\/p>\n<p>Keith Schembri warrab mill-Ber\u0121a ta&#8217; Kastilja. I\u017cda dak li hu \u0127ob\u017ca u sikkina mieg\u0127u, l-alleat u l-kompli\u010bi tieg\u0127u huwa l-prim ministru ta&#8217; Malta.<\/p>\n<p>Ma jistax ikollna l-\u0121ustizzja jekk is-sitwazzjoni tibqa&#8217; kif inhi. Ma tistax issir \u0121ustizzja ma&#8217; Daphne u mal-familja tag\u0127ha jekk is-sitwazzjoni tibqa&#8217; dik li hi. Ma tistax issir \u0121ustizzja ma&#8217; pajji\u017cna, ma&#8217; ismu u mal-poplu tieg\u0127u jekk is-sitwazzjoni tibqa&#8217; dik li hi.<\/p>\n<p>Ing\u0127aqad mag\u0127na llejla f&#8217;Misra\u0127 Kastilja biex flimkien insejj\u0127u g\u0127ar-ri\u017cenja ta&#8217; Joseph Muscat.<\/p>\n<p><img class=\"size-large wp-image-82046 aligncenter\" src=\"https:\/\/manueldelia.com\/wp-content\/uploads\/2019\/11\/WhatsApp-Image-2019-11-26-at-10.11.45-1024x1024.jpeg\" alt=\"\" width=\"1024\" height=\"1024\" srcset=\"https:\/\/manueldelia.com\/wp-content\/uploads\/2019\/11\/WhatsApp-Image-2019-11-26-at-10.11.45-66x66.jpeg 66w, https:\/\/manueldelia.com\/wp-content\/uploads\/2019\/11\/WhatsApp-Image-2019-11-26-at-10.11.45-150x150.jpeg 150w, https:\/\/manueldelia.com\/wp-content\/uploads\/2019\/11\/WhatsApp-Image-2019-11-26-at-10.11.45-200x200.jpeg 200w, https:\/\/manueldelia.com\/wp-content\/uploads\/2019\/11\/WhatsApp-Image-2019-11-26-at-10.11.45-300x300.jpeg 300w, https:\/\/manueldelia.com\/wp-content\/uploads\/2019\/11\/WhatsApp-Image-2019-11-26-at-10.11.45-400x400.jpeg 400w, https:\/\/manueldelia.com\/wp-content\/uploads\/2019\/11\/WhatsApp-Image-2019-11-26-at-10.11.45-600x600.jpeg 600w, https:\/\/manueldelia.com\/wp-content\/uploads\/2019\/11\/WhatsApp-Image-2019-11-26-at-10.11.45-768x768.jpeg 768w, https:\/\/manueldelia.com\/wp-content\/uploads\/2019\/11\/WhatsApp-Image-2019-11-26-at-10.11.45-800x800.jpeg 800w, https:\/\/manueldelia.com\/wp-content\/uploads\/2019\/11\/WhatsApp-Image-2019-11-26-at-10.11.45.jpeg 1024w, https:\/\/manueldelia.com\/wp-content\/uploads\/2019\/11\/WhatsApp-Image-2019-11-26-at-10.11.45-1200x1200.jpeg 1200w, https:\/\/manueldelia.com\/wp-content\/uploads\/2019\/11\/WhatsApp-Image-2019-11-26-at-10.11.45-1536x1536.jpeg 1536w\" sizes=\"(max-width: 1024px) 100vw, 1024px\" \/><\/p>\n","protected":false},"excerpt":{"rendered":"<p>Niltaqg\u0127u llejla fis-7pm quddiem Kastilja. Tinsewx! Illum It-Tlieta 26 ta&#8217; Novembru 2019 fis-19:00 f&#8217;Misra\u0127 Kastilja, Valletta. Konna sejja\u0127na lin-nies g\u0127al g\u0127ada biex jipprotestaw i\u017cda l-avvenimenti li se\u0127\u0127ew wasslu biex is-sitwazzjoni ssir aktar ur\u0121enti. Keith Schembri warrab mill-Ber\u0121a ta&#8217; Kastilja. I\u017cda dak li hu \u0127ob\u017ca u sikkina mieg\u0127u, l-alleat u l-kompli\u010bi tieg\u0127u huwa l-prim ministru ta&#8217; [&hellip;]<\/p>\n","protected":false},"author":1,"featured_media":82046,"comment_status":"open","ping_status":"open","sticky":false,"template":"","format":"standard","meta":[],"categories":[54],"tags":[],"_links":{"self":[{"href":"https:\/\/manueldelia.com\/mt\/wp-json\/wp\/v2\/posts\/82044\/"}],"collection":[{"href":"https:\/\/manueldelia.com\/mt\/wp-json\/wp\/v2\/posts\/"}],"about":[{"href":"https:\/\/manueldelia.com\/mt\/wp-json\/wp\/v2\/types\/post\/"}],"author":[{"embeddable":true,"href":"https:\/\/manueldelia.com\/mt\/wp-json\/wp\/v2\/users\/1\/"}],"replies":[{"embeddable":true,"href":"https:\/\/manueldelia.com\/mt\/wp-json\/wp\/v2\/comments\/?post=82044"}],"version-history":[{"count":2,"href":"https:\/\/manueldelia.com\/mt\/wp-json\/wp\/v2\/posts\/82044\/revisions\/"}],"predecessor-version":[{"id":82049,"href":"https:\/\/manueldelia.com\/mt\/wp-json\/wp\/v2\/posts\/82044\/revisions\/82049\/"}],"wp:featuredmedia":[{"embeddable":true,"href":"https:\/\/manueldelia.com\/mt\/wp-json\/wp\/v2\/media\/82046\/"}],"wp:attachment":[{"href":"https:\/\/manueldelia.com\/mt\/wp-json\/wp\/v2\/media\/?parent=82044"}],"wp:term":[{"taxonomy":"category","embeddable":true,"href":"https:\/\/manueldelia.com\/mt\/wp-json\/wp\/v2\/categories\/?post=82044"},{"taxonomy":"post_tag","embeddable":true,"href":"https:\/\/manueldelia.com\/mt\/wp-json\/wp\/v2\/tags\/?post=82044"}],"curies":[{"name":"wp","href":"https:\/\/api.w.org\/{rel}","templated":true}]}}