{"id":82051,"date":"2019-11-26T09:22:46","date_gmt":"2019-11-26T08:22:46","guid":{"rendered":"https:\/\/manueldelia.com\/?p=82051"},"modified":"2019-11-26T21:45:22","modified_gmt":"2019-11-26T20:45:22","slug":"minn-kollox-ser-jaghmel-biex-jipprova-jsalva-gildu","status":"publish","type":"post","link":"https:\/\/manueldelia.com\/mt\/2019\/11\/minn-kollox-ser-jaghmel-biex-jipprova-jsalva-gildu\/","title":{"rendered":"Minn kollox ser jag\u0127mel biex jipprova jsalva \u0121ildu"},"content":{"rendered":"<p><img class=\"size-large wp-image-82022 aligncenter\" src=\"https:\/\/manueldelia.com\/wp-content\/uploads\/2019\/11\/JD4_6213-1024x1024.jpg\" alt=\"\" width=\"1024\" height=\"1024\" srcset=\"https:\/\/manueldelia.com\/wp-content\/uploads\/2019\/11\/JD4_6213-66x66.jpg 66w, https:\/\/manueldelia.com\/wp-content\/uploads\/2019\/11\/JD4_6213-150x150.jpg 150w, https:\/\/manueldelia.com\/wp-content\/uploads\/2019\/11\/JD4_6213-200x200.jpg 200w, https:\/\/manueldelia.com\/wp-content\/uploads\/2019\/11\/JD4_6213-300x300.jpg 300w, https:\/\/manueldelia.com\/wp-content\/uploads\/2019\/11\/JD4_6213-400x400.jpg 400w, https:\/\/manueldelia.com\/wp-content\/uploads\/2019\/11\/JD4_6213-600x600.jpg 600w, https:\/\/manueldelia.com\/wp-content\/uploads\/2019\/11\/JD4_6213-768x768.jpg 768w, https:\/\/manueldelia.com\/wp-content\/uploads\/2019\/11\/JD4_6213-800x800.jpg 800w, https:\/\/manueldelia.com\/wp-content\/uploads\/2019\/11\/JD4_6213-scaled.jpg 1024w, https:\/\/manueldelia.com\/wp-content\/uploads\/2019\/11\/JD4_6213-1200x1200.jpg 1200w, https:\/\/manueldelia.com\/wp-content\/uploads\/2019\/11\/JD4_6213-1536x1536.jpg 1536w\" sizes=\"(max-width: 1024px) 100vw, 1024px\" \/> Rapporti mill-kwartier \u0121enerali tal-pulizija mxandra f&#8217;numru ta&#8217; mezzi tax-xandir isostnu li Yorgen Fenech qed jag\u0127mel minn kollox biex itawwal bil-g\u0127an li jipprova jtaffi xi ftit il-konsegwenzi ta&#8217; ikla \u0127abs g\u0127al g\u0127omru fuq akku\u017ci ta&#8217; qtil. G\u0127ad irridu naraw x&#8217;se ssarraf ix-xhieda tieg\u0127u. <a href=\"https:\/\/timesofmalta.com\/articles\/view\/yorgen-fenech-makes-claims-about-keith-schembri.752746\" target=\"_blank\" rel=\"noopener noreferrer\">Il-\u0121urnalist tat-<em>Times of Malta<\/em> Ivan Martin illum jirrapporta li, skont l-g\u0127ejjun tieg\u0127u, li\u00a0 s&#8217;issa Yorgen Fenech \u201cnaqas li jipprovdi provi dwar ir-rabtiet ta&#8217; xi individwu mal-assassinju&#8221;.<\/a> I\u017cda Yorgen Fenech ukoll qed ig\u0127id li hu stess kien biss &#8220;sensar&#8221;. U dan ma jistax \u0127lief ifisser li je\u017cisti saff ie\u0127or u qed jissemmew l-ismijiet ta&#8217; Chris Cardona u ta&#8217; Keith Schembri.<\/p>\n<p>Qed jing\u0127ad li Yorgen Fenech qed ig\u0127id ukoll li Keith Schembri huwa mda\u0127\u0127al f&#8217;aktar korruzzjoni minn dak li di\u0121\u00e0 nafu bih. Mhux g\u0127ax dan g\u0127andu j\u0121ieg\u0127lna niskantaw. Li forsi g\u0127andu jiskantana huwa l-fatt li Keith Schembri u s-&#8220;sensar&#8221; li ser jing\u0127ata l-proklama Melvin Theuma jafu lil xulxin u li dan tal-a\u0127\u0127ar kien talab pja\u010bir ming\u0127and Schembri biex ida\u0127\u0127lu ja\u0127dem mal-gvern. Ji\u0121ifieri biex jibda&#8217; jir\u010bievi paga fix-xahar fuq dahar il-poplu mhux biex jag\u0127mel xi xog\u0127ol partikolari. Mhuwiex \u010bar jekk dan il-pja\u010bir kienx \u0121ie diskuss qabel jew wara l-assassinju ta&#8217; Daphne Caruana Galizia. U jista&#8217; jkun li Yorgen Fenech qed jipprova je\u0127les mill-inkwiet g\u0127alih innifsu billi jwa\u0127\u0127al f&#8217;\u0127addie\u0127or. Jidher li hekk qed jipprova jag\u0127mel.<\/p>\n<p>Madankollu huwa ina\u010b\u010bettabbli li Keith Schembri u Chris Cardona jibqg\u0127u fil-kariga tag\u0127hom waqt li l-allegat involviment tag\u0127hom qed ji\u0121i investigat. M&#8217;huwiex a\u010b\u010bettabbli li Keith Schembri u Konrad Mizzi jibqg\u0127u fil-kariga tag\u0127hom waqt li l-korruzzjoni tag\u0127hom li hi pruvata bis-sa\u0127\u0127a ta&#8217; dokumenti jidher li tg\u0127attiet minn qattiel, ji\u0121ifieri li l-istess persuna li xa\u0127\u0127mithom.<\/p>\n<p>Mhux biss huwa ina\u010b\u010bettabbli, imma huwa wkoll \u0121enn, li Joseph Muscat jibqa&#8217; j\u017comm il-kariga tieg\u0127u qisu mhux hu. Dan huwa l-istess Joseph Muscat li ta l-kenn kollu tieg\u0127u lil Keith Schembri, lil Konrad Mizzi u lil Chris Cardona u \u017cammhom fil-kariga minkejja l-provi kollha li fe\u0121\u0121ew dwar l-im\u0121ieba tag\u0127hom. Huwa ina\u010b\u010bettabbli li jibqa&#8217; jinda\u0127al f&#8217;investigazzjoni kriminali u jidde\u010biedi dwar amnestiji. Waqt li qed ise\u0127\u0127 dan kollu, il-membri tal-grupp parlamentari tal-Labour \u0121abu ru\u0127\u0127om b&#8217;mod korrott u kompli\u010bi meta l-biera\u0127 taw l-appo\u0121\u0121 unanimu tag\u0127hom lil Joseph Muscat.<\/p>\n<p>Il-pajji\u017c jinsab fix-xifer. Il-poplu g\u0127andu g\u0127ajnejh imsammrin fuq Joseph Muscat biex jara x&#8217;ser ikun il-pass li jmiss tieg\u0127u. L-amministrazzjoni tal-pajji\u017c tinsab mitluqa g\u0127al ri\u0127ha. Id-dinja qed tosservana a\u0127na u nittieklu minn \u0121ewwa. X&#8217;bi \u0127siebu jag\u0127mel biex isalva \u0121ildu?<\/p>\n<p>Huwa \u010bar li Joseph Muscat mo\u0127\u0127u biex jara kif \u0121ildu jsalvaha, ji\u0121ri x&#8217;ji\u0121ri. Anki jekk dan ise\u0127\u0127 a spejje\u017c tal-verit\u00e0 u tal-\u0121ustizzja. <img class=\"size-large wp-image-82034 aligncenter\" src=\"https:\/\/manueldelia.com\/wp-content\/uploads\/2019\/11\/WhatsApp-Image-2019-11-25-at-00.35.57-1024x694.jpeg\" alt=\"\" width=\"1024\" height=\"694\" srcset=\"https:\/\/manueldelia.com\/wp-content\/uploads\/2019\/11\/WhatsApp-Image-2019-11-25-at-00.35.57-200x136.jpeg 200w, https:\/\/manueldelia.com\/wp-content\/uploads\/2019\/11\/WhatsApp-Image-2019-11-25-at-00.35.57-300x203.jpeg 300w, https:\/\/manueldelia.com\/wp-content\/uploads\/2019\/11\/WhatsApp-Image-2019-11-25-at-00.35.57-400x271.jpeg 400w, https:\/\/manueldelia.com\/wp-content\/uploads\/2019\/11\/WhatsApp-Image-2019-11-25-at-00.35.57-600x407.jpeg 600w, https:\/\/manueldelia.com\/wp-content\/uploads\/2019\/11\/WhatsApp-Image-2019-11-25-at-00.35.57-768x520.jpeg 768w, https:\/\/manueldelia.com\/wp-content\/uploads\/2019\/11\/WhatsApp-Image-2019-11-25-at-00.35.57-800x542.jpeg 800w, https:\/\/manueldelia.com\/wp-content\/uploads\/2019\/11\/WhatsApp-Image-2019-11-25-at-00.35.57.jpeg 1024w, https:\/\/manueldelia.com\/wp-content\/uploads\/2019\/11\/WhatsApp-Image-2019-11-25-at-00.35.57-1200x813.jpeg 1200w, https:\/\/manueldelia.com\/wp-content\/uploads\/2019\/11\/WhatsApp-Image-2019-11-25-at-00.35.57-1536x1041.jpeg 1536w\" sizes=\"(max-width: 1024px) 100vw, 1024px\" \/><\/p>\n","protected":false},"excerpt":{"rendered":"<p>Rapporti mill-kwartier \u0121enerali tal-pulizija mxandra f&#8217;numru ta&#8217; mezzi tax-xandir isostnu li Yorgen Fenech qed jag\u0127mel minn kollox biex itawwal bil-g\u0127an li jipprova jtaffi xi ftit il-konsegwenzi ta&#8217; ikla \u0127abs g\u0127al g\u0127omru fuq akku\u017ci ta&#8217; qtil. G\u0127ad irridu naraw x&#8217;se ssarraf ix-xhieda tieg\u0127u. Il-\u0121urnalist tat-Times of Malta Ivan Martin illum jirrapporta li, skont l-g\u0127ejjun tieg\u0127u, li\u00a0 [&hellip;]<\/p>\n","protected":false},"author":1,"featured_media":82023,"comment_status":"open","ping_status":"open","sticky":false,"template":"","format":"standard","meta":[],"categories":[54],"tags":[],"_links":{"self":[{"href":"https:\/\/manueldelia.com\/mt\/wp-json\/wp\/v2\/posts\/82051\/"}],"collection":[{"href":"https:\/\/manueldelia.com\/mt\/wp-json\/wp\/v2\/posts\/"}],"about":[{"href":"https:\/\/manueldelia.com\/mt\/wp-json\/wp\/v2\/types\/post\/"}],"author":[{"embeddable":true,"href":"https:\/\/manueldelia.com\/mt\/wp-json\/wp\/v2\/users\/1\/"}],"replies":[{"embeddable":true,"href":"https:\/\/manueldelia.com\/mt\/wp-json\/wp\/v2\/comments\/?post=82051"}],"version-history":[{"count":2,"href":"https:\/\/manueldelia.com\/mt\/wp-json\/wp\/v2\/posts\/82051\/revisions\/"}],"predecessor-version":[{"id":82053,"href":"https:\/\/manueldelia.com\/mt\/wp-json\/wp\/v2\/posts\/82051\/revisions\/82053\/"}],"wp:featuredmedia":[{"embeddable":true,"href":"https:\/\/manueldelia.com\/mt\/wp-json\/wp\/v2\/media\/82023\/"}],"wp:attachment":[{"href":"https:\/\/manueldelia.com\/mt\/wp-json\/wp\/v2\/media\/?parent=82051"}],"wp:term":[{"taxonomy":"category","embeddable":true,"href":"https:\/\/manueldelia.com\/mt\/wp-json\/wp\/v2\/categories\/?post=82051"},{"taxonomy":"post_tag","embeddable":true,"href":"https:\/\/manueldelia.com\/mt\/wp-json\/wp\/v2\/tags\/?post=82051"}],"curies":[{"name":"wp","href":"https:\/\/api.w.org\/{rel}","templated":true}]}}