{"id":82155,"date":"2019-11-27T13:00:58","date_gmt":"2019-11-27T12:00:58","guid":{"rendered":"https:\/\/manueldelia.com\/?p=82155"},"modified":"2019-11-27T13:00:58","modified_gmt":"2019-11-27T12:00:58","slug":"protesta-nazzjonali-nhar-il-hadd-1-ta-dicembru-2019","status":"publish","type":"post","link":"https:\/\/manueldelia.com\/mt\/2019\/11\/protesta-nazzjonali-nhar-il-hadd-1-ta-dicembru-2019\/","title":{"rendered":"Protesta Nazzjonali nhar il-\u0126add 1 ta\u2019 Di\u010bembru 2019"},"content":{"rendered":"<p><img class=\"size-large wp-image-82156 aligncenter\" src=\"https:\/\/manueldelia.com\/wp-content\/uploads\/2019\/11\/WhatsApp-Image-2019-11-27-at-12.20.09-1-877x1024.jpeg\" alt=\"\" width=\"877\" height=\"1024\" srcset=\"https:\/\/manueldelia.com\/wp-content\/uploads\/2019\/11\/WhatsApp-Image-2019-11-27-at-12.20.09-1-200x233.jpeg 200w, https:\/\/manueldelia.com\/wp-content\/uploads\/2019\/11\/WhatsApp-Image-2019-11-27-at-12.20.09-1-257x300.jpeg 257w, https:\/\/manueldelia.com\/wp-content\/uploads\/2019\/11\/WhatsApp-Image-2019-11-27-at-12.20.09-1-400x467.jpeg 400w, https:\/\/manueldelia.com\/wp-content\/uploads\/2019\/11\/WhatsApp-Image-2019-11-27-at-12.20.09-1-600x700.jpeg 600w, https:\/\/manueldelia.com\/wp-content\/uploads\/2019\/11\/WhatsApp-Image-2019-11-27-at-12.20.09-1-768x896.jpeg 768w, https:\/\/manueldelia.com\/wp-content\/uploads\/2019\/11\/WhatsApp-Image-2019-11-27-at-12.20.09-1-800x934.jpeg 800w, https:\/\/manueldelia.com\/wp-content\/uploads\/2019\/11\/WhatsApp-Image-2019-11-27-at-12.20.09-1.jpeg 877w, https:\/\/manueldelia.com\/wp-content\/uploads\/2019\/11\/WhatsApp-Image-2019-11-27-at-12.20.09-1-1200x1400.jpeg 1200w, https:\/\/manueldelia.com\/wp-content\/uploads\/2019\/11\/WhatsApp-Image-2019-11-27-at-12.20.09-1-1316x1536.jpeg 1316w\" sizes=\"(max-width: 877px) 100vw, 877px\" \/><\/p>\n<p>Issa li bdiet \u0127ier\u0121a l-verit\u00e0, jonqos biss li ssir \u0121ustizzja. Sakemm Joseph Muscat jibqa\u2019 prim ministru, se jibqa\u2019 ostaklu g\u0127all-\u0121ustizzja. Joseph Muscat je\u0127tie\u0121 jirre\u017cenja jew jitne\u0127\u0127a mill-parlament.<\/p>\n<p>G\u0127alhekk Repubblika, #occupyjustice u manueldelia.com isejj\u0127u lill-persuni kollha ta\u2019 rieda tajba huma ta\u2019 liem fehma politika huma g\u0127al protesta nazzjonali nhar il-\u0126add 1 ta\u2019 Di\u010bembru 2019. Tluq minn Bieb il-Belt fl-4pm.<\/p>\n<p>Il-mument pre\u017centi je\u0127tie\u0121 g\u0127aqda nazzjonali u mhux polarizzazzjoni parti\u0121\u0121jana. Ne\u0127tie\u0121u ni\u0121u lkoll flimkien Laburisti, Nazzjonalisti, nies minn partiti o\u0127ra u nies li m\u2019g\u0127andhomx partit biex nibdew nibnu futur \u0121ust g\u0127all-pajji\u017cna.<\/p>\n<p>Ninnotaw li f\u2019dan l-ispirtu l-Partit Nazzjonalista \u0127assar il-protesta li \u0127abbar li se jorganizza g\u0127al nhar il-\u0126add.<\/p>\n<p>G\u0127alhekk is-so\u010bjet\u00e0 \u010bivili tistieden lil kul\u0127add biex ming\u0127ajr distinzjoni biex flimkien nesi\u0121u \u0121ustizzja g\u0127al Daphne Caruana Galizia u g\u0127al Malta.<\/p>\n<p>Intant in\u0127e\u0121\u0121u \u2018l kul\u0127add ikompli l-protesta waqt li l-Parlament hu f\u2019seduta llum l-Erbg\u0127a 27 ta\u2019 Novembru 2019. Se nkunu qed nitlaqg\u0127u fis-6pm.<\/p>\n","protected":false},"excerpt":{"rendered":"<p>Issa li bdiet \u0127ier\u0121a l-verit\u00e0, jonqos biss li ssir \u0121ustizzja. Sakemm Joseph Muscat jibqa\u2019 prim ministru, se jibqa\u2019 ostaklu g\u0127all-\u0121ustizzja. Joseph Muscat je\u0127tie\u0121 jirre\u017cenja jew jitne\u0127\u0127a mill-parlament. G\u0127alhekk Repubblika, #occupyjustice u manueldelia.com isejj\u0127u lill-persuni kollha ta\u2019 rieda tajba huma ta\u2019 liem fehma politika huma g\u0127al protesta nazzjonali nhar il-\u0126add 1 ta\u2019 Di\u010bembru 2019. Tluq minn [&hellip;]<\/p>\n","protected":false},"author":1,"featured_media":82156,"comment_status":"open","ping_status":"open","sticky":false,"template":"","format":"standard","meta":[],"categories":[54],"tags":[],"_links":{"self":[{"href":"https:\/\/manueldelia.com\/mt\/wp-json\/wp\/v2\/posts\/82155\/"}],"collection":[{"href":"https:\/\/manueldelia.com\/mt\/wp-json\/wp\/v2\/posts\/"}],"about":[{"href":"https:\/\/manueldelia.com\/mt\/wp-json\/wp\/v2\/types\/post\/"}],"author":[{"embeddable":true,"href":"https:\/\/manueldelia.com\/mt\/wp-json\/wp\/v2\/users\/1\/"}],"replies":[{"embeddable":true,"href":"https:\/\/manueldelia.com\/mt\/wp-json\/wp\/v2\/comments\/?post=82155"}],"version-history":[{"count":1,"href":"https:\/\/manueldelia.com\/mt\/wp-json\/wp\/v2\/posts\/82155\/revisions\/"}],"predecessor-version":[{"id":82158,"href":"https:\/\/manueldelia.com\/mt\/wp-json\/wp\/v2\/posts\/82155\/revisions\/82158\/"}],"wp:featuredmedia":[{"embeddable":true,"href":"https:\/\/manueldelia.com\/mt\/wp-json\/wp\/v2\/media\/82156\/"}],"wp:attachment":[{"href":"https:\/\/manueldelia.com\/mt\/wp-json\/wp\/v2\/media\/?parent=82155"}],"wp:term":[{"taxonomy":"category","embeddable":true,"href":"https:\/\/manueldelia.com\/mt\/wp-json\/wp\/v2\/categories\/?post=82155"},{"taxonomy":"post_tag","embeddable":true,"href":"https:\/\/manueldelia.com\/mt\/wp-json\/wp\/v2\/tags\/?post=82155"}],"curies":[{"name":"wp","href":"https:\/\/api.w.org\/{rel}","templated":true}]}}