{"id":82176,"date":"2019-11-27T12:59:29","date_gmt":"2019-11-27T11:59:29","guid":{"rendered":"https:\/\/manueldelia.com\/?p=82176"},"modified":"2019-11-27T17:20:16","modified_gmt":"2019-11-27T16:20:16","slug":"malta-saret-l-ostagg-tieghu","status":"publish","type":"post","link":"https:\/\/manueldelia.com\/mt\/2019\/11\/malta-saret-l-ostagg-tieghu\/","title":{"rendered":"Malta saret l-osta\u0121\u0121 tieg\u0127u"},"content":{"rendered":"<p><img class=\"size-full wp-image-82151 aligncenter\" src=\"https:\/\/manueldelia.com\/wp-content\/uploads\/2019\/11\/WhatsApp-Image-2019-01-06-at-18.38.00-1-1.jpg\" alt=\"\" width=\"576\" height=\"1024\" srcset=\"https:\/\/manueldelia.com\/wp-content\/uploads\/2019\/11\/WhatsApp-Image-2019-01-06-at-18.38.00-1-1-169x300.jpg 169w, https:\/\/manueldelia.com\/wp-content\/uploads\/2019\/11\/WhatsApp-Image-2019-01-06-at-18.38.00-1-1-200x356.jpg 200w, https:\/\/manueldelia.com\/wp-content\/uploads\/2019\/11\/WhatsApp-Image-2019-01-06-at-18.38.00-1-1-400x711.jpg 400w, https:\/\/manueldelia.com\/wp-content\/uploads\/2019\/11\/WhatsApp-Image-2019-01-06-at-18.38.00-1-1.jpg 576w\" sizes=\"(max-width: 576px) 100vw, 576px\" \/> Joseph Muscat irid jibqa&#8217; mka\u0127\u0127al mas-si\u0121\u0121u tas-setg\u0127a. I\u017cda din is-setg\u0127a qieg\u0127da tikkrolla f&#8217;bi\u010b\u010biet madwaru. Il-ba\u017cu\u017cli kollha tieg\u0127u jinsabu ta\u0127t investigazzjoni jew marru jin\u0127bew. Sar qisu dak li darba kien l-img\u0127allem ta&#8217; \u0121gajta kriminali wara li l-bulijiet ikunu lkoll \u0121ew arrestati. Sar qisu re mitluf u ddisprat f&#8217;log\u0127ba \u010bess jittama li jsib minn fejn jiskappa.<\/p>\n<p>Fil-frattemp, lil pajji\u017cna g\u0127amlu l-osta\u0121\u0121 tieg\u0127u. M&#8217;g\u0127adux jiggverna\u0127. S&#8217;hawn wasalna. Ta\u0127t g\u0127ajnejn il-Pulizija issa hemm ir-ritratti kollha ta&#8217; dawk li kienu jmexxu lil dan il-pajji\u017c.<\/p>\n<p>F&#8217;Milied minnhom, kienu lkoll imdawrin madwar mejda &#8211; r\u0121iel biss.<\/p>\n<p>Fil-Milied ta&#8217; wara, fuq bosta mill-u\u010bu\u0127 ta&#8217; dawk li kienu madwar l-istess mejda, l-Pulizija issa pin\u0121ew salib a\u0127mar.<\/p>\n<p>Bil\u0127aqq, mhux ta&#8217; min jammira\u0127 lil James Piscopo talli \u0121ibed dan ir-ritratt?<\/p>\n","protected":false},"excerpt":{"rendered":"<p>Joseph Muscat irid jibqa&#8217; mka\u0127\u0127al mas-si\u0121\u0121u tas-setg\u0127a. I\u017cda din is-setg\u0127a qieg\u0127da tikkrolla f&#8217;bi\u010b\u010biet madwaru. Il-ba\u017cu\u017cli kollha tieg\u0127u jinsabu ta\u0127t investigazzjoni jew marru jin\u0127bew. Sar qisu dak li darba kien l-img\u0127allem ta&#8217; \u0121gajta kriminali wara li l-bulijiet ikunu lkoll \u0121ew arrestati. Sar qisu re mitluf u ddisprat f&#8217;log\u0127ba \u010bess jittama li jsib minn fejn jiskappa. Fil-frattemp, [&hellip;]<\/p>\n","protected":false},"author":1,"featured_media":82152,"comment_status":"open","ping_status":"open","sticky":false,"template":"","format":"standard","meta":[],"categories":[54],"tags":[],"_links":{"self":[{"href":"https:\/\/manueldelia.com\/mt\/wp-json\/wp\/v2\/posts\/82176\/"}],"collection":[{"href":"https:\/\/manueldelia.com\/mt\/wp-json\/wp\/v2\/posts\/"}],"about":[{"href":"https:\/\/manueldelia.com\/mt\/wp-json\/wp\/v2\/types\/post\/"}],"author":[{"embeddable":true,"href":"https:\/\/manueldelia.com\/mt\/wp-json\/wp\/v2\/users\/1\/"}],"replies":[{"embeddable":true,"href":"https:\/\/manueldelia.com\/mt\/wp-json\/wp\/v2\/comments\/?post=82176"}],"version-history":[{"count":1,"href":"https:\/\/manueldelia.com\/mt\/wp-json\/wp\/v2\/posts\/82176\/revisions\/"}],"predecessor-version":[{"id":82177,"href":"https:\/\/manueldelia.com\/mt\/wp-json\/wp\/v2\/posts\/82176\/revisions\/82177\/"}],"wp:featuredmedia":[{"embeddable":true,"href":"https:\/\/manueldelia.com\/mt\/wp-json\/wp\/v2\/media\/82152\/"}],"wp:attachment":[{"href":"https:\/\/manueldelia.com\/mt\/wp-json\/wp\/v2\/media\/?parent=82176"}],"wp:term":[{"taxonomy":"category","embeddable":true,"href":"https:\/\/manueldelia.com\/mt\/wp-json\/wp\/v2\/categories\/?post=82176"},{"taxonomy":"post_tag","embeddable":true,"href":"https:\/\/manueldelia.com\/mt\/wp-json\/wp\/v2\/tags\/?post=82176"}],"curies":[{"name":"wp","href":"https:\/\/api.w.org\/{rel}","templated":true}]}}