{"id":82410,"date":"2019-11-29T08:54:22","date_gmt":"2019-11-29T07:54:22","guid":{"rendered":"https:\/\/manueldelia.com\/?p=82410"},"modified":"2019-12-01T07:50:12","modified_gmt":"2019-12-01T06:50:12","slug":"l-appell-vgh-michud-edward-scicluna-chris-cardona-u-konrad-mizzi-huma-persuni-li-huma-taht-suspett-finkjesta-kriminali","status":"publish","type":"post","link":"https:\/\/manueldelia.com\/mt\/2019\/11\/l-appell-vgh-michud-edward-scicluna-chris-cardona-u-konrad-mizzi-huma-persuni-li-huma-taht-suspett-finkjesta-kriminali\/","title":{"rendered":"L-appell VGH mi\u010b\u0127ud: Edward Scicluna, Chris Cardona u Konrad Mizzi huma persuni li huma ta\u0127t suspett f&#8217;inkjesta kriminali"},"content":{"rendered":"<p><img class=\"size-full wp-image-82369 aligncenter\" src=\"https:\/\/manueldelia.com\/wp-content\/uploads\/2019\/11\/screen_shot_2019-11-06_at_16.03.28.png\" alt=\"\" width=\"684\" height=\"415\" srcset=\"https:\/\/manueldelia.com\/wp-content\/uploads\/2019\/11\/screen_shot_2019-11-06_at_16.03.28-200x121.png 200w, https:\/\/manueldelia.com\/wp-content\/uploads\/2019\/11\/screen_shot_2019-11-06_at_16.03.28-300x182.png 300w, https:\/\/manueldelia.com\/wp-content\/uploads\/2019\/11\/screen_shot_2019-11-06_at_16.03.28-400x243.png 400w, https:\/\/manueldelia.com\/wp-content\/uploads\/2019\/11\/screen_shot_2019-11-06_at_16.03.28-600x364.png 600w, https:\/\/manueldelia.com\/wp-content\/uploads\/2019\/11\/screen_shot_2019-11-06_at_16.03.28.png 684w\" sizes=\"(max-width: 684px) 100vw, 684px\" \/><\/p>\n<p>Illum l-Im\u0127allef Edwina Grima \u010ba\u0127det appell li kien sar minn tliet ministri (minn dakinhar &#8216;l hawn warrab wie\u0127ed minnhom) li riedu jirrevokaw digriet ta&#8217; ma\u0121istrat li kien ordna t-tnedija ta&#8217; inkjesta kriminali dwar l-im\u0121ieba tag\u0127hom fil-bejg\u0127 ta&#8217; tliet sptarijiet pubbli\u010bi lil persuni mhux mag\u0127rufa.<\/p>\n<p>Legalment Edward Scicluna, Chris Cardona u Konrad Mizzi issa ma jistg\u0127ux i\u017commu lill-ma\u0121istrat milli jidentifikahom b\u0127ala persuni suspettati li wettqu attivit\u00e0 kriminali kompri\u017c dik ta&#8217; \u0127asil ta&#8217; flus ma\u0127mu\u0121in.<\/p>\n<p>Huwa ta&#8217; sinjifikat is-sehem ta&#8217; Edward Scicluna f&#8217;dan kollu. Scicluna huwa ministru tal-finanzi ta\u017c-\u017cona Ewro. Waqt li jinsab f&#8217;din il-kariga, mil-lum qed ji\u0121i investigat kriminalment dwar \u0127asil ta&#8217; flus ma\u0127mu\u0121in, dwar allegata kompli\u010bit\u00e0 f&#8217;tix\u0127im, dwar involviment fil-kriminalit\u00e0 organizzata u f&#8217;konfoffa kriminali. Lista tassew impressjonanti.<\/p>\n<p>L-Im\u0127allef Edwina Grima qalbet de\u010bi\u017cjonijiet li kienu ttie\u0127du aktar kmieni mill-Im\u0127allef Giovanni Grixti u dde\u010bidiet li l-inkjesti ma\u0121isterjali issa jistg\u0127u jinbdew.<\/p>\n<p>L-inkjesta dwar l-iskandlu tal-isptarijiet kienet \u0121iet ordnata wara li saret talba fil-qorti minn Repubblika. G\u0127all-ewwel kienet ing\u0127atat ordni mill-ma\u0121istrat biex issir inkjesta i\u017cda din l-ordni kienet \u0121iet revokata mill-Im\u0127allef Giovanni Grixti wara li kien sar appell mill-Ministri.<\/p>\n<p>Aktar tard, Repubblika re\u0121g\u0127et g\u0127amlet talba o\u0127ra li kienet armata b&#8217;informazzjoni \u0121dida u in\u0127ar\u0121et ordni mill-ma\u0121istrat biex titnieda inkjesta. L-appell kien mistenni li jinstema&#8217; mill-Im\u0127allef Consuelo Scerri Herrera i\u017cda din irriku\u017cat ru\u0127\u0127a. Meta l-ka\u017c \u0121ie quddiem l-Im\u0127allef Aaron Bugeja, dan irriku\u017ca ru\u0127u wkoll. I\u017c-\u017cew\u0121 Im\u0127allfin \u0127assew li kellhom kunflitt ta&#8217; interess. \u0126u l-Im\u0127allef Scerri Herrera hu ministru tal-gvern filwaqt li l-\u0127atra tal-Im\u0127allef Bugeja qed ti\u0121i kontestata minn Repubblika f&#8217;ka\u017c separat dwar l-indipendenza tal-\u0121udikatura.<\/p>\n<p>Il-ka\u017c spi\u010b\u010ba biex \u0121ie assenjat mill-Prim Im\u0127allef lill-Im\u0127allef Edwina Grima li llum tat is-sentenza tag\u0127ha.<\/p>\n<p>G\u0127al Repubblika deher l-avukat Jason Azzopardi.<\/p>\n","protected":false},"excerpt":{"rendered":"<p>Illum l-Im\u0127allef Edwina Grima \u010ba\u0127det appell li kien sar minn tliet ministri (minn dakinhar &#8216;l hawn warrab wie\u0127ed minnhom) li riedu jirrevokaw digriet ta&#8217; ma\u0121istrat li kien ordna t-tnedija ta&#8217; inkjesta kriminali dwar l-im\u0121ieba tag\u0127hom fil-bejg\u0127 ta&#8217; tliet sptarijiet pubbli\u010bi lil persuni mhux mag\u0127rufa. Legalment Edward Scicluna, Chris Cardona u Konrad Mizzi issa ma jistg\u0127ux [&hellip;]<\/p>\n","protected":false},"author":1,"featured_media":82370,"comment_status":"open","ping_status":"open","sticky":false,"template":"","format":"standard","meta":[],"categories":[54],"tags":[],"_links":{"self":[{"href":"https:\/\/manueldelia.com\/mt\/wp-json\/wp\/v2\/posts\/82410\/"}],"collection":[{"href":"https:\/\/manueldelia.com\/mt\/wp-json\/wp\/v2\/posts\/"}],"about":[{"href":"https:\/\/manueldelia.com\/mt\/wp-json\/wp\/v2\/types\/post\/"}],"author":[{"embeddable":true,"href":"https:\/\/manueldelia.com\/mt\/wp-json\/wp\/v2\/users\/1\/"}],"replies":[{"embeddable":true,"href":"https:\/\/manueldelia.com\/mt\/wp-json\/wp\/v2\/comments\/?post=82410"}],"version-history":[{"count":2,"href":"https:\/\/manueldelia.com\/mt\/wp-json\/wp\/v2\/posts\/82410\/revisions\/"}],"predecessor-version":[{"id":82611,"href":"https:\/\/manueldelia.com\/mt\/wp-json\/wp\/v2\/posts\/82410\/revisions\/82611\/"}],"wp:featuredmedia":[{"embeddable":true,"href":"https:\/\/manueldelia.com\/mt\/wp-json\/wp\/v2\/media\/82370\/"}],"wp:attachment":[{"href":"https:\/\/manueldelia.com\/mt\/wp-json\/wp\/v2\/media\/?parent=82410"}],"wp:term":[{"taxonomy":"category","embeddable":true,"href":"https:\/\/manueldelia.com\/mt\/wp-json\/wp\/v2\/categories\/?post=82410"},{"taxonomy":"post_tag","embeddable":true,"href":"https:\/\/manueldelia.com\/mt\/wp-json\/wp\/v2\/tags\/?post=82410"}],"curies":[{"name":"wp","href":"https:\/\/api.w.org\/{rel}","templated":true}]}}