{"id":82413,"date":"2019-11-29T10:46:55","date_gmt":"2019-11-29T09:46:55","guid":{"rendered":"https:\/\/manueldelia.com\/?p=82413"},"modified":"2019-12-01T07:52:14","modified_gmt":"2019-12-01T06:52:14","slug":"sandro-ruotolo-qafluna-fil-binja-tal-gvern-ta-malta","status":"publish","type":"post","link":"https:\/\/manueldelia.com\/mt\/2019\/11\/sandro-ruotolo-qafluna-fil-binja-tal-gvern-ta-malta\/","title":{"rendered":"Sandro Ruotolo: &#8220;Qafluna fil-binja tal-gvern ta&#8217; Malta&#8221;"},"content":{"rendered":"<p>Il-\u0121urnalist Taljan Sandro Ruotolo li jinsab Malta b\u0127ala r-rappre\u017centat tal-g\u0127aqda tal-\u0121urnalisti tal-Italja kiteb fil-<em>Facebook<\/em> dwar l-esperjenza li g\u0127adda minnha l-biera\u0127 bil-lejl fuq barra u \u0121ewwa l-bini tal-uffi\u010b\u010bju tal-prim ministru ta&#8217; Malta.<\/p>\n<p>&#8220;Malta tinsab ma\u0127suda. Il-biera\u0127 bil-lejl Keith Schembri, dak li kien i\u010b-<em>chief of staff<\/em> tal-prim ministru, ma baqax ta\u0127t investigazzjoni kriminali. Il-lejl li g\u0127adda se\u0127\u0127 taqbid fit-triq barra l-uffi\u010b\u010bju tal-gvern. Wara l-konferenza stampa li g\u0127amel il-prim ministru, lilna l-\u0121urnalisti qafluna f&#8217;din il-binja tal-gvern. Matul il-lejl li g\u0127adda, tbieg\u0127du minna l-verit\u00e0 u l-\u0121ustizzja g\u0127al Daphne.<\/p>\n<p>&#8220;Konna pass &#8216;il bog\u0127od mill-verit\u00e0, i\u017cda s-setg\u0127a politika \u0127ar\u0121et bit-twe\u0121iba tag\u0127ha. Paolo Borrometti, Andrea Esposito li \u0121ibed il-filmat ta&#8217; kull ma se\u0127\u0127, u jien konna xhieda ta&#8217; dak li se\u0127\u0127 f&#8217;Malta l-lejl li g\u0127adda. Kien lejl li mhux ser ninsew\u0127 malajr. Fil-pjazza rajna lil Matthew u Paul, tnejn minn ulied Daphne, rajna lil Helene bir-ritratt ta&#8217; Daphne f&#8217;idha, rajna \u017cg\u0127a\u017cag\u0127 ji\u0121u trattati b&#8217;mod goff mill-pulizija. Din ix-xena m&#8217;a\u0127na ser ninsewha qatt. L-Ewropa ma tistax tibqa&#8217; siekta. Illum f&#8217;Malta, n-nies se ter\u0121a&#8217; tipprotesta. Ma nistg\u0127ux nippermettu li din l-istorja tintemm ming\u0127ajr ma ssir \u0121ustizzja mal-im\u0127u\u0127 kollha wara l-assassinju ta&#8217; Daphne&#8221;.<\/p>\n<p><iframe style=\"border: none; overflow: hidden;\" src=\"https:\/\/www.facebook.com\/plugins\/post.php?href=https%3A%2F%2Fwww.facebook.com%2Fsandro.ruotolo.58%2Fposts%2F10221044733252441&amp;width=500\" width=\"500\" height=\"586\" frameborder=\"0\" scrolling=\"no\"><\/iframe><\/p>\n","protected":false},"excerpt":{"rendered":"<p>Il-\u0121urnalist Taljan Sandro Ruotolo li jinsab Malta b\u0127ala r-rappre\u017centat tal-g\u0127aqda tal-\u0121urnalisti tal-Italja kiteb fil-Facebook dwar l-esperjenza li g\u0127adda minnha l-biera\u0127 bil-lejl fuq barra u \u0121ewwa l-bini tal-uffi\u010b\u010bju tal-prim ministru ta&#8217; Malta. &#8220;Malta tinsab ma\u0127suda. Il-biera\u0127 bil-lejl Keith Schembri, dak li kien i\u010b-chief of staff tal-prim ministru, ma baqax ta\u0127t investigazzjoni kriminali. Il-lejl li g\u0127adda se\u0127\u0127 [&hellip;]<\/p>\n","protected":false},"author":1,"featured_media":82391,"comment_status":"open","ping_status":"open","sticky":false,"template":"","format":"standard","meta":[],"categories":[54],"tags":[],"_links":{"self":[{"href":"https:\/\/manueldelia.com\/mt\/wp-json\/wp\/v2\/posts\/82413\/"}],"collection":[{"href":"https:\/\/manueldelia.com\/mt\/wp-json\/wp\/v2\/posts\/"}],"about":[{"href":"https:\/\/manueldelia.com\/mt\/wp-json\/wp\/v2\/types\/post\/"}],"author":[{"embeddable":true,"href":"https:\/\/manueldelia.com\/mt\/wp-json\/wp\/v2\/users\/1\/"}],"replies":[{"embeddable":true,"href":"https:\/\/manueldelia.com\/mt\/wp-json\/wp\/v2\/comments\/?post=82413"}],"version-history":[{"count":2,"href":"https:\/\/manueldelia.com\/mt\/wp-json\/wp\/v2\/posts\/82413\/revisions\/"}],"predecessor-version":[{"id":82613,"href":"https:\/\/manueldelia.com\/mt\/wp-json\/wp\/v2\/posts\/82413\/revisions\/82613\/"}],"wp:featuredmedia":[{"embeddable":true,"href":"https:\/\/manueldelia.com\/mt\/wp-json\/wp\/v2\/media\/82391\/"}],"wp:attachment":[{"href":"https:\/\/manueldelia.com\/mt\/wp-json\/wp\/v2\/media\/?parent=82413"}],"wp:term":[{"taxonomy":"category","embeddable":true,"href":"https:\/\/manueldelia.com\/mt\/wp-json\/wp\/v2\/categories\/?post=82413"},{"taxonomy":"post_tag","embeddable":true,"href":"https:\/\/manueldelia.com\/mt\/wp-json\/wp\/v2\/tags\/?post=82413"}],"curies":[{"name":"wp","href":"https:\/\/api.w.org\/{rel}","templated":true}]}}