{"id":82570,"date":"2019-11-30T19:04:46","date_gmt":"2019-11-30T18:04:46","guid":{"rendered":"https:\/\/manueldelia.com\/?p=82570"},"modified":"2019-12-01T07:57:22","modified_gmt":"2019-12-01T06:57:22","slug":"joseph-muscat-jehtieg-li-jwarrab-minn-kastilja-llum","status":"publish","type":"post","link":"https:\/\/manueldelia.com\/mt\/2019\/11\/joseph-muscat-jehtieg-li-jwarrab-minn-kastilja-llum\/","title":{"rendered":"Joseph Muscat je\u0127tie\u0121 li jwarrab minn Kastilja llum"},"content":{"rendered":"<p><img class=\"alignnone size-full wp-image-82266\" src=\"https:\/\/manueldelia.com\/wp-content\/uploads\/2019\/11\/78322331_10157751029096963_6959905528625496064_o.jpg\" alt=\"\" width=\"960\" height=\"364\" srcset=\"https:\/\/manueldelia.com\/wp-content\/uploads\/2019\/11\/78322331_10157751029096963_6959905528625496064_o-200x76.jpg 200w, https:\/\/manueldelia.com\/wp-content\/uploads\/2019\/11\/78322331_10157751029096963_6959905528625496064_o-300x114.jpg 300w, https:\/\/manueldelia.com\/wp-content\/uploads\/2019\/11\/78322331_10157751029096963_6959905528625496064_o-400x152.jpg 400w, https:\/\/manueldelia.com\/wp-content\/uploads\/2019\/11\/78322331_10157751029096963_6959905528625496064_o-600x228.jpg 600w, https:\/\/manueldelia.com\/wp-content\/uploads\/2019\/11\/78322331_10157751029096963_6959905528625496064_o-768x291.jpg 768w, https:\/\/manueldelia.com\/wp-content\/uploads\/2019\/11\/78322331_10157751029096963_6959905528625496064_o-800x303.jpg 800w, https:\/\/manueldelia.com\/wp-content\/uploads\/2019\/11\/78322331_10157751029096963_6959905528625496064_o.jpg 960w\" sizes=\"(max-width: 960px) 100vw, 960px\" \/><\/p>\n<p>Ta&#8217; Kastilja lill-\u0121urnalisti qed itarrfulhom li Joseph Muscat se j\u0127abbar li se jwarrab f&#8217;nofs Jannar. Dan m&#8217;huwiex a\u010b\u010bettabbli. Bi \u0127siebna nkomplu bil-protesti tag\u0127na g\u0127allinqas sa dakinhar li jwarrab. Issa li \u0127ar\u0121et il-verit\u00e0, m&#8217;a\u0127niex se nieqfu nissieltu biex issir \u0121ustizzja.<\/p>\n<p>Joseph Muscat ma jistax jiddetta hu \u017c-\u017cmien meta g\u0127andu jwarrab. M&#8217;huwiex se jirtira u r-riedni jg\u0127addih lil \u0127addie\u0127or qisu xi Mos\u00e8 fil-periferija tal-Art Imwieg\u0127da. Joseph Muscat se jwarrab rasu baxxuta talli wettaq l-akbar gidba fl-istorja politika ta&#8217; pajji\u017cna. Se jwarrab sabiex pajji\u017cna jkun jista&#8217; jinfeda&#8217; mill-mafja li hu ppermetta li ta\u0127kem lill-gvern tieg\u0127u.<\/p>\n<p>Jekk il-pulizija tkun trid tarrestak, ma tmurx tg\u0127idilhom li jkunu jistg\u0127u jag\u0127mlu dan wara l-festi tal-Milied g\u0127ax ma tkunx trid tg\u0127arraq il-festi.<\/p>\n<p>Jekk lid-dinja rridu nuruha li l-gvern tag\u0127na m&#8217;g\u0127adux ma\u0127kum mill-\u0127allelin, il-\u0127allelin je\u0127tie\u0121 li jwarrbu issa, preferibbilment ni\u017clin it-tara\u0121 ta&#8217; Kastilja bil-manetti f&#8217;idejhom, libsin \u0121akketta tal-\u0127absin u mi\u017cmumin minn pulizija mmaskati.<\/p>\n<p>Dak li j\u0127assibni wkoll hu li l-presenza tieg\u0127u f&#8217;Kastilja tag\u0127tih l-opportunit\u00e0 li jidfen il-provi: dak li t-Taljani jsej\u0127ulu <em>insabbiamento<\/em>. Dak li j\u0127assibni issa huma s-<em>servers<\/em> tieg\u0127u ta&#8217; josephmuscat.com u Alla biss jaf liema <i>e-mail accounts<\/i> sigrieti g\u0127amel u\u017cu minnhom.\u00a0 Li j\u0127assibni hu x&#8217;kwalit\u00e0 ta&#8217; provi \u0127alla warajh f&#8217;daru Keith Schembri fil-lejl ta&#8217; qabel l-arrest tieg\u0127u.<\/p>\n<p>Il-Pulizija u l-Ma\u0121istrat inkwirenti g\u0127andhom jie\u0127du \u0127sieb jippriservaw u jerfg\u0127u l-provi.<\/p>\n<p>Hemm g\u0127alfejn toqg\u0127od tintervjeni Repubblika biex tag\u0127mel dak li suppost qieg\u0127din jag\u0127mlu l-istituzzjonijiet u titlob inkjesta ma\u0121isterjali dwar <em>cover-up<\/em> kriminali? Ibqg\u0127u \u010berti li Repubblika dan ser tag\u0127mlu jekk ikun me\u0127tie\u0121.<\/p>\n<p>Tg\u0127id ser ni\u0121u b\u017conn xi kelb xammiem ie\u0127or?<\/p>\n<p>X&#8217;aktarx li tal-Labour qed jittamaw li l-partit ma ji\u0121ux effettwat \u0127a\u017cin. Din m&#8217;hix kwistjoni dwar i\u010b-\u010bansijiet li g\u0127andhom li jirb\u0127u l-elezzjoni li jmiss &#8211; fis-sitwazzjoni li ninsabu fiha, i\u010b-\u010bansijiet jibqg\u0127u li jirb\u0127u huma. I\u017cda \u010bertament qieg\u0127din jaraw li je\u0127tie\u0121 li \u017c\u017cernaq repubblika \u0121dida li ma tkunx repubblika li fiha n-nies tiffolla biex tag\u0127ti l-appo\u0121\u0121 tag\u0127ha lill-\u0127allelin jew lil dawk li g\u0127attew ix-xtur tag\u0127hom.<\/p>\n<p>Bil-g\u0127an li jibdew jakkwistaw kredibilit\u00e0 \u0121dida, il-politi\u010bi ta&#8217; kull lewn g\u0127andhom l-a\u0127\u0127ar opportunit\u00e0 biex bis-serjet\u00e0 j\u017commu ru\u0127\u0127om il-bog\u0127od mill-korruzzjoni li sostnew.<\/p>\n<p>U biex jer\u0121a&#8217; jintraddilhom lura r-rispett, l-istituzzjonijiet &#8211; b&#8217;mod partikolari l-pulizija &#8211; m&#8217;g\u0127andhomx jibqa&#8217; jkollhom suddizzjoni mill-politi\u010bi u g\u0127andhom jie\u0127du azzjoni ming\u0127ajr ma j\u0127arsu lejn l-u\u010bu\u0127.<\/p>\n<p>Joseph Muscat gidbilna f&#8217;wi\u010b\u010bna. B&#8217;mod partikolari gideb f&#8217;wi\u010b\u010b il-ministri u l-kollegi tieg\u0127u. Warrbu\u0127 illum qabel g\u0127ada.<\/p>\n<p>G\u0127ada ng\u0127aqad mag\u0127na fil-protesta.<\/p>\n","protected":false},"excerpt":{"rendered":"<p>Ta&#8217; Kastilja lill-\u0121urnalisti qed itarrfulhom li Joseph Muscat se j\u0127abbar li se jwarrab f&#8217;nofs Jannar. Dan m&#8217;huwiex a\u010b\u010bettabbli. Bi \u0127siebna nkomplu bil-protesti tag\u0127na g\u0127allinqas sa dakinhar li jwarrab. Issa li \u0127ar\u0121et il-verit\u00e0, m&#8217;a\u0127niex se nieqfu nissieltu biex issir \u0121ustizzja. Joseph Muscat ma jistax jiddetta hu \u017c-\u017cmien meta g\u0127andu jwarrab. M&#8217;huwiex se jirtira u r-riedni jg\u0127addih [&hellip;]<\/p>\n","protected":false},"author":1,"featured_media":82267,"comment_status":"open","ping_status":"open","sticky":false,"template":"","format":"standard","meta":[],"categories":[54],"tags":[],"_links":{"self":[{"href":"https:\/\/manueldelia.com\/mt\/wp-json\/wp\/v2\/posts\/82570\/"}],"collection":[{"href":"https:\/\/manueldelia.com\/mt\/wp-json\/wp\/v2\/posts\/"}],"about":[{"href":"https:\/\/manueldelia.com\/mt\/wp-json\/wp\/v2\/types\/post\/"}],"author":[{"embeddable":true,"href":"https:\/\/manueldelia.com\/mt\/wp-json\/wp\/v2\/users\/1\/"}],"replies":[{"embeddable":true,"href":"https:\/\/manueldelia.com\/mt\/wp-json\/wp\/v2\/comments\/?post=82570"}],"version-history":[{"count":3,"href":"https:\/\/manueldelia.com\/mt\/wp-json\/wp\/v2\/posts\/82570\/revisions\/"}],"predecessor-version":[{"id":82573,"href":"https:\/\/manueldelia.com\/mt\/wp-json\/wp\/v2\/posts\/82570\/revisions\/82573\/"}],"wp:featuredmedia":[{"embeddable":true,"href":"https:\/\/manueldelia.com\/mt\/wp-json\/wp\/v2\/media\/82267\/"}],"wp:attachment":[{"href":"https:\/\/manueldelia.com\/mt\/wp-json\/wp\/v2\/media\/?parent=82570"}],"wp:term":[{"taxonomy":"category","embeddable":true,"href":"https:\/\/manueldelia.com\/mt\/wp-json\/wp\/v2\/categories\/?post=82570"},{"taxonomy":"post_tag","embeddable":true,"href":"https:\/\/manueldelia.com\/mt\/wp-json\/wp\/v2\/tags\/?post=82570"}],"curies":[{"name":"wp","href":"https:\/\/api.w.org\/{rel}","templated":true}]}}