{"id":82671,"date":"2019-12-01T07:25:27","date_gmt":"2019-12-01T06:25:27","guid":{"rendered":"https:\/\/manueldelia.com\/?p=82671"},"modified":"2019-12-02T09:48:50","modified_gmt":"2019-12-02T08:48:50","slug":"ghal-darbohra-kif-ilni-naghmel-ghal-dawn-l-ahhar-ghaxart-ijiem-nappella-lid-deputati-laburisti-lil-muscat-warrbuh-illum","status":"publish","type":"post","link":"https:\/\/manueldelia.com\/mt\/2019\/12\/ghal-darbohra-kif-ilni-naghmel-ghal-dawn-l-ahhar-ghaxart-ijiem-nappella-lid-deputati-laburisti-lil-muscat-warrbuh-illum\/","title":{"rendered":"G\u0127al darb&#8217;o\u0127ra, kif ilni nag\u0127mel g\u0127al dawn l-a\u0127\u0127ar g\u0127axart ijiem, nappella lid-deputati Laburisti. Lil Muscat warrbu\u0127 illum."},"content":{"rendered":"<p><img class=\"size-full wp-image-82597 aligncenter\" src=\"https:\/\/manueldelia.com\/wp-content\/uploads\/2019\/12\/labour_at_girgenti.jpg\" alt=\"\" width=\"684\" height=\"513\" srcset=\"https:\/\/manueldelia.com\/wp-content\/uploads\/2019\/12\/labour_at_girgenti-200x150.jpg 200w, https:\/\/manueldelia.com\/wp-content\/uploads\/2019\/12\/labour_at_girgenti-300x225.jpg 300w, https:\/\/manueldelia.com\/wp-content\/uploads\/2019\/12\/labour_at_girgenti-400x300.jpg 400w, https:\/\/manueldelia.com\/wp-content\/uploads\/2019\/12\/labour_at_girgenti-600x450.jpg 600w, https:\/\/manueldelia.com\/wp-content\/uploads\/2019\/12\/labour_at_girgenti.jpg 684w\" sizes=\"(max-width: 684px) 100vw, 684px\" \/><\/p>\n<p>L-ewwel \u0127a\u0121a li g\u0127amlu tal-grupp parlamentari Laburista, hekk kif ir\u010bievew l-appell tal-attivisti tas-so\u010bjet\u00e0 \u010bivili &#8211; jien fosthom &#8211; biex iwarrbu lil Joseph Muscat, kien li jtu\u0127 vot ta&#8217; fidu\u010bja unanima.<\/p>\n<p>Forsi din il-mossa wie\u0127ed kien jistenniha. G\u0127al tliet snin u nofs s\u0127a\u0127, permezz tal-PN &#8211; fi\u017c-\u017cmien meta dan g\u0127ad kellu le\u0127en &#8211; u aktar tard permezz tas-so\u010bjet\u00e0 \u010bivili, il-kelma &#8220;Barra&#8221; kienet tidwi ta\u0127t it-twieqi ta&#8217; Kastilja. Kien hemm min emmen li l-PN kien motivat li jwaqqa&#8217; lill-gvern Laburista u li jid\u0127ol jiggverna floku. M&#8217;hemmx dubju li kien hemm din il-motivazzjoni &#8211; dan, wara kollox, huwa xog\u0127ol min jag\u0127tiha g\u0127all-politika u tal-partiti politi\u010bi.<\/p>\n<p>Dakinhar li tal-PN idde\u010bidew li ma jibqg\u0127ux isemmu l-korruzzjoni u jibdew itambru dwar affarijiet li jolqtu lin-nies mill-qrib, li-mexxejja tal-Labour u s-segwa\u010bi tag\u0127hom lill-attivisti tas-so\u010bjet\u00e0 \u010bivili kienu laqqmuhom b\u0127ala nazzjonalisti nostal\u0121i\u010bi u\u00a0 &#8220;negattivi&#8221; li kienu mg\u0127omija wara ambizzjonijiet parti\u0121\u0121jani.<\/p>\n<p>Jisg\u0127obija ferm li lil dawn ma rnexxielhix nipperswadihom li a\u0127na konna sin\u010bieri fil-konvinzjoni tag\u0127na li Daphne kienet inqatlet min\u0127abba dak li kienet tikteb u li dak li kienet tikteb kien minnu.<\/p>\n<p>Ma rnexxilniex nipperswadu lin-nies li l-verit\u00e0 tista&#8217; te\u0127lisna lkoll.<\/p>\n<p>Sa\u0127ansitra sa anqas minn \u0127mistax ilu, meta konna g\u0127adna weqfin fuq it-tara\u0121 ta&#8217; Kastilja u a\u0127na u nitolbu lil tal-grupp parlamentari tal-Labour biex iwarrbu lil Joseph Muscat, ftit kienu dawk li emmnuna. Il-bqija komplew iduru madwar il-mexxej assedjat tag\u0127hom biex jiddefenduh.<\/p>\n<p>Ma kienux stenb\u0127u meta nkixfu l-<em>Panama Papers<\/em>. Lanqas ma kienu stenb\u0127u meta Daphne \u0121iet assassinata u meta Yorgen Fenech kien inkixef b\u0127ala s-sid ta&#8217; 17 Black jew meta dan kien \u0121ie arrestat.<\/p>\n<p>Biex stenb\u0127u kellhom jaraw il-\u0127mie\u0121 li kien hemm f&#8217;nofshom b&#8217;g\u0127ajnejhom stess u jxommu\u0127 b&#8217;imnifsejhom stess hekk kif nhar il-\u0126amis bil-lejl semg\u0127u li Keith Schembri &#8211; biex ikun jista&#8217; jsalva \u0121ildu &#8211; kien bg\u0127at messa\u0121\u0121i lil Yorgen Fenech. Inteb\u0127u wkoll kif x&#8217;aktarx dan ittanta jwa\u0127\u0127al it-twettiq tad-delitt fuq Chris Cardona. U b&#8217;skantament kbir raw ukoll kif Joseph Muscat kien irran\u0121a biex Keith Schembri jin\u0127eles mill-arrest.<\/p>\n<p>F&#8217;dawn l-a\u0127\u0127ar sentejn, il-Pulizija ma \u0127ar\u0121ux aktar minn \u017cew\u0121 stqarrijiet dwar l-investigazzjonijiet li kienu qed isiru dwar id-delitt l-aktar ma\u0127mu\u0121 li Malta qatt rat fl-istorja tag\u0127ha. Nhar il-\u0126amis li g\u0127adda g\u0127amlu xi \u0127a\u0121a li mhux soltu jag\u0127mluha. \u0126ar\u0121u stqarrija li mhux biss \u0127abbret il-\u0127elsien ta&#8217; Keith Schembri mill-arrest i\u017cda wkoll l-e\u017conerazzjoni tieg\u0127u.<\/p>\n<p>Din l-istqarrija \u0127olqot disgwid kbir u rabja fost il-mexxejja Laburisti. Issa bosta huma dawk li stenb\u0127u.<\/p>\n<p>Ix-xenarju issa nbidel u qed ner\u0121g\u0127u nag\u0127mlu l-appell tag\u0127na. Il-fatt li intom biss tistg\u0127u twarrbu lil Joseph Muscat\u00a0 &#8211; il-president, il-pulizija, l-qrati u dawk li qed jipprotestaw fit-toroq ma jistg\u0127u jag\u0127mlu xejn &#8211; ifisser li g\u0127andkom mhux biss ir-responsabbilt\u00e0 i\u017cda wkoll id-dmir li twarrbuh.<\/p>\n<p>Issa li stenba\u0127tu qeg\u0127din taraw \u010bar li Joseph Muscat qed imexxi re\u0121im korrott li sa wasal biex qatel biex jipprote\u0121i lilu nnifsu mill-\u0121ustizzja. Qeg\u0127sin tindunaw li Joseph Muscat kien ilu jaf g\u0127al xhur s\u0127a\u0127 bl-elementi ta&#8217; din il-konfoffa u minflok iwarrab biex il-\u0121ustizzja tkun tista&#8217; tie\u0127u l-kors tag\u0127ha, baqa&#8217; f&#8217;postu biex ikun jista&#8217; jfixkilha. Qeg\u0127din tinteb\u0127u wkoll li Joseph Muscat da\u0127ak bikom u \u0127a d-de\u010bi\u017cjoni li ja\u0127fer lil sie\u0127eb Keith Schembri, Melvin Theuma, biex b&#8217;hekk je\u0127el b&#8217;kollox Yorgen Fenech. Qeg\u0127din taraw kif Joseph Muscat baqa&#8217; f&#8217;postu biex ikun jista&#8217; je\u0127les lil sie\u0127bu Keith Schembri mill-\u0127abs.<\/p>\n<p>Kull jum li jg\u0127addi bih fis-setg\u0127a, s-sitwazzjoni qed issir aktar serja.<\/p>\n<p>Issa wasalna g\u0127all-punt li fih bin-nuqqas tag\u0127kom li twarrbuh qed issiru kompli\u010bi f&#8217;<em>cover-up<\/em>.<\/p>\n<p>Jekk tassew tridu li ssir \u0121ustizzja, warrbuh issa. Fl-4pm ser nin\u0121abru l-Belt Valletta biex ner\u0121g\u0127u intennu l-appell tag\u0127na. Ittradejtu lill-partit tag\u0127kom, lil min ivvotalkom, lis-segwa\u010bi tag\u0127kom u lill-pajji\u017c kollu g\u0127al tliet snin u nofs s\u0127a\u0127. Xejn ma jista&#8217; jifdikom.<\/p>\n<p>I\u017cda jekk tibqg\u0127u ma tag\u0127mlu xejn, issiru kompli\u010bi f&#8217;delitt.<\/p>\n<p>&nbsp;<\/p>\n","protected":false},"excerpt":{"rendered":"<p>L-ewwel \u0127a\u0121a li g\u0127amlu tal-grupp parlamentari Laburista, hekk kif ir\u010bievew l-appell tal-attivisti tas-so\u010bjet\u00e0 \u010bivili &#8211; jien fosthom &#8211; biex iwarrbu lil Joseph Muscat, kien li jtu\u0127 vot ta&#8217; fidu\u010bja unanima. Forsi din il-mossa wie\u0127ed kien jistenniha. G\u0127al tliet snin u nofs s\u0127a\u0127, permezz tal-PN &#8211; fi\u017c-\u017cmien meta dan g\u0127ad kellu le\u0127en &#8211; u aktar tard [&hellip;]<\/p>\n","protected":false},"author":1,"featured_media":82598,"comment_status":"open","ping_status":"open","sticky":false,"template":"","format":"standard","meta":[],"categories":[54],"tags":[],"_links":{"self":[{"href":"https:\/\/manueldelia.com\/mt\/wp-json\/wp\/v2\/posts\/82671\/"}],"collection":[{"href":"https:\/\/manueldelia.com\/mt\/wp-json\/wp\/v2\/posts\/"}],"about":[{"href":"https:\/\/manueldelia.com\/mt\/wp-json\/wp\/v2\/types\/post\/"}],"author":[{"embeddable":true,"href":"https:\/\/manueldelia.com\/mt\/wp-json\/wp\/v2\/users\/1\/"}],"replies":[{"embeddable":true,"href":"https:\/\/manueldelia.com\/mt\/wp-json\/wp\/v2\/comments\/?post=82671"}],"version-history":[{"count":1,"href":"https:\/\/manueldelia.com\/mt\/wp-json\/wp\/v2\/posts\/82671\/revisions\/"}],"predecessor-version":[{"id":82678,"href":"https:\/\/manueldelia.com\/mt\/wp-json\/wp\/v2\/posts\/82671\/revisions\/82678\/"}],"wp:featuredmedia":[{"embeddable":true,"href":"https:\/\/manueldelia.com\/mt\/wp-json\/wp\/v2\/media\/82598\/"}],"wp:attachment":[{"href":"https:\/\/manueldelia.com\/mt\/wp-json\/wp\/v2\/media\/?parent=82671"}],"wp:term":[{"taxonomy":"category","embeddable":true,"href":"https:\/\/manueldelia.com\/mt\/wp-json\/wp\/v2\/categories\/?post=82671"},{"taxonomy":"post_tag","embeddable":true,"href":"https:\/\/manueldelia.com\/mt\/wp-json\/wp\/v2\/tags\/?post=82671"}],"curies":[{"name":"wp","href":"https:\/\/api.w.org\/{rel}","templated":true}]}}