{"id":84425,"date":"2019-12-12T20:42:50","date_gmt":"2019-12-12T19:42:50","guid":{"rendered":"https:\/\/manueldelia.com\/?p=84425"},"modified":"2019-12-13T18:14:00","modified_gmt":"2019-12-13T17:14:00","slug":"l-aqwa-fl-ewropa-hi","status":"publish","type":"post","link":"https:\/\/manueldelia.com\/mt\/2019\/12\/l-aqwa-fl-ewropa-hi\/","title":{"rendered":"L-Aqwa fl-Ewropa, \u0127i"},"content":{"rendered":"<p>Mhux soltu li nissu\u0121\u0121erixxi li toqg\u0127odu taraw qabda kapijiet tal-gvern jippu\u017caw g\u0127ar-ritratt. I\u017cda dan li \u0121ej ta&#8217; min isegwih.<\/p>\n<p><iframe style=\"overflow-y: hidden;\" src=\"https:\/\/europa.eu\/!fK34xB\" width=\"480\" height=\"270\" frameborder=\"0\" scrolling=\"no\" allowfullscreen=\"allowfullscreen\"><\/iframe><\/p>\n<p>Segwuh b&#8217;attenzjoni sal-a\u0127\u0127ar u taraw kif kull kap ta&#8217; gvern fl-Ewropa g\u0127amel l-almu tieg\u0127u biex jag\u0127mel tabirru\u0127u li Joseph Muscat ma je\u017cistix. Tinteba\u0127 li tassew g\u0127andna g\u0127alxiex nirringrazzjaw\u0127 li, min\u0127abba l-im\u0121ieba tieg\u0127u, llum il-bqija tal-Ewropa kellha ssib mezz biex timma\u0121ina li Malta m&#8217;hix parti mill-Ewropa.<\/p>\n<p>Paragunat ma&#8217; Joseph Muscat, Victor Orban jidher li hu aktar a\u010b\u010bettabbli. I\u0121ieg\u0127el lill-estrem jidher moderat u lill-i\u017clealt\u00e0 tidher b\u0127ala lealt\u00e0.<\/p>\n<p>Il-pretensjoni ta&#8217; Joseph Muscat li qed imexxi gvern mhix ti\u0121i a\u010b\u010bettata mill-bqija tad-dinja. Il-maskra nkixfet u qed jarawh b\u0127ala kap ta&#8217; \u010borma kriminali. Sa waslu biex jistmerruh f&#8217;wi\u010b\u010bu. Huma u jwie\u0121bu mistoqsijiet tal-istampa, numru ta&#8217; kapijiet ta&#8217; gvern qalu li huma mejtin biex ma jaraw\u0127x aktar b&#8217;g\u0127ajnejhom. Il-Finlandi\u017ci qalu li bi \u0127siebhom jissorveljaw is-sitwazzjoni f&#8217;Malta. Dan wara li l-\u0120ermani\u017ci u l-Olandi\u017ci stqarrew, ftit sig\u0127at qabel, li ser jag\u0127mlu l-istess.<\/p>\n<p>Il-President tal-Parlament Ewropew qal li je\u0127tie\u0121 li tittie\u0127ed azzjoni dwar Malta ming\u0127ajr aktar dewmien.<\/p>\n<p>Mark Rutte, il-prim ministru Olandi\u017c, wera&#8217; li jinqala&#8217; g\u0127as-sarka\u017cmu. &#8216;Iva, lil Muscat \u0127adtlu b&#8217;idej\u0127&#8221; qal. &#8220;I\u017cda kont \u0127adt b&#8217;idejn Bouterse ukoll.&#8217; Desi Bouterse kien id-dittatur tas-Suriname li kien intbag\u0127at 20 sena \u0127abs min\u0127abba delitti kriminali li kien wettaq.<\/p>\n<p>Inqas minn 6 xhur ilu, Joseph Muscat serjament ippretenda li jin\u0127atar b\u0127ala l-president tal-Kunsill tal-kapijiet ta&#8217; gvern tal-Unjoni Ewropea.<\/p>\n<p>Min jaf kemm g\u0127oxew bid-da\u0127k.<\/p>\n","protected":false},"excerpt":{"rendered":"<p>Mhux soltu li nissu\u0121\u0121erixxi li toqg\u0127odu taraw qabda kapijiet tal-gvern jippu\u017caw g\u0127ar-ritratt. I\u017cda dan li \u0121ej ta&#8217; min isegwih. Segwuh b&#8217;attenzjoni sal-a\u0127\u0127ar u taraw kif kull kap ta&#8217; gvern fl-Ewropa g\u0127amel l-almu tieg\u0127u biex jag\u0127mel tabirru\u0127u li Joseph Muscat ma je\u017cistix. Tinteba\u0127 li tassew g\u0127andna g\u0127alxiex nirringrazzjaw\u0127 li, min\u0127abba l-im\u0121ieba tieg\u0127u, llum il-bqija tal-Ewropa kellha [&hellip;]<\/p>\n","protected":false},"author":1,"featured_media":84421,"comment_status":"open","ping_status":"open","sticky":false,"template":"","format":"standard","meta":[],"categories":[54],"tags":[],"_links":{"self":[{"href":"https:\/\/manueldelia.com\/mt\/wp-json\/wp\/v2\/posts\/84425\/"}],"collection":[{"href":"https:\/\/manueldelia.com\/mt\/wp-json\/wp\/v2\/posts\/"}],"about":[{"href":"https:\/\/manueldelia.com\/mt\/wp-json\/wp\/v2\/types\/post\/"}],"author":[{"embeddable":true,"href":"https:\/\/manueldelia.com\/mt\/wp-json\/wp\/v2\/users\/1\/"}],"replies":[{"embeddable":true,"href":"https:\/\/manueldelia.com\/mt\/wp-json\/wp\/v2\/comments\/?post=84425"}],"version-history":[{"count":2,"href":"https:\/\/manueldelia.com\/mt\/wp-json\/wp\/v2\/posts\/84425\/revisions\/"}],"predecessor-version":[{"id":84510,"href":"https:\/\/manueldelia.com\/mt\/wp-json\/wp\/v2\/posts\/84425\/revisions\/84510\/"}],"wp:featuredmedia":[{"embeddable":true,"href":"https:\/\/manueldelia.com\/mt\/wp-json\/wp\/v2\/media\/84421\/"}],"wp:attachment":[{"href":"https:\/\/manueldelia.com\/mt\/wp-json\/wp\/v2\/media\/?parent=84425"}],"wp:term":[{"taxonomy":"category","embeddable":true,"href":"https:\/\/manueldelia.com\/mt\/wp-json\/wp\/v2\/categories\/?post=84425"},{"taxonomy":"post_tag","embeddable":true,"href":"https:\/\/manueldelia.com\/mt\/wp-json\/wp\/v2\/tags\/?post=84425"}],"curies":[{"name":"wp","href":"https:\/\/api.w.org\/{rel}","templated":true}]}}