{"id":84605,"date":"2019-12-16T14:02:40","date_gmt":"2019-12-16T13:02:40","guid":{"rendered":"https:\/\/manueldelia.com\/?p=84605"},"modified":"2019-12-16T15:27:34","modified_gmt":"2019-12-16T14:27:34","slug":"kwistjoni-ta-fiducja","status":"publish","type":"post","link":"https:\/\/manueldelia.com\/mt\/2019\/12\/kwistjoni-ta-fiducja\/","title":{"rendered":"Kwistjoni ta&#8217; fidu\u010bja"},"content":{"rendered":"<p>Forsi g\u0127adu kmieni wisq biex wie\u0127ed joqg\u0127od jispekula dwar x&#8217;ser ikun l-impatt s\u0127i\u0127 tas-sentenza li tat il-Qorti tal-Appell illum li permezz tag\u0127ha l-Avukat \u0120enerali \u0121ie ordnat jg\u0127addi kopja s\u0127i\u0127a tar-rapport tal-inkjesta Egrant lill-Kap tal-Oppo\u017cizzjoni Adrian Delia.<\/p>\n<p>S&#8217;issa Adrian Delia g\u0127adu ma ng\u0127atax kopja tar-rapport. Inkredibilment, l-Avukat \u0120enerali qed jipprova jislo\u0127 jumejn o\u0127ra li qed jg\u0127id li tti\u0127 il-li\u0121i biex joqg\u0127od g\u0127all-ordni tal-Qorti. Meta wie\u0127ed jiftakar li kulma jrid jag\u0127mel l-Avukat \u0120enerali biex joqg\u0127od g\u0127al din l-ordni hu li jibg\u0127at <em>e-mail<\/em> identika g\u0127al dik li f&#8217;Lulju 2018 kien bg\u0127at bil\u0121ri lil Joseph Muscat, dawn il-jumejn li jrid jislo\u0127 m&#8217;huma xejn \u0127lief tkaxkir tas-saqajn.<\/p>\n<p>Tiftakru x&#8217;kien \u0121ara&#8217; meta Joseph Muscat kien ir\u010bieva l-<em>email<\/em> ming\u0127and l-Avukat \u0120enerali Peter Grech: l-g\u0127ada Joseph Muscat kien infexx f&#8217;bikja quddiem il-kameras tat-televi\u017cjoni.<\/p>\n<p><img class=\"size-full wp-image-84597 aligncenter\" src=\"https:\/\/manueldelia.com\/wp-content\/uploads\/2019\/12\/joseph_muscat_egrant_inquiry_tears.jpg\" alt=\"\" width=\"684\" height=\"456\" srcset=\"https:\/\/manueldelia.com\/wp-content\/uploads\/2019\/12\/joseph_muscat_egrant_inquiry_tears-200x133.jpg 200w, https:\/\/manueldelia.com\/wp-content\/uploads\/2019\/12\/joseph_muscat_egrant_inquiry_tears-300x200.jpg 300w, https:\/\/manueldelia.com\/wp-content\/uploads\/2019\/12\/joseph_muscat_egrant_inquiry_tears-400x267.jpg 400w, https:\/\/manueldelia.com\/wp-content\/uploads\/2019\/12\/joseph_muscat_egrant_inquiry_tears-600x400.jpg 600w, https:\/\/manueldelia.com\/wp-content\/uploads\/2019\/12\/joseph_muscat_egrant_inquiry_tears.jpg 684w\" sizes=\"(max-width: 684px) 100vw, 684px\" \/><\/p>\n<p>Diffi\u010bli li wie\u0127ed jifhem e\u017catt x&#8217;log\u0127ba qed jipprova jilg\u0127ab Peter Grech barra t-tkaxkir tas-saqajn iddisprat minn Joseph Muscat u tal-klikka tieg\u0127u.<\/p>\n<p>Hemm kwistjoni fis-sentenza li tat il-Qorti llum li hi ta&#8217; sinjifikat &#8211; kwistjoni li x&#8217;aktarx se tintilef fost id-dag\u0127diha ta&#8217; argumenti li mistenni li jkun hemm.<\/p>\n<p>Il-Qorti tal-Appell illum irrikonoxxiet il-funzjoni kostituzzjonali tal-Oppo\u017cizzjoni u tal-mexxej tag\u0127ha. Dawn g\u0127andhom funzjonijiet x&#8217;jaqdu. Dawn huma l-iskrutinju tax-xog\u0127ol tal-gvern, tad-de\u010bi\u017cjonijiet li jie\u0127u\u00a0 u tal-im\u0121ieba tieg\u0127u. U biex ikunu jistg\u0127u jaqdu din il-funzjoni, l-istituzzjonijiet tal-istat \u2013 f&#8217;dan il-ka\u017c l-Avukat \u0120enerali\u00a0 \u2013 g\u0127andhom id-dmir li jinfurmawhom dwar dak li jkun qed jag\u0127mel il-gvern.<\/p>\n<p>G\u0127all-Qorti tal-Appell din hi l-og\u0127la kunsiderazzjoni u tmur lil hinn mill-o\u0121\u0121ezzjonijiet vojta u l-\u0121ustifikazzjonijiet kollha li kienu tqajmu mill-Avukat \u0120enerali biex kollox jin\u017camm mistur. Il-Qorti illum qablet li je\u017cistu ra\u0121unijiet validi g\u0127ala r-rapport tal-inkjesta Egrant m&#8217;g\u0127andux ji\u0121i mxandar. I\u017cda m&#8217;hemm ebda ra\u0121uni l-g\u0127ala g\u0127andha ti\u0121i mi\u010b\u0127uda kopja lill-Kap tal-Oppo\u017cizzjoni.<\/p>\n<p>Il-Qorti wkoll \u0121ibdet l-attenzjoni dwar kwistjoni o\u0127ra u fakkret li fix-xhieda tieg\u0127u Peter Grech kien qal li g\u0127andu mo\u0127\u0127u mistrie\u0127 li Joseph Muscat ser jirrispetta l-kunfidenzjalit\u00e0 tar-rapport. L-Im\u0127allfin illum staqsew il-g\u0127ala l-Avukat \u0120enerali m&#8217;g\u0127andux ikollu mo\u0127\u0127u mistrie\u0127 ukoll fil-konfront tal-Kap tal-Oppo\u017cizzjoni?<\/p>\n<p>Dan ir-ra\u0121unament tal-Qorti huwa ta&#8217; sinjifikat kbir u jfakkarna li l-kostituzzjoni ta\u0127dem sewwa meta dawk li j\u0127addmuha j\u0121ibu ru\u0127hom kif huwa mistenni li j\u0121ibu ru\u0127hom: dawn je\u0127tie\u0121 li jkunu fdati li j\u0121ibu ru\u0127hom b&#8217;serjet\u00e0, lealt\u00e0 lejn il-li\u0121ijiet u l-kostituzzjoni u, meta dan ikun me\u0127tie\u0121, bil-kunfidenzjalit\u00e0.<\/p>\n<p>Je\u0127tie\u0121 li jkunu fdati. Peter Grech, Adrian Delia, Joseph Muscat: jekk il-persuni li jokkupaw l-og\u0127la karigi m&#8217;humiex fdati, ma jistax ikun hemm fidu\u010bja fl-istituzzjonijiet tag\u0127na.<\/p>\n<p>M&#8217;g\u0127andniex xi ng\u0127idu, l-Qorti tal-Appell g\u0127andha ra\u0121un.<\/p>\n<p>U malajr tinbet il-mistoqsija: imma lil min nistg\u0127u nafdaw?<\/p>\n","protected":false},"excerpt":{"rendered":"<p>Forsi g\u0127adu kmieni wisq biex wie\u0127ed joqg\u0127od jispekula dwar x&#8217;ser ikun l-impatt s\u0127i\u0127 tas-sentenza li tat il-Qorti tal-Appell illum li permezz tag\u0127ha l-Avukat \u0120enerali \u0121ie ordnat jg\u0127addi kopja s\u0127i\u0127a tar-rapport tal-inkjesta Egrant lill-Kap tal-Oppo\u017cizzjoni Adrian Delia. S&#8217;issa Adrian Delia g\u0127adu ma ng\u0127atax kopja tar-rapport. Inkredibilment, l-Avukat \u0120enerali qed jipprova jislo\u0127 jumejn o\u0127ra li qed jg\u0127id [&hellip;]<\/p>\n","protected":false},"author":1,"featured_media":84598,"comment_status":"open","ping_status":"open","sticky":false,"template":"","format":"standard","meta":[],"categories":[54],"tags":[],"_links":{"self":[{"href":"https:\/\/manueldelia.com\/mt\/wp-json\/wp\/v2\/posts\/84605\/"}],"collection":[{"href":"https:\/\/manueldelia.com\/mt\/wp-json\/wp\/v2\/posts\/"}],"about":[{"href":"https:\/\/manueldelia.com\/mt\/wp-json\/wp\/v2\/types\/post\/"}],"author":[{"embeddable":true,"href":"https:\/\/manueldelia.com\/mt\/wp-json\/wp\/v2\/users\/1\/"}],"replies":[{"embeddable":true,"href":"https:\/\/manueldelia.com\/mt\/wp-json\/wp\/v2\/comments\/?post=84605"}],"version-history":[{"count":3,"href":"https:\/\/manueldelia.com\/mt\/wp-json\/wp\/v2\/posts\/84605\/revisions\/"}],"predecessor-version":[{"id":84608,"href":"https:\/\/manueldelia.com\/mt\/wp-json\/wp\/v2\/posts\/84605\/revisions\/84608\/"}],"wp:featuredmedia":[{"embeddable":true,"href":"https:\/\/manueldelia.com\/mt\/wp-json\/wp\/v2\/media\/84598\/"}],"wp:attachment":[{"href":"https:\/\/manueldelia.com\/mt\/wp-json\/wp\/v2\/media\/?parent=84605"}],"wp:term":[{"taxonomy":"category","embeddable":true,"href":"https:\/\/manueldelia.com\/mt\/wp-json\/wp\/v2\/categories\/?post=84605"},{"taxonomy":"post_tag","embeddable":true,"href":"https:\/\/manueldelia.com\/mt\/wp-json\/wp\/v2\/tags\/?post=84605"}],"curies":[{"name":"wp","href":"https:\/\/api.w.org\/{rel}","templated":true}]}}