{"id":84835,"date":"2019-12-17T11:58:40","date_gmt":"2019-12-17T10:58:40","guid":{"rendered":"https:\/\/manueldelia.com\/?p=84835"},"modified":"2019-12-17T12:51:24","modified_gmt":"2019-12-17T11:51:24","slug":"wicc-malta-hammruh-mad-dinja","status":"publish","type":"post","link":"https:\/\/manueldelia.com\/mt\/2019\/12\/wicc-malta-hammruh-mad-dinja\/","title":{"rendered":"Wi\u010b\u010b Malta \u0127ammruh mad-dinja"},"content":{"rendered":"<p><img class=\"size-full wp-image-84819 aligncenter\" src=\"https:\/\/manueldelia.com\/wp-content\/uploads\/2019\/12\/Keith-Schembri8788855222145663.jpg\" alt=\"\" width=\"620\" height=\"348\" srcset=\"https:\/\/manueldelia.com\/wp-content\/uploads\/2019\/12\/Keith-Schembri8788855222145663-200x112.jpg 200w, https:\/\/manueldelia.com\/wp-content\/uploads\/2019\/12\/Keith-Schembri8788855222145663-300x168.jpg 300w, https:\/\/manueldelia.com\/wp-content\/uploads\/2019\/12\/Keith-Schembri8788855222145663-400x225.jpg 400w, https:\/\/manueldelia.com\/wp-content\/uploads\/2019\/12\/Keith-Schembri8788855222145663-600x337.jpg 600w, https:\/\/manueldelia.com\/wp-content\/uploads\/2019\/12\/Keith-Schembri8788855222145663.jpg 620w\" sizes=\"(max-width: 620px) 100vw, 620px\" \/><\/p>\n<p>Wie\u0127ed wara l-ie\u0127or, il-membri tal-Parlament Ewropew tkellmu dwar fatti li ma jista&#8217; ji\u010b\u0127adhom \u0127add.<\/p>\n<ol>\n<li>\u0120urnalista \u0121iet assassinata.<\/li>\n<li>Kienet \u0121urnalista li nvestigat korruzzjoni li dwarha s&#8217;issa ma ttie\u0127du ebda passi.<\/li>\n<li>Je\u017cisti suspett \u0121ustifikat li kien imda\u0127\u0127al l-uffi\u010b\u010bju tal-prim ministru\u00a0 f&#8217;<em>cover-up<\/em> tal-assassinju u li g\u0127alhekk je\u017cisti suspett li kien involut fil-qtil innifsu.<\/li>\n<li>Joseph Muscat g\u0127adu jokkupa l-kariga ta&#8217; prim ministru.<\/li>\n<\/ol>\n<p>Fuq dawn il-fatti qabel kul\u0127add.<\/p>\n<p>Il-membri tal-Partit So\u010bjalista Ewropew ta&#8217; Joseph Muscat ma tantx urew \u0127erqa li jitolbu\u0127 iwarrab minnufi\u0127. Dehru li kienu lesti jikkuntentaw bil-fatt li se jwarrab dalwaqt. Il-bqija tal-ewroparlamentari wrew id-di\u017capprovazzjoni u l-istmerrija tag\u0127hom g\u0127all-fatt li Joseph Muscat idde\u010bieda li jibqa&#8217; fil-kariga anki g\u0127al ftit \u0121img\u0127at o\u0127ra.<\/p>\n<p>I\u017cda anki jekk mhux kul\u0127add qabel li g\u0127andu jwarrab minnufi\u0127, jidher li hemm kunsens \u0121enerali li l-gvern ta&#8217; Malta qabe\u017c il-limiti kollha tal-valuri Ewropej u li, minkejja l-\u0127afna diskors li ng\u0127ad, it-twettiq ta&#8217; riformi veri kien negli\u0121ibbli. Jidher ukoll li hemm qbil li l-Kummissjoni Ewropea g\u0127andha tie\u0127u azzjoni kontra Malta, ikun min ikun qed imexxi l-gvern tag\u0127ha.<\/p>\n<p>Il-Kummissjoni kienet im\u0127ejjija sew u fakkret lill-ewroparlamentari li l-biera\u0127 kitbet lil Owen Bonnici u talbitu jg\u0127addilha programm ta&#8217; azzjoni g\u0127at-twettiq tar-riformi. Qaltlu biex mill-kliem ig\u0127addi g\u0127all-fatti u biex iwettaq it-tibdiliet li hemm b\u017conn li jse\u0127\u0127u.<\/p>\n<p>Waqt li kien g\u0127addej id-dibattitu, Keith Schembri kien f&#8217;daru u stqarr li kien l-uniku persuna li ma kienitx taf li llum kellha tidher il-qorti. Barra l-g\u0127atba tal-bieb tieg\u0127u kien hemm numru ta&#8217; karrozzi tal-pulizija, marixxalli tal-qorti u \u0121urnalisti li damu jistennew barra g\u0127al sig\u0127at s\u0127a\u0127 sakemm xi \u0127add ippreswadie\u0127 li jitfa\u010b\u010ba, forsi malli ra b&#8217;g\u0127ajnejh il-mandat ta&#8217; arrest iffirmat minn im\u0127allef.<\/p>\n<p>Il-\u0127abib tieg\u0127u g\u0127adu sal-lum il-prim ministru ta&#8217; Malta. Dan \u010bertament m&#8217;huwiex a\u010b\u010bettabbli. Dawn in-nies qed i\u0127ammrulna wi\u010b\u010bna mad-dinja kollha. M&#8217;hix \u0127a\u0121a ta\u010b-\u010bajt.<\/p>\n<div style=\"width: 848px;\" class=\"wp-video\"><!--[if lt IE 9]><script>document.createElement('video');<\/script><![endif]-->\n<video class=\"wp-video-shortcode\" id=\"video-84835-1\" width=\"848\" height=\"480\" preload=\"metadata\" controls=\"controls\"><source type=\"video\/mp4\" src=\"https:\/\/manueldelia.com\/wp-content\/uploads\/2019\/12\/WhatsApp-Video-2019-12-17-at-11.54.55.mp4?_=1\" \/><a href=\"https:\/\/manueldelia.com\/wp-content\/uploads\/2019\/12\/WhatsApp-Video-2019-12-17-at-11.54.55.mp4\">https:\/\/manueldelia.com\/wp-content\/uploads\/2019\/12\/WhatsApp-Video-2019-12-17-at-11.54.55.mp4<\/a><\/video><\/div>\n","protected":false},"excerpt":{"rendered":"<p>Wie\u0127ed wara l-ie\u0127or, il-membri tal-Parlament Ewropew tkellmu dwar fatti li ma jista&#8217; ji\u010b\u0127adhom \u0127add. \u0120urnalista \u0121iet assassinata. Kienet \u0121urnalista li nvestigat korruzzjoni li dwarha s&#8217;issa ma ttie\u0127du ebda passi. Je\u017cisti suspett \u0121ustifikat li kien imda\u0127\u0127al l-uffi\u010b\u010bju tal-prim ministru\u00a0 f&#8217;cover-up tal-assassinju u li g\u0127alhekk je\u017cisti suspett li kien involut fil-qtil innifsu. Joseph Muscat g\u0127adu jokkupa l-kariga [&hellip;]<\/p>\n","protected":false},"author":1,"featured_media":84820,"comment_status":"open","ping_status":"open","sticky":false,"template":"","format":"standard","meta":[],"categories":[54],"tags":[],"_links":{"self":[{"href":"https:\/\/manueldelia.com\/mt\/wp-json\/wp\/v2\/posts\/84835\/"}],"collection":[{"href":"https:\/\/manueldelia.com\/mt\/wp-json\/wp\/v2\/posts\/"}],"about":[{"href":"https:\/\/manueldelia.com\/mt\/wp-json\/wp\/v2\/types\/post\/"}],"author":[{"embeddable":true,"href":"https:\/\/manueldelia.com\/mt\/wp-json\/wp\/v2\/users\/1\/"}],"replies":[{"embeddable":true,"href":"https:\/\/manueldelia.com\/mt\/wp-json\/wp\/v2\/comments\/?post=84835"}],"version-history":[{"count":2,"href":"https:\/\/manueldelia.com\/mt\/wp-json\/wp\/v2\/posts\/84835\/revisions\/"}],"predecessor-version":[{"id":84837,"href":"https:\/\/manueldelia.com\/mt\/wp-json\/wp\/v2\/posts\/84835\/revisions\/84837\/"}],"wp:featuredmedia":[{"embeddable":true,"href":"https:\/\/manueldelia.com\/mt\/wp-json\/wp\/v2\/media\/84820\/"}],"wp:attachment":[{"href":"https:\/\/manueldelia.com\/mt\/wp-json\/wp\/v2\/media\/?parent=84835"}],"wp:term":[{"taxonomy":"category","embeddable":true,"href":"https:\/\/manueldelia.com\/mt\/wp-json\/wp\/v2\/categories\/?post=84835"},{"taxonomy":"post_tag","embeddable":true,"href":"https:\/\/manueldelia.com\/mt\/wp-json\/wp\/v2\/tags\/?post=84835"}],"curies":[{"name":"wp","href":"https:\/\/api.w.org\/{rel}","templated":true}]}}