{"id":85021,"date":"2019-12-20T18:23:21","date_gmt":"2019-12-20T17:23:21","guid":{"rendered":"https:\/\/manueldelia.com\/?p=85021"},"modified":"2019-12-20T21:43:14","modified_gmt":"2019-12-20T20:43:14","slug":"is-sistema-mhix-mahkuma-minn-marda-il-marda-hi-s-sistema-stess","status":"publish","type":"post","link":"https:\/\/manueldelia.com\/mt\/2019\/12\/is-sistema-mhix-mahkuma-minn-marda-il-marda-hi-s-sistema-stess\/","title":{"rendered":"Is-sistema m&#8217;hix ma\u0127kuma minn marda. Il-marda hi s-sistema stess."},"content":{"rendered":"<p><img class=\"size-full wp-image-85017 aligncenter\" src=\"https:\/\/manueldelia.com\/wp-content\/uploads\/2019\/12\/61fd984f-22ab-433c-b64c-d89da5e50c2e.jpg\" alt=\"\" width=\"684\" height=\"455\" srcset=\"https:\/\/manueldelia.com\/wp-content\/uploads\/2019\/12\/61fd984f-22ab-433c-b64c-d89da5e50c2e-200x133.jpg 200w, https:\/\/manueldelia.com\/wp-content\/uploads\/2019\/12\/61fd984f-22ab-433c-b64c-d89da5e50c2e-300x200.jpg 300w, https:\/\/manueldelia.com\/wp-content\/uploads\/2019\/12\/61fd984f-22ab-433c-b64c-d89da5e50c2e-400x266.jpg 400w, https:\/\/manueldelia.com\/wp-content\/uploads\/2019\/12\/61fd984f-22ab-433c-b64c-d89da5e50c2e-600x399.jpg 600w, https:\/\/manueldelia.com\/wp-content\/uploads\/2019\/12\/61fd984f-22ab-433c-b64c-d89da5e50c2e.jpg 684w\" sizes=\"(max-width: 684px) 100vw, 684px\" \/><\/p>\n<p>M&#8217;hux bi \u0127siebni ning\u0127aqad ma&#8217; dawk li b\u0127alissa qed i\u0127ossu ru\u0127hom ixxukkjati u di\u017cappuntati. Ivan Camilleri tke\u010b\u010ba mill-impjieg tieg\u0127u minn mat-<em>Times of Malta<\/em> g\u0127aliex dawk li kienu l-img\u0127allmin tieg\u0127u dehrilhom li kien g\u0127adda lil Yorgen Fenech informazzjoni li hu kien akkwista fil-kors tax-xog\u0127ol tieg\u0127u li l-pulizija kien bi \u0127siebha tixlie\u0127 bil-qtil ta&#8217; Daphne.<\/p>\n<p>Is-sens ta&#8217; xokk u ta&#8217; di\u017cappunt huma reazzjonijiet naturali mhux l-inqas in vista tal-fatt li Ivan Camilleri huwa \u0121urnalist li wettaq xog\u0127ol siewi u li xandar stejjer dwar il-korruzzjoni tal-gvern li kienu importanti u li g\u0127enu biex nifhmu a\u0127jar kif dan il-pajji\u017c mar il-ba\u0127ar.<\/p>\n<p>Minn na\u0127a tieg\u0127u, Ivan Camilleri qed jinsisti li mhux veru li kien g\u0127adda informazzjoni lil Yorgen Fenech u bi \u0127siebu jikkontesta t-tke\u010b\u010bija tieg\u0127u.<\/p>\n<p>Kif g\u0127andu kull dritt. Jekk intefa&#8217; dell fuq ismu b&#8217;mod in\u0121ust, g\u0127andu kull dritt li jfittex rimedju biex inaddaf ismu. I\u017cda tat-<em>Times of Malta<\/em> wkoll g\u0127andhom kull dritt li ma jkomplux jimpjegaw\u0127 sakemm jag\u0127mel dan.<\/p>\n<p>Din m&#8217;hi xejn \u0127lief lezzjoni fl-etika lill-gvern.<\/p>\n<p>Keith Schembri baqa&#8217; jirrenja f&#8217;Kastilja g\u0127al xhur u snin wara li nkixef l-iskandlu tal-Panama u baqa&#8217; jir\u010bievi nformazzjoni u dettalji dwar l-investigazzjoni dwar il-qtil ta&#8217; Daphne Caruana Galizia sa\u0127ansitra anki fi\u017c-\u017cmien meta waqg\u0127u s-suspetti fuq Yorgen Fenech. U rri\u017culta li baqa&#8217; jg\u0127addi informazzjoni lil Yorgen Fenech anki wara li Yorgen Fenech kien \u0121ie arrestat.<\/p>\n<p>Madankollu bejn dawn i\u017c-\u017cew\u0121 ka\u017cijiet ma jista&#8217; jsir ebda paragun.<\/p>\n<p>Minn dan id-di\u017castru li ninsabu g\u0127addejjin minnu je\u0127tie\u0121 li, b\u0127ala pajji\u017c, nie\u0127du tag\u0127lima u fl-istess \u0127in ninteb\u0127u li s-sistema ma n\u0127akmitx minn marda. Il-marda hi s-sistema stess. Fi \u0127dan il-gvern, fi \u0127dan il-pulizija, fi \u0127dan il-qrati u, mid-dehra, anki fi \u0127dan l-istampa, d-distinzjoni bejn dak li hu sewwa u dak li m&#8217;huwiex saret superstizzjoni.<\/p>\n<p>L-interessi ta&#8217; dawk li jifil\u0127u j\u0127allsu saru prijorit\u00e0 assoluta fuq kull konsiderazzjoni o\u0127ra. Yorgen Fenech g\u0127ad jispi\u010b\u010ba jsir it-Tommaso Buscetta ta&#8217; Malta. Jidher li huwa lest li jikxef l-g\u0127awwar. Nittamaw li dak bi \u0127siebu jikxef jag\u0127ti stampa \u010bara u e\u017catta dwar il-mod kif pajji\u017cna spi\u010b\u010ba f&#8217;idejn grupp \u017cg\u0127ir ta&#8217; persuni g\u0127onja li lill-bqija tal-poplu jqisuh b\u0127ala s-seftur tieg\u0127u li ji\u0121bor il-frak li jaqa&#8217; fuqu mill-bwiet imfawwrin tag\u0127hom.<\/p>\n<p>Din il-marda ma ttitfejjaqx.<\/p>\n<p>Lill-pajji\u017c je\u0127tie\u0121 li ner\u0121g\u0127u nibnuh mill-\u0121did. U dan il-bini mill-\u0121did je\u0127tie\u0121 li jsir minn dawk fostna li jafu jag\u0127rfu dak li hu sewwa u jafu jwarrbu dak li m&#8217;huwiex. Inkella ser ikollna ta&#8217; sikwit inkomplu niffa\u010b\u010bjaw sitwazzjonijiet ta&#8217; xokk u di\u017cappunt.<\/p>\n","protected":false},"excerpt":{"rendered":"<p>M&#8217;hux bi \u0127siebni ning\u0127aqad ma&#8217; dawk li b\u0127alissa qed i\u0127ossu ru\u0127hom ixxukkjati u di\u017cappuntati. Ivan Camilleri tke\u010b\u010ba mill-impjieg tieg\u0127u minn mat-Times of Malta g\u0127aliex dawk li kienu l-img\u0127allmin tieg\u0127u dehrilhom li kien g\u0127adda lil Yorgen Fenech informazzjoni li hu kien akkwista fil-kors tax-xog\u0127ol tieg\u0127u li l-pulizija kien bi \u0127siebha tixlie\u0127 bil-qtil ta&#8217; Daphne. Is-sens ta&#8217; [&hellip;]<\/p>\n","protected":false},"author":1,"featured_media":85018,"comment_status":"open","ping_status":"open","sticky":false,"template":"","format":"standard","meta":[],"categories":[54],"tags":[],"_links":{"self":[{"href":"https:\/\/manueldelia.com\/mt\/wp-json\/wp\/v2\/posts\/85021\/"}],"collection":[{"href":"https:\/\/manueldelia.com\/mt\/wp-json\/wp\/v2\/posts\/"}],"about":[{"href":"https:\/\/manueldelia.com\/mt\/wp-json\/wp\/v2\/types\/post\/"}],"author":[{"embeddable":true,"href":"https:\/\/manueldelia.com\/mt\/wp-json\/wp\/v2\/users\/1\/"}],"replies":[{"embeddable":true,"href":"https:\/\/manueldelia.com\/mt\/wp-json\/wp\/v2\/comments\/?post=85021"}],"version-history":[{"count":2,"href":"https:\/\/manueldelia.com\/mt\/wp-json\/wp\/v2\/posts\/85021\/revisions\/"}],"predecessor-version":[{"id":85023,"href":"https:\/\/manueldelia.com\/mt\/wp-json\/wp\/v2\/posts\/85021\/revisions\/85023\/"}],"wp:featuredmedia":[{"embeddable":true,"href":"https:\/\/manueldelia.com\/mt\/wp-json\/wp\/v2\/media\/85018\/"}],"wp:attachment":[{"href":"https:\/\/manueldelia.com\/mt\/wp-json\/wp\/v2\/media\/?parent=85021"}],"wp:term":[{"taxonomy":"category","embeddable":true,"href":"https:\/\/manueldelia.com\/mt\/wp-json\/wp\/v2\/categories\/?post=85021"},{"taxonomy":"post_tag","embeddable":true,"href":"https:\/\/manueldelia.com\/mt\/wp-json\/wp\/v2\/tags\/?post=85021"}],"curies":[{"name":"wp","href":"https:\/\/api.w.org\/{rel}","templated":true}]}}