{"id":85101,"date":"2019-12-28T09:16:52","date_gmt":"2019-12-28T08:16:52","guid":{"rendered":"https:\/\/manueldelia.com\/?p=85101"},"modified":"2019-12-28T09:38:58","modified_gmt":"2019-12-28T08:38:58","slug":"din-mhix-gustizzja-fil-5-ta-jannar-nergghu-nohorgu-biex-nipprotestaw","status":"publish","type":"post","link":"https:\/\/manueldelia.com\/mt\/2019\/12\/din-mhix-gustizzja-fil-5-ta-jannar-nergghu-nohorgu-biex-nipprotestaw\/","title":{"rendered":"Din m&#8217;hix \u0121ustizzja. Fil-5 ta&#8217; Jannar ner\u0121g\u0127u no\u0127or\u0121u biex nipprotestaw."},"content":{"rendered":"<p><img class=\"alignnone size-large wp-image-83910\" src=\"https:\/\/manueldelia.com\/wp-content\/uploads\/2019\/12\/ProtestValletta20191208-9610-1024x683.jpg\" alt=\"\" width=\"1024\" height=\"683\" srcset=\"https:\/\/manueldelia.com\/wp-content\/uploads\/2019\/12\/ProtestValletta20191208-9610-200x133.jpg 200w, https:\/\/manueldelia.com\/wp-content\/uploads\/2019\/12\/ProtestValletta20191208-9610-300x200.jpg 300w, https:\/\/manueldelia.com\/wp-content\/uploads\/2019\/12\/ProtestValletta20191208-9610-400x267.jpg 400w, https:\/\/manueldelia.com\/wp-content\/uploads\/2019\/12\/ProtestValletta20191208-9610-600x400.jpg 600w, https:\/\/manueldelia.com\/wp-content\/uploads\/2019\/12\/ProtestValletta20191208-9610-768x512.jpg 768w, https:\/\/manueldelia.com\/wp-content\/uploads\/2019\/12\/ProtestValletta20191208-9610-800x533.jpg 800w, https:\/\/manueldelia.com\/wp-content\/uploads\/2019\/12\/ProtestValletta20191208-9610.jpg 1024w, https:\/\/manueldelia.com\/wp-content\/uploads\/2019\/12\/ProtestValletta20191208-9610-1200x800.jpg 1200w, https:\/\/manueldelia.com\/wp-content\/uploads\/2019\/12\/ProtestValletta20191208-9610-1536x1024.jpg 1536w\" sizes=\"(max-width: 1024px) 100vw, 1024px\" \/><\/p>\n<p>Fi stqarrija li xxandret dalg\u0127odu, Repubblika, #occupyjustice u din il-<em>website<\/em> qalu jinsabu rrabjati u m\u0127assbin dwar dak li qed ise\u0127\u0127 f&#8217;pajji\u017cna. Bosta huma dawk li fehmu li l-<em>cover-up<\/em> g\u0127at-ti\u0121rif istituzzjonali tad-demokrazija tag\u0127na qed ti\u0121i mpin\u0121ija b\u0127allikieku hi xi \u0127a\u0121a normali.<\/p>\n<p>Pajji\u017cna je\u0127tie\u0121 vi\u017cjoni \u0121dida b&#8217;ri\u017cq il-bini ta&#8217; so\u010bjet\u00e0, ekonomija u demokrazija li jkunu sostenibbli u \u0121usti u li jkunu \u0127ielsa mill-korruzzjoni u mill-kriminalit\u00e0 organizzata.<\/p>\n<p>Nhar il-\u0126add 5 ta&#8217; Jannar 2020, is-so\u010bjet\u00e0 \u010bivili ser torganizza protesta nazzjonali li ser issejja\u0127 biex issir il-\u0121ustizzja mal-korrotti, mal-\u0127allelin u mal-qattiela li \u0127akmu lil pajji\u017cna.<\/p>\n<p>Is-sibt ta&#8217; wara &#8211; ji\u0121ifieri fil-11 ta&#8217; Jannar &#8212; Repubblika ser tlaqqa&#8217; l-laqg\u0127a \u0121enerali tal-membri tag\u0127ha sabiex ti\u0121i diskussa l-vi\u017cjoni g\u0127al Malta \u0121dida. Dawk li jixtiequ li jissie\u0127bu ma&#8217; Repubblika huma mistiedna li jattendu.<\/p>\n<p style=\"font-weight: 400;\">Id-dettalji dwar dawn i\u017c-\u017cew\u0121 avvenimenti se jit\u0127abbru fil-jiem li \u0121ejjin.<\/p>\n","protected":false},"excerpt":{"rendered":"<p>Fi stqarrija li xxandret dalg\u0127odu, Repubblika, #occupyjustice u din il-website qalu jinsabu rrabjati u m\u0127assbin dwar dak li qed ise\u0127\u0127 f&#8217;pajji\u017cna. Bosta huma dawk li fehmu li l-cover-up g\u0127at-ti\u0121rif istituzzjonali tad-demokrazija tag\u0127na qed ti\u0121i mpin\u0121ija b\u0127allikieku hi xi \u0127a\u0121a normali. Pajji\u017cna je\u0127tie\u0121 vi\u017cjoni \u0121dida b&#8217;ri\u017cq il-bini ta&#8217; so\u010bjet\u00e0, ekonomija u demokrazija li jkunu sostenibbli u [&hellip;]<\/p>\n","protected":false},"author":1,"featured_media":83997,"comment_status":"open","ping_status":"open","sticky":false,"template":"","format":"standard","meta":[],"categories":[54],"tags":[],"_links":{"self":[{"href":"https:\/\/manueldelia.com\/mt\/wp-json\/wp\/v2\/posts\/85101\/"}],"collection":[{"href":"https:\/\/manueldelia.com\/mt\/wp-json\/wp\/v2\/posts\/"}],"about":[{"href":"https:\/\/manueldelia.com\/mt\/wp-json\/wp\/v2\/types\/post\/"}],"author":[{"embeddable":true,"href":"https:\/\/manueldelia.com\/mt\/wp-json\/wp\/v2\/users\/1\/"}],"replies":[{"embeddable":true,"href":"https:\/\/manueldelia.com\/mt\/wp-json\/wp\/v2\/comments\/?post=85101"}],"version-history":[{"count":1,"href":"https:\/\/manueldelia.com\/mt\/wp-json\/wp\/v2\/posts\/85101\/revisions\/"}],"predecessor-version":[{"id":85102,"href":"https:\/\/manueldelia.com\/mt\/wp-json\/wp\/v2\/posts\/85101\/revisions\/85102\/"}],"wp:featuredmedia":[{"embeddable":true,"href":"https:\/\/manueldelia.com\/mt\/wp-json\/wp\/v2\/media\/83997\/"}],"wp:attachment":[{"href":"https:\/\/manueldelia.com\/mt\/wp-json\/wp\/v2\/media\/?parent=85101"}],"wp:term":[{"taxonomy":"category","embeddable":true,"href":"https:\/\/manueldelia.com\/mt\/wp-json\/wp\/v2\/categories\/?post=85101"},{"taxonomy":"post_tag","embeddable":true,"href":"https:\/\/manueldelia.com\/mt\/wp-json\/wp\/v2\/tags\/?post=85101"}],"curies":[{"name":"wp","href":"https:\/\/api.w.org\/{rel}","templated":true}]}}