{"id":85859,"date":"2020-01-06T13:55:27","date_gmt":"2020-01-06T12:55:27","guid":{"rendered":"https:\/\/manueldelia.com\/?p=85859"},"modified":"2020-01-06T16:30:18","modified_gmt":"2020-01-06T15:30:18","slug":"tbaghbis-fil-process-elettorali-2","status":"publish","type":"post","link":"https:\/\/manueldelia.com\/mt\/2020\/01\/tbaghbis-fil-process-elettorali-2\/","title":{"rendered":"Tbag\u0127bis fil-pro\u010bess elettorali (2)"},"content":{"rendered":"<p><img class=\"size-full wp-image-85839 aligncenter\" src=\"https:\/\/manueldelia.com\/wp-content\/uploads\/2020\/01\/local_11_temp-1416121045-54684ad5-620x348-1.jpg\" alt=\"\" width=\"620\" height=\"348\" srcset=\"https:\/\/manueldelia.com\/wp-content\/uploads\/2020\/01\/local_11_temp-1416121045-54684ad5-620x348-1-200x112.jpg 200w, https:\/\/manueldelia.com\/wp-content\/uploads\/2020\/01\/local_11_temp-1416121045-54684ad5-620x348-1-300x168.jpg 300w, https:\/\/manueldelia.com\/wp-content\/uploads\/2020\/01\/local_11_temp-1416121045-54684ad5-620x348-1-400x225.jpg 400w, https:\/\/manueldelia.com\/wp-content\/uploads\/2020\/01\/local_11_temp-1416121045-54684ad5-620x348-1-600x337.jpg 600w, https:\/\/manueldelia.com\/wp-content\/uploads\/2020\/01\/local_11_temp-1416121045-54684ad5-620x348-1.jpg 620w\" sizes=\"(max-width: 620px) 100vw, 620px\" \/><\/p>\n<p>Il-partitarji Laburisti ser jag\u0127\u017clu l-prim ministru ta&#8217; Malta li jmiss. I\u017cda dak li ser jing\u0127a\u017cel mhux ser ikun &#8220;prim ministru&#8221; biss.<\/p>\n<p>Dan g\u0127aliex il-prim ministru tag\u0127na &#8211; hu min hu &#8211; huwa wkoll ir-re elett b&#8217;setg\u0127at kbar &#8211; qisu l-papa. Il-prim ministru jag\u0127mel il-\u0127atriet tal-im\u0127allfin, tal-impjegati g\u0127olja tas-servizz \u010bivili, tal-ministri, tal-kapijiet tad-dipartimenti, tal-og\u0127la uffi\u010bjali tal-pulizija, tal-avukati tal-gvern, tal-og\u0127la uffi\u010bjali tal-armata, insomma tista&#8217; tg\u0127id ta&#8217; kul\u0127add.<\/p>\n<p>Di\u0121\u00e0 mhix \u0127a\u0121a sewwa li mexxej jing\u0127a\u017cel minn partit bejn elezzjoni u o\u0127ra u li dawk li ser ikunu ggvernati minn min ser jintag\u0127\u017cel, ma jing\u0127ataw ebda opportunit\u00e0 li jesprimu l-fehma tag\u0127hom. I\u017cda hi sitwazzjoni \u0127afna ag\u0127ar meta dawk li g\u0127andhom is-setg\u0127a li jag\u0127mlu l-g\u0127a\u017cla ji\u0121u m\u010ba\u0127\u0127din mill-g\u0127a\u017cla tag\u0127hom min\u0127abba t-tbag\u0127bis fil-pro\u010bess elettorali.<\/p>\n<p>Immorru lura g\u0127as-sena 1992 meta Lino Spiteri kien tilef tellieqa elettorali ma&#8217; Alfred Sant dwar min minn dawn it-tnejn kellu jkun is-su\u010b\u010bessur ta&#8217; Karmenu Mifsud Bonnici. Snin wara li kienet saret din l-elezzjoni, Lino Spiteri kien allega li Alfred Sant kien reba\u0127lu g\u0127aliex in-nies ta&#8217; dan tal-a\u0127\u0127ar kienu bag\u0127bsu fil-pro\u010bess tal-voti bis-sa\u0127\u0127a ta&#8217; voti finta mix\u0127utin favur Sant. L-allegazzjoni kienet wa\u0127da plawsibbli u kellha mir-ra\u0121uni g\u0127alkemm Alfred Sant baqa&#8217; jlissen il-kelma \u201cille\u0121ittimi\u201d kull meta kien jit\u0127addet dwar l-elezzjonijiet ta&#8217; \u0127addie\u0127or, ovvjament \u0127lief g\u0127al dawk li fihom kien imda\u0127\u0127al hu.<\/p>\n<p>Meta Lino Spiteri kien irrakkonta din l-istorja, kien espriema wkoll in-niket tieg\u0127u g\u0127al dak li kien se\u0127\u0127. I\u017cda l-vittma vera ta&#8217; din l-istorja kien il-poplu Malti li g\u0127al \u017cmien twil baqa&#8217; jit\u0127asseb dwar kif setg\u0127et ti\u017cviluppa s-sitwazzjoni li kieku ma kellux mexxej politiku li g\u0127al 16 il-sena s\u0127a\u0127 mexxa&#8217; kampanja favur l-idea ambigwa ta&#8217; \u2018Svizzera fil-Mediterran\u2019.<\/p>\n<p><img class=\"size-full wp-image-85841 aligncenter\" src=\"https:\/\/manueldelia.com\/wp-content\/uploads\/2020\/01\/2_debono_delia.jpg\" alt=\"\" width=\"684\" height=\"477\" srcset=\"https:\/\/manueldelia.com\/wp-content\/uploads\/2020\/01\/2_debono_delia-200x139.jpg 200w, https:\/\/manueldelia.com\/wp-content\/uploads\/2020\/01\/2_debono_delia-300x209.jpg 300w, https:\/\/manueldelia.com\/wp-content\/uploads\/2020\/01\/2_debono_delia-400x279.jpg 400w, https:\/\/manueldelia.com\/wp-content\/uploads\/2020\/01\/2_debono_delia-600x418.jpg 600w, https:\/\/manueldelia.com\/wp-content\/uploads\/2020\/01\/2_debono_delia.jpg 684w\" sizes=\"(max-width: 684px) 100vw, 684px\" \/><\/p>\n<p>B\u0127alissa l-Partit Nazzjonalista jinsab g\u0127addej mill-fa\u017ci ta&#8217; &#8220;dak li seta&#8217; kien&#8221;. Fi \u017cmien il-kampanja biex jin\u0127atar Kap \u0121did tal-PN, kienu saru allegazzjonijiet li Jean Pierre Debono, li kien qed ja\u0127dem b&#8217;ri\u017cq Adrian Delia, kien bag\u0127bas il-pro\u010bess biex seta&#8217; jgawdi l-kandidat favorit tieg\u0127u. U\u0127ud minn dawn l-allegazzjonijiet jidher li kienu \u0121ew verifikati minn investigazzjoni interna indipendenti li, madankollu, ma kienet g\u0127amlet xejn biex isewwi dak kollu li kien sar \u0127a\u017cin.<\/p>\n<p>Jekk huwa minnu li l-mexxej tal-PN, kif xi drabi huwa allegat b&#8217;nofs qalb, kien \u0121ie elett bis-sa\u0127\u0127a tat-tbag\u0127bis elettorali, ma kienux il-PN u l-membri tieg\u0127u li \u0121ew im\u010ba\u0127\u0127da mill-g\u0127a\u017cla alternattiva. Huwa l-pajji\u017c li je\u0127tie\u0121 u jist\u0127oqq li jkollu l-a\u0127jar Kap tal-Oppo\u017cizzjoni possibbli. Din hi kariga li fit-teorija hi wa\u0127da influwenti u tista&#8217; twassal biex min jokkupaha eventwalment isir prim ministru.<\/p>\n<p>M&#8217;a\u0127na qatt ser insiru nafu kienux sin\u010bieri jew le r-rivali ta&#8217; Alfred Sant, Adrian Delia u Chris Fearne meta kienu g\u0127amlu l-allegazzjonijiet tag\u0127hom dwar tbag\u0127bis elettorali.<\/p>\n<p>Il-fatt li qatt m&#8217;a\u0127na ser insiru nafu l-fatti u l-fatt li m&#8217;hemmx pro\u010bess indipendenti li wie\u0127ed jista&#8217; jserra\u0127 fuqu biex ikun verifikat x&#8217;tassew kienu l-fatti, jwassal biex iherri l-fidu\u010bja tal-poplu fil-pro\u010bess demokratiku.<\/p>\n","protected":false},"excerpt":{"rendered":"<p>Il-partitarji Laburisti ser jag\u0127\u017clu l-prim ministru ta&#8217; Malta li jmiss. I\u017cda dak li ser jing\u0127a\u017cel mhux ser ikun &#8220;prim ministru&#8221; biss. Dan g\u0127aliex il-prim ministru tag\u0127na &#8211; hu min hu &#8211; huwa wkoll ir-re elett b&#8217;setg\u0127at kbar &#8211; qisu l-papa. Il-prim ministru jag\u0127mel il-\u0127atriet tal-im\u0127allfin, tal-impjegati g\u0127olja tas-servizz \u010bivili, tal-ministri, tal-kapijiet tad-dipartimenti, tal-og\u0127la uffi\u010bjali tal-pulizija, [&hellip;]<\/p>\n","protected":false},"author":1,"featured_media":85840,"comment_status":"open","ping_status":"open","sticky":false,"template":"","format":"standard","meta":[],"categories":[54],"tags":[],"_links":{"self":[{"href":"https:\/\/manueldelia.com\/mt\/wp-json\/wp\/v2\/posts\/85859\/"}],"collection":[{"href":"https:\/\/manueldelia.com\/mt\/wp-json\/wp\/v2\/posts\/"}],"about":[{"href":"https:\/\/manueldelia.com\/mt\/wp-json\/wp\/v2\/types\/post\/"}],"author":[{"embeddable":true,"href":"https:\/\/manueldelia.com\/mt\/wp-json\/wp\/v2\/users\/1\/"}],"replies":[{"embeddable":true,"href":"https:\/\/manueldelia.com\/mt\/wp-json\/wp\/v2\/comments\/?post=85859"}],"version-history":[{"count":2,"href":"https:\/\/manueldelia.com\/mt\/wp-json\/wp\/v2\/posts\/85859\/revisions\/"}],"predecessor-version":[{"id":85862,"href":"https:\/\/manueldelia.com\/mt\/wp-json\/wp\/v2\/posts\/85859\/revisions\/85862\/"}],"wp:featuredmedia":[{"embeddable":true,"href":"https:\/\/manueldelia.com\/mt\/wp-json\/wp\/v2\/media\/85840\/"}],"wp:attachment":[{"href":"https:\/\/manueldelia.com\/mt\/wp-json\/wp\/v2\/media\/?parent=85859"}],"wp:term":[{"taxonomy":"category","embeddable":true,"href":"https:\/\/manueldelia.com\/mt\/wp-json\/wp\/v2\/categories\/?post=85859"},{"taxonomy":"post_tag","embeddable":true,"href":"https:\/\/manueldelia.com\/mt\/wp-json\/wp\/v2\/tags\/?post=85859"}],"curies":[{"name":"wp","href":"https:\/\/api.w.org\/{rel}","templated":true}]}}