{"id":85866,"date":"2020-01-06T14:07:34","date_gmt":"2020-01-06T13:07:34","guid":{"rendered":"https:\/\/manueldelia.com\/?p=85866"},"modified":"2020-01-06T18:12:29","modified_gmt":"2020-01-06T17:12:29","slug":"tbaghbis-fil-process-elettorali-4","status":"publish","type":"post","link":"https:\/\/manueldelia.com\/mt\/2020\/01\/tbaghbis-fil-process-elettorali-4\/","title":{"rendered":"Tbag\u0127bis fil-pro\u010bess elettorali (4)"},"content":{"rendered":"<p><img class=\"size-full wp-image-85851 aligncenter\" src=\"https:\/\/manueldelia.com\/wp-content\/uploads\/2020\/01\/2a76d1d6-b9e9-4fb9-8270-b2ab3fbaca12.jpg\" alt=\"\" width=\"684\" height=\"455\" srcset=\"https:\/\/manueldelia.com\/wp-content\/uploads\/2020\/01\/2a76d1d6-b9e9-4fb9-8270-b2ab3fbaca12-200x133.jpg 200w, https:\/\/manueldelia.com\/wp-content\/uploads\/2020\/01\/2a76d1d6-b9e9-4fb9-8270-b2ab3fbaca12-300x200.jpg 300w, https:\/\/manueldelia.com\/wp-content\/uploads\/2020\/01\/2a76d1d6-b9e9-4fb9-8270-b2ab3fbaca12-400x266.jpg 400w, https:\/\/manueldelia.com\/wp-content\/uploads\/2020\/01\/2a76d1d6-b9e9-4fb9-8270-b2ab3fbaca12-600x399.jpg 600w, https:\/\/manueldelia.com\/wp-content\/uploads\/2020\/01\/2a76d1d6-b9e9-4fb9-8270-b2ab3fbaca12.jpg 684w\" sizes=\"(max-width: 684px) 100vw, 684px\" \/><\/p>\n<p>Dan kollu g\u0127aliex fl-2004, g\u0127all-grazzja t&#8217;Alla, elezzjoni interna fil-PN kienet rebb\u0127et lil Lawrence Gonzi fuq John Dalli, ma jfissirx li g\u0127andna nibqg\u0127u biss nittamaw li t-tesserati tal-partiti ser jibqg\u0127u jag\u0127mlu g\u0127a\u017cliet g\u0127aqlin dwar min g\u0127andu jokkupa l-kariga ta&#8217; prim ministru.<\/p>\n<p>U l-Partit Laburista fis-sena 2020 m&#8217;g\u0127andu xejn x&#8217;jaqsam mal-Partit Nazzjonalista tal-2004. Il-Partit Laburista li dalwaqt jag\u0127\u017cel il-prim ministru li jmiss huwa l-istess partit li g\u0127adu ma xebg\u0127ax jigglorifika lil Joseph Muscat b\u0127allikieku huwa xi xempju erojku nazzjonali. Ag\u0127tu daqqa t&#8217;g\u0127ajn lejn din il-kitba patetika ta&#8217; Alfred Grixti li qal li qab\u017culu d-dmug\u0127 wara li r\u010bieva ittra ming\u0127and Joseph Muscat. U dan ma nfexx f&#8217;bikja g\u0127ax Joseph Muscat sal-a\u0127\u0127ar baqa&#8217; jag\u0127mel u\u017cu mir-ri\u017corsi tal-istat g\u0127all-propaganda personali u parti\u0121\u0121jana tieg\u0127u.<\/p>\n<p><img class=\"size-full wp-image-85849 aligncenter\" src=\"https:\/\/manueldelia.com\/wp-content\/uploads\/2020\/01\/WhatsApp-Image-2020-01-06-at-11.05.01.jpeg\" alt=\"\" width=\"576\" height=\"1024\" srcset=\"https:\/\/manueldelia.com\/wp-content\/uploads\/2020\/01\/WhatsApp-Image-2020-01-06-at-11.05.01-169x300.jpeg 169w, https:\/\/manueldelia.com\/wp-content\/uploads\/2020\/01\/WhatsApp-Image-2020-01-06-at-11.05.01-200x356.jpeg 200w, https:\/\/manueldelia.com\/wp-content\/uploads\/2020\/01\/WhatsApp-Image-2020-01-06-at-11.05.01-400x711.jpeg 400w, https:\/\/manueldelia.com\/wp-content\/uploads\/2020\/01\/WhatsApp-Image-2020-01-06-at-11.05.01.jpeg 576w\" sizes=\"(max-width: 576px) 100vw, 576px\" \/><\/p>\n<p>&nbsp;<\/p>\n<p>Is-sitwazzjoni hi xort&#8217;o\u0127ra g\u0127aliex l-elezzjoni ta&#8217; nhar is-Sibt se ssir fil-kuntest ta&#8217; gvern korrott u qattiel ta&#8217; Joseph Muscat. Insemmi punt wie\u0127ed biss. Chris Fearne stqarr li ma jaqbilx mal-idea tal-PN favur it-tne\u0127\u0127ija tal-istazzjonijiet televi\u017civi tal-partiti u dan g\u0127aliex ir-ra\u0121uni vera wara t-talba tal-PN tinsab fil-fatt li dan m&#8217;g\u0127andux il-mezzi biex jiffinanzja l-istazzjon televi\u017civ tieg\u0127u.<\/p>\n<p>X&#8217;qed jg\u0127id e\u017cattament Chris Fearne? Tg\u0127id qed ig\u0127id li t-tixrid tal-informazzjoni u tal-a\u0127barijiet g\u0127andu jiddependi fuq kemm partit politiku jkun sinjur? Jekk ikun hekk, ma jkunx qed jiggarantixxi li l-informazzjoni tixtered biss minn dak il-partit politiku li jkun lest li jservi l-interessi tan-negozjanti (u li jit\u0127allew jag\u0127mlu li jridu) li minn na\u0127a tag\u0127hom jkunu huma li jag\u0127mlu tajjeb g\u0127all-ispejje\u017c tat-tmexxija ta&#8217; dawn il-mezzi tax-xandir?<\/p>\n<p>It-TVM huwa regolat mill-Awtorit\u00e0 tax-Xandir. Fit-teorija, din l-Awtorit\u00e0 tassigura li jkun hemm bilan\u010b fix-xandir. Madankollu l-istazzjoni tat-televi\u017cjoni tal-Labour m&#8217;huwiex regolat. G\u0127aldaqstant kif jista&#8217; qatt ji\u0121i \u017cgurat li wie\u0127ed mill-kandidati g\u0127all-kariga ta&#8217; prim ministru ma&#8217; jing\u0127atax vanta\u0121\u0121 mill-One TV fuq il-kandidat l-ie\u0127or bis-sa\u0127\u0127a tal-fatt li l-&#8220;\u0121urnalisti&#8221; li ja\u0127dmu ma&#8217; dan l-istazzjon ikunu qed jappo\u0121\u0121jaw lilu? Liema entit\u00e0 tkun tista&#8217; tassigura l-imparzjalit\u00e0 b&#8217;mod indipendenti? \u010aertament il-bilan\u010b ma tkunx tista&#8217; \u017c\u017commu bis-sa\u0127\u0127a tan-Net TV kemm il-darba s-sid tieg\u0127u &#8211; ji\u0121ifieri l-PN &#8211; ikollu jag\u0127lqu min\u0127abba nuqqas ta&#8217; ri\u017corsi finanzjarji.<\/p>\n<p>Id-demokrazija ma ta\u0127dimx b&#8217;dan il-mod. Fl-elezzjoni g\u0127at-tmexxija tal-PN, konna rajna din il-kwalit\u00e0 ta&#8217; manipulazzjoni. Tal-One TV kienu fil-bera\u0127 favur Adrian Delia. U wara li \u0121ie elett Adrian Delia, \u2018\u0121urnalisti\u2019 li ja\u0127dmu man-Net TV sabu ru\u0127\u0127om ukoll b\u0127ala membri tal-kumitat e\u017cekuttiv tal-partit &#8211; effettivament saru s-sidien tag\u0127hom stess.<\/p>\n<p>Kien hemm xi \u0127add li ssorvelja l-mod kif iffinanzjaw il-kampanja tag\u0127hom Adrian Delia u l-kandidati li kienu tellqu mieg\u0127u? M&#8217;hemm ebda li\u0121i li tirregola l-mod li bih jistg\u0127u jiffinanzjaw il-kampanji u dwar kemm jistg\u0127u jag\u0127mlu dejn ma&#8217; min ikun lest li jislifhom il-flus.<\/p>\n<p>Din hi sitwazzjoni mill-aktar perversa. Biex ikun jista&#8217; jiffinanzja l-kampanja tieg\u0127u biex jitla&#8217; mid-distrett ta&#8217; Ra\u0127al \u0120did, Silvio Parnis huwa obbligat li jag\u0127ti rendikont ta&#8217; kull sold li ji\u0121bor. I\u017cda Robert Abela m&#8217;huwiex obbligat li jag\u0127ti rendikont dwar il-mod kif qed jiffinanzja l-kampanja tieg\u0127u biex isir prim ministru ta&#8217; Malta.<\/p>\n<p>Il-li\u0121ijiet Maltin dwar il-partiti politi\u010bi je\u0127tie\u0121 li ji\u0121u m\u0121edda. Il-partiti politi\u010bi bilkemm jissemmew fil-Kostituzzjoni nnifisha. Minkejja l-fatt li dawn qed joperaw b&#8217;mod mhux regolat, g\u0127andhom is-sa\u0127\u0127a u s-setg\u0127a li jag\u0127\u017clu l-prim ministru (jew il-\u2018kink\u2019) ming\u0127ajr l-ind\u0127il ta&#8217; \u0127add.<\/p>\n<p>Huma u jixlu lil xulxin b&#8217;qerq u tbag\u0127bis, m&#8217;g\u0127andhomx dawn ikunu minn ta&#8217; l-ewwel li jfornu lill-poplu bl-ispjegazzjonijiet?<\/p>\n","protected":false},"excerpt":{"rendered":"<p>Dan kollu g\u0127aliex fl-2004, g\u0127all-grazzja t&#8217;Alla, elezzjoni interna fil-PN kienet rebb\u0127et lil Lawrence Gonzi fuq John Dalli, ma jfissirx li g\u0127andna nibqg\u0127u biss nittamaw li t-tesserati tal-partiti ser jibqg\u0127u jag\u0127mlu g\u0127a\u017cliet g\u0127aqlin dwar min g\u0127andu jokkupa l-kariga ta&#8217; prim ministru. U l-Partit Laburista fis-sena 2020 m&#8217;g\u0127andu xejn x&#8217;jaqsam mal-Partit Nazzjonalista tal-2004. Il-Partit Laburista li dalwaqt [&hellip;]<\/p>\n","protected":false},"author":1,"featured_media":85852,"comment_status":"open","ping_status":"open","sticky":false,"template":"","format":"standard","meta":[],"categories":[54],"tags":[],"_links":{"self":[{"href":"https:\/\/manueldelia.com\/mt\/wp-json\/wp\/v2\/posts\/85866\/"}],"collection":[{"href":"https:\/\/manueldelia.com\/mt\/wp-json\/wp\/v2\/posts\/"}],"about":[{"href":"https:\/\/manueldelia.com\/mt\/wp-json\/wp\/v2\/types\/post\/"}],"author":[{"embeddable":true,"href":"https:\/\/manueldelia.com\/mt\/wp-json\/wp\/v2\/users\/1\/"}],"replies":[{"embeddable":true,"href":"https:\/\/manueldelia.com\/mt\/wp-json\/wp\/v2\/comments\/?post=85866"}],"version-history":[{"count":2,"href":"https:\/\/manueldelia.com\/mt\/wp-json\/wp\/v2\/posts\/85866\/revisions\/"}],"predecessor-version":[{"id":85868,"href":"https:\/\/manueldelia.com\/mt\/wp-json\/wp\/v2\/posts\/85866\/revisions\/85868\/"}],"wp:featuredmedia":[{"embeddable":true,"href":"https:\/\/manueldelia.com\/mt\/wp-json\/wp\/v2\/media\/85852\/"}],"wp:attachment":[{"href":"https:\/\/manueldelia.com\/mt\/wp-json\/wp\/v2\/media\/?parent=85866"}],"wp:term":[{"taxonomy":"category","embeddable":true,"href":"https:\/\/manueldelia.com\/mt\/wp-json\/wp\/v2\/categories\/?post=85866"},{"taxonomy":"post_tag","embeddable":true,"href":"https:\/\/manueldelia.com\/mt\/wp-json\/wp\/v2\/tags\/?post=85866"}],"curies":[{"name":"wp","href":"https:\/\/api.w.org\/{rel}","templated":true}]}}