{"id":86171,"date":"2020-01-14T18:12:29","date_gmt":"2020-01-14T17:12:29","guid":{"rendered":"https:\/\/manueldelia.com\/?p=86171"},"modified":"2020-01-14T22:14:09","modified_gmt":"2020-01-14T21:14:09","slug":"tlifna-prim-ministru-li-kien-jisthoqq-ghal-malta","status":"publish","type":"post","link":"https:\/\/manueldelia.com\/mt\/2020\/01\/tlifna-prim-ministru-li-kien-jisthoqq-ghal-malta\/","title":{"rendered":"Tlifna prim ministru li kien jist\u0127oqq g\u0127al Malta"},"content":{"rendered":"<p><img class=\"alignnone size-large wp-image-86166\" src=\"https:\/\/manueldelia.com\/wp-content\/uploads\/2020\/01\/Cs82wxsWYAAVV5Z-1024x683.jpg\" alt=\"\" width=\"1024\" height=\"683\" srcset=\"https:\/\/manueldelia.com\/wp-content\/uploads\/2020\/01\/Cs82wxsWYAAVV5Z-200x133.jpg 200w, https:\/\/manueldelia.com\/wp-content\/uploads\/2020\/01\/Cs82wxsWYAAVV5Z-300x200.jpg 300w, https:\/\/manueldelia.com\/wp-content\/uploads\/2020\/01\/Cs82wxsWYAAVV5Z-400x267.jpg 400w, https:\/\/manueldelia.com\/wp-content\/uploads\/2020\/01\/Cs82wxsWYAAVV5Z-600x400.jpg 600w, https:\/\/manueldelia.com\/wp-content\/uploads\/2020\/01\/Cs82wxsWYAAVV5Z-768x512.jpg 768w, https:\/\/manueldelia.com\/wp-content\/uploads\/2020\/01\/Cs82wxsWYAAVV5Z-800x533.jpg 800w, https:\/\/manueldelia.com\/wp-content\/uploads\/2020\/01\/Cs82wxsWYAAVV5Z.jpg 1024w\" sizes=\"(max-width: 1024px) 100vw, 1024px\" \/><\/p>\n<p>Illum wara nofsinhar t\u0127abbar li Simon Busuttil ser jin\u0127atar mill-Partit Popolari Ewropew b\u0127ala s-segretarju \u0121enerali l-\u0121did tieg\u0127u.<\/p>\n<p>Kariga li tixraqlu.<\/p>\n<p>F&#8217;\u0120unju 2017 b&#8217;xorti \u0127a\u017cina g\u0127alina, dan il-pajji\u017c g\u0127a\u017cel lil Joseph Muscat u mhux lilu biex ikun il-prim ministru. Meta ng\u0127id &#8220;g\u0127alina&#8221; ma nfissirx lill-PN li fi \u0127danu dak i\u017c-\u017cmien kont in\u0127ossni komdu. Bil-kelma &#8220;g\u0127alina&#8221; nfisser li dan il-pajji\u017c warrab it-tmexxija ta&#8217; Simon Busuttil u minflok g\u0127a\u017cel li jitmexxa minn \u0127alliel li ma kellux il-\u0127ila li jibqa&#8217; fis-setg\u0127a g\u0127al tliet snin wara l-elezzjoni.<\/p>\n<p>Il-pajji\u017c g\u0127ad ibati l-konsegwenzi ta&#8217; din l-g\u0127a\u017cla fis-snin li \u0121ejjin. Kif kien ammetta Chris Fearne stess f&#8217;mument ta&#8217; sin\u010berit\u00e0 mhux tas-soltu li spi\u010b\u010bat swietu l-voti u t-tmexxija tal-partit, tlifna l-fidu\u010bja tal-bqija tal-Ewropa. Madankollu l-problema mhix biss wa\u0127da ta&#8217; natura politika. G\u0127aliex minn na\u0127a tag\u0127hom, il-\u0127allelin li kienu \u0121ew konfermati fis-setg\u0127a f&#8217;\u0120unju 2017 fet\u0127u t-triq g\u0127al \u0127allelin o\u0127rajn li bdew jg\u0127ammru fl-ekonomija tag\u0127na, fl-ambjent tag\u0127na u f&#8217;\u0127ajjitna stess.<\/p>\n<p>Fl-2017 Simon Busuttil mexxa&#8217; kampanja kontra dawn il-\u0127allelin u offra politika nadifa &#8211; politika li hu biss seta&#8217; jwettaqha u dan b&#8217;kuntrast ma&#8217; Joseph Muscat &#8211; \u0127a\u0121a li sa\u0127ansitra kienu jammettuha dawk li ma vvutawlux. Tabil\u0127aqq, bosta kienu dawk li vvutaw g\u0127al Joseph Muscat g\u0127aliex ma ridux politika nadifa. Riedu li jissokta l-\u0127mie\u0121 fost il-politi\u010bi sabiex dawn ikunu f&#8217;po\u017cizzjoni li jakkwistawlhom kull permess tal-bini, impjieg, <em>direct order<\/em> jew sussidju li xtaqu jew li kienu je\u0127tie\u0121u.<\/p>\n<p>B&#8217;Robert Abela fis-setg\u0127a se nkomplu nag\u0127mlu tabirru\u0127na li kollox miexi \u0127arir. Il-kliem \u201cm&#8217;hawn xejn x&#8217;tara hawn\u201d g\u0127al darb&#8217;o\u0127ra saru l-politika uffi\u010bjali tal-gvern u dan kif deher il-biera\u0127 fl-hekk imsejja\u0127 diskors lin-nazzjon tal-prim ministru l-\u0121did. Waqt li ser inkomplu nix\u0127tu l-problemi tal-pajji\u017c ta\u0127t it-tapit, mer\u0127la ta&#8217; ng\u0127a\u0121 tibqa&#8217; xxejjer il-bnadar \u0127omor u twer\u017caq il-kliem \u2018ma tag\u0127mlu xejn\u2019.<\/p>\n<p>Minn \u0120unju 2017 &#8216;l hawn, komplejna ni\u017clin lejn il-qieg\u0127. Il-pajji\u017c spi\u010b\u010ba b&#8217;Oppo\u017cizzjoni li l-priorit\u00e0 tag\u0127ha ma baqg\u0127etx it-tis\u0127i\u0127 tas-saltna tad-dritt u l-\u0121lieda kontra l-klikka tal-Panama li riedet teqred lid-demokrazija. Hekk kif Adrian Delia \u0127a post Simon Busuttil, il-marda nazzjonali tal-medjokrit\u00e0 u tal-kompromessi \u0127akmet ukoll lill-PN.<\/p>\n<p>B&#8217;Simon Busuttil mog\u0127ti l-\u0121enb, \u0127afna kienu dawk li bdew jaqtg\u0127u qalbhom. G\u0127aliex tabil\u0127aqq kull fejn t\u0127ares kien hemm, u g\u0127ad hemm, il-\u0127allelin.<\/p>\n<p>M&#8217;hemmx dubju li Simon Busuttil ukoll bata mill-konsegwenzi tar-ri\u017cultat tal-elezzjoni ta&#8217; \u0120unju 2017 u mill-i\u017colament li mpona fuqu Adrian Delia li, meta ra li kien qabillu, ng\u0127aqad f&#8217;kompli\u010bit\u00e0 ma&#8217; Joseph Muscat.<\/p>\n<p>Kien \u017cmien li fih il-karriera brillanti Simon Busuttil baqg\u0127et imdendla bejn sema u ilma. Kien ri\u017cors uman mo\u0127li li seta&#8217; kien il-prim ministru ta&#8217; pajji\u017c li tant huwa nieqes minn nies li g\u0127andhom snajja&#8217; politi\u010bi &#8211; pajji\u017c li, biex jinqeda&#8217;, ma kellux il-\u0127ila li jsib persuni a\u0127jar minn Peter Grech b\u0127ala avukat \u0121enerali, minn Consuelo Scerri Herrera b\u0127ala m\u0127allef, minn Jason Micallef b\u0127ala kbir tal-kultura u minn Lawrence Cutajar b\u0127ala kap tal-pulizija. \u010aertament m&#8217;hix sitwazzjoni pja\u010bevoli meta tara lill-inkompetenti jie\u0127du post bnedmin kapa\u010bi u mimlijin talent b\u0127al Simon Busuttil.<\/p>\n<p>Huwa tassew ta&#8217; sodisfazzjon li tara lil Simon Busuttil ji\u0121i elett b\u0127ala s-Segretarju \u0120enerali tal-akbar partit politiku Ewropew. Din il-\u0127atra hija wa\u0127da mill-aktar \u0127atriet strate\u0121i\u010bi li wie\u0127ed jista&#8217; jkollu f&#8217;kontinent s\u0127i\u0127 u li fiha wie\u0127ed ikollu s-setg\u0127a li jimmedja bejn kapijiet prominenti ta&#8217; gvern u li jmexxi a\u0121enda politika mal-Ewropa kollha. B&#8217;kumbinazzjoni, din il-\u0127atra saret fl-istess \u0121img\u0127a li fiha Joseph Muscat stqarr li issa ser jibda&#8217; ja\u0127dem fl-isport u li jmexxi kampanja g\u0127ad-drittijiet \u010bivili.<\/p>\n<p>Huwa tassew ta&#8217; sodisfazzjon li tara lil Simon Busuttil jin\u0127atar b&#8217;mod unanimu mill-mexxejja kollha tal-Partit Popolari Ewropew b\u0127ala l-konsulent l-aktar anzjan tag\u0127hom u b\u0127ala l-amministratur tal-politika komuni tag\u0127hom, filwaqt f&#8217;Di\u010bembru l-membri kollha tal-Partit So\u010bjalista Ewropew vvutaw favur ir-ri\u017cenja immedjata ta&#8217; Joseph Muscat mill-kariga li kellu dak i\u017c-\u017cmien u dan ming\u0127ajr ma joqg\u0127od itawwal it-tluq tieg\u0127u b&#8217;6 \u0121img\u0127at.<\/p>\n<p>Huwa tassew ta&#8217; sodisfazzjon li llejla timma\u0121ina lill-<em>OCCRP Man of the Year for Corruption<\/em> g\u0127all-2019 jaqra&#8217; l-a\u0127bar li Simon Busuttil irnexxielu jil\u0127aq fejn ma kellux il-\u0127ila jil\u0127aq hu &#8211; g\u0127aliex 6 xhur ilu kien \u201ckwa\u017ci la\u0127aq\u201d &#8211; meta kien ittanta jipperswadi lis-s\u0127ab Ewropej ta&#8217; Malta biex jag\u0127tuh \u0127atra f&#8217;Brussell biex b&#8217;hekk jevadi l-\u0127abs u fl-istess waqt jag\u0127mel aktar flus.<\/p>\n<p>Huwa tassew ta&#8217; sodisfazzjon li minkejja l-umiljazzjonijiet kollha, l-pressjoni li g\u0127amlu fuqu l-mexxejja tal-partit tieg\u0127u stess, it-tradiment ta&#8217; w\u0127ud mill-kollegi tieg\u0127u fil-grupp parlamentari li libsu l-maskra u taparsi appo\u0121\u0121jawh meta kien kap tal-partit, Simon Busuttil \u017camm postu fil-Parlament u kompla jissielet bla waqfien. Kien f&#8217;waqtu li Simon Busuttil kien g\u0127adu j\u017comm postu fil-Parlament fi\u017c-\u017cmien meta t-tbissima minn fuq wi\u010b\u010b Joseph Muscat waqg\u0127et \u0127esrem dakinhar li \u0121ie m\u0121ieg\u0127el iwarrab mix-xena b\u0127ala politiku skreditat.<\/p>\n<p>Huwa tassew ta&#8217; sodisfazzjon li Simon Busuttil ser jitla&#8217; Brussel l-g\u0127ada li Joseph Muscat kellu jfekren &#8216;il barra minn fuq it-tara\u0121 ta&#8217; Kastilja.<\/p>\n<p>Dawn il-\u0121rajjiet mhux tas-soltu g\u0127andna napprezzawhom. Il-lejla Simon Busuttil imissu jintefa&#8217; fuq pultruna b&#8217;sigarru f&#8217;\u0127alqu u g\u0127andu g\u0127al darb&#8217;o\u0127ra jsegwi d-diskors tar-ri\u017cenja ta&#8217; Joseph Muscat.<\/p>\n<p>Illum il-pajji\u017c daq xi ftit mill-\u0121ustizzja. Hekk kif Simon Busuttil jibda&#8217; fa\u017ci o\u0127ra fil-\u0127ajja politika tieg\u0127u, Malta ser titlef prim ministru li ma kienx jist\u0127oqqilha. Mill-banda l-o\u0127ra, bis-sa\u0127\u0127a pre\u017cenza tieg\u0127u fil-kuriduri tas-setg\u0127a tal-Ewropa, bis-sa\u0127\u0127a tal-im\u0121ieba e\u017cemplari tieg\u0127u, bis-sa\u0127\u0127a tad-determinazzjoni ma&#8217; taqta&#8217; xejn tieg\u0127u, bis-sa\u0127\u0127a tal-onest\u00e0 tieg\u0127u u bis-sa\u0127\u0127a tal-b\u017culija tieg\u0127u, ser jag\u0127mel isem mhux biss g\u0127alih innifsu i\u017cda wkoll g\u0127al pajji\u017cu.<\/p>\n<p>X&#8217;aktarx li dan mhux ser ikun bi\u017c\u017cejjed biex jag\u0127mel tajjeb g\u0127all-\u0127sara li saret minn Joseph Muscat lir-reputazzjoni kollettiva tag\u0127na. Kulma nistg\u0127u nag\u0127mlu hu li nittamaw.<\/p>\n<p>Int u ssegwi lil Robert Abela jindirizza lin-nazzjon b\u0127allikieku kien tifel tal-iskola li g\u0127adu kemm reba\u0127 kompetizzjoni dwar kompo\u017cizzjoni li jkun kitiebielu missieru, imma\u0121ina ftit kemm kienet tkun differenti \u0127ajjtek li kienu kien qed jindirizza lin-nazzjon Simon Busuttil.<\/p>\n<p>Il-pajji\u017c huwa t-tellief. Hu ma tilef xejn.<\/p>\n<p>I\u017cda m&#8217;g\u0127andux g\u0127alfejn joqg\u0127od jikkonfondi. Dak li beda&#8217; hu bi \u0127siebna nissuktawh a\u0127na.<\/p>\n","protected":false},"excerpt":{"rendered":"<p>Illum wara nofsinhar t\u0127abbar li Simon Busuttil ser jin\u0127atar mill-Partit Popolari Ewropew b\u0127ala s-segretarju \u0121enerali l-\u0121did tieg\u0127u. Kariga li tixraqlu. F&#8217;\u0120unju 2017 b&#8217;xorti \u0127a\u017cina g\u0127alina, dan il-pajji\u017c g\u0127a\u017cel lil Joseph Muscat u mhux lilu biex ikun il-prim ministru. Meta ng\u0127id &#8220;g\u0127alina&#8221; ma nfissirx lill-PN li fi \u0127danu dak i\u017c-\u017cmien kont in\u0127ossni komdu. Bil-kelma &#8220;g\u0127alina&#8221; nfisser [&hellip;]<\/p>\n","protected":false},"author":1,"featured_media":86167,"comment_status":"open","ping_status":"open","sticky":false,"template":"","format":"standard","meta":[],"categories":[54],"tags":[],"_links":{"self":[{"href":"https:\/\/manueldelia.com\/mt\/wp-json\/wp\/v2\/posts\/86171\/"}],"collection":[{"href":"https:\/\/manueldelia.com\/mt\/wp-json\/wp\/v2\/posts\/"}],"about":[{"href":"https:\/\/manueldelia.com\/mt\/wp-json\/wp\/v2\/types\/post\/"}],"author":[{"embeddable":true,"href":"https:\/\/manueldelia.com\/mt\/wp-json\/wp\/v2\/users\/1\/"}],"replies":[{"embeddable":true,"href":"https:\/\/manueldelia.com\/mt\/wp-json\/wp\/v2\/comments\/?post=86171"}],"version-history":[{"count":5,"href":"https:\/\/manueldelia.com\/mt\/wp-json\/wp\/v2\/posts\/86171\/revisions\/"}],"predecessor-version":[{"id":86176,"href":"https:\/\/manueldelia.com\/mt\/wp-json\/wp\/v2\/posts\/86171\/revisions\/86176\/"}],"wp:featuredmedia":[{"embeddable":true,"href":"https:\/\/manueldelia.com\/mt\/wp-json\/wp\/v2\/media\/86167\/"}],"wp:attachment":[{"href":"https:\/\/manueldelia.com\/mt\/wp-json\/wp\/v2\/media\/?parent=86171"}],"wp:term":[{"taxonomy":"category","embeddable":true,"href":"https:\/\/manueldelia.com\/mt\/wp-json\/wp\/v2\/categories\/?post=86171"},{"taxonomy":"post_tag","embeddable":true,"href":"https:\/\/manueldelia.com\/mt\/wp-json\/wp\/v2\/tags\/?post=86171"}],"curies":[{"name":"wp","href":"https:\/\/api.w.org\/{rel}","templated":true}]}}