{"id":86221,"date":"2020-01-15T16:04:30","date_gmt":"2020-01-15T15:04:30","guid":{"rendered":"https:\/\/manueldelia.com\/?p=86221"},"modified":"2020-01-15T22:39:50","modified_gmt":"2020-01-15T21:39:50","slug":"sinjali-mhallta","status":"publish","type":"post","link":"https:\/\/manueldelia.com\/mt\/2020\/01\/sinjali-mhallta\/","title":{"rendered":"Sinjali m\u0127allta"},"content":{"rendered":"<p><img class=\"size-full wp-image-86207 aligncenter\" src=\"https:\/\/manueldelia.com\/wp-content\/uploads\/2020\/01\/edward_zammit_lewis_robert_abela.jpg\" alt=\"\" width=\"684\" height=\"455\" srcset=\"https:\/\/manueldelia.com\/wp-content\/uploads\/2020\/01\/edward_zammit_lewis_robert_abela-200x133.jpg 200w, https:\/\/manueldelia.com\/wp-content\/uploads\/2020\/01\/edward_zammit_lewis_robert_abela-300x200.jpg 300w, https:\/\/manueldelia.com\/wp-content\/uploads\/2020\/01\/edward_zammit_lewis_robert_abela-400x266.jpg 400w, https:\/\/manueldelia.com\/wp-content\/uploads\/2020\/01\/edward_zammit_lewis_robert_abela-600x399.jpg 600w, https:\/\/manueldelia.com\/wp-content\/uploads\/2020\/01\/edward_zammit_lewis_robert_abela.jpg 684w\" sizes=\"(max-width: 684px) 100vw, 684px\" \/><\/p>\n<p>&nbsp;<\/p>\n<p>G\u0127andna gvern \u0121did li ma jinkludix fih lil Joseph Muscat, Chris Cardona, Konrad Mizzi, Keith Schembri u Neville Gaf\u00e0. \u010aertament dawn g\u0127adhom qed jimir\u0127u x&#8217;imkien fil-kuriduri tas-setg\u0127a i\u017cda s-sa\u0127\u0127a li kellhom tnaqqsitilhom drastikament. Mhux biss, i\u017cda Owen Bonnici m&#8217;g\u0127adux ministru tal-\u0121ustizzja u Michael Farrugia m&#8217;g\u0127adux ministru tal-pulizija.<\/p>\n<p>Is-so\u010bjet\u00e0 \u010bivili kienet \u0127admet qatig\u0127 biex ise\u0127\u0127 dan it-tibdil u minn Ottubru 2017 &#8216;l hawn tista&#8217; tg\u0127id li sejj\u0127et protesti kull \u0121img\u0127a. Se jkun hemm aktar protesti fil-\u0121ejjieni u g\u0127alissa \u010bertament m&#8217;g\u0127andniex g\u0127alxiex ni\u010b\u010belebraw.<\/p>\n<p>Imma\u0121inaw li kieku g\u0127adna fix-xahar ta&#8217; Awwissu 2019. Mur g\u0127idilna li sa sitt xhur wara, Muscat, Cardona u Mizzi ma kellhomx jibqg\u0127u fil-kabinett.<\/p>\n<p>Lanqas titwemmen kif u\u0127ud jinsabu f&#8217;estasi ta&#8217; tif\u0127ir g\u0127al Robert Abela min\u0127abba d-de\u010bi\u017cjonijiet li \u0127a s&#8217;issa. U\u0127ud isibuha diffi\u010bli biex ma jaqg\u0127ux g\u0127at-tentazzjoni u g\u0127all-vizzju li lill-politi\u010bi jarmawlhom in-ni\u010be\u010b u jixg\u0127alulhom ix-xemg\u0127at anki meta dawn jag\u0127mlu dak li jkun minn ewl id-dinja u li jkun mistenni minnhom.<\/p>\n<p>Minkejja d-diskors uffi\u010bjali kollu dwar kontinwit\u00e0 u li l-Partit Laburista m&#8217;g\u0127andux g\u0127alxiex jitlob sku\u017ca, anki\u00a0 Robert Abela nteba\u0127 li ta&#8217; qablu tilef is-setg\u0127a g\u0127ax kien da\u0127\u0127al lilu nnifsu fi sqaq. U l-isqaq li kien qieg\u0127ed fih g\u0127amel tabirru\u0127u li ma je\u017cistix.<\/p>\n<p>M&#8217;g\u0127andniex xi ng\u0127idu, g\u0127ad hemm problemi kbar u Robert Abela illum \u0127abbar xi de\u010bi\u017cjonijiet li g\u0127ad jiddispja\u010bih li \u0127adhom.<\/p>\n<p>L-ag\u0127ar de\u010bi\u017cjoni kienet dik li ja\u0127tar lil Edward Zammit Lewis b\u0127ala ministru tal-\u0121ustizzja. Il-lejalt\u00e0 g\u0127amja li g\u0127andu Edward Zammit Lewis fil-konfront ta&#8217; Joseph Muscat li wa\u0127da kwa\u017ci patolo\u0121ika. Nhar il-\u0120img\u0127a, tg\u0127idx kemm inxtered dmug\u0127 meta Joseph Muscat g\u0127amel l-a\u0127\u0127ar diskors tieg\u0127u. Tg\u0127idx kemm kien hemm bews u tg\u0127anniq minn min forsi kien jippreferi li ma kienx pre\u017centi. I\u017cda l-ispettaklu li \u0127oloq Edward Zammit Lewis &#8211; li g\u0127al ftit ma bediex jag\u0127ti fuq wi\u010b\u010bu u jqatta&#8217; xag\u0127ru bin-niket li kellu fuqu &#8211; kien jixba\u0127 dak li jiddeletta jag\u0127mel Kim f&#8217;xi funeral fi Pyongyang.<\/p>\n<p>Zammit Lewis ilu g\u0127al snin twal iservi tal-kelb tal-but ta&#8217; Joseph Muscat. Dan huwa wie\u0127ed minn fost klikka ta&#8217; ba\u017cu\u017cli u lag\u0127qa &#8211; klikka li tinkludi lil Paul Apap Bologna li kien il-mo\u0127\u0127 wara l-Electrogas &#8211;\u00a0 li spi\u010b\u010bat biex politikament qerdet lil Joseph Muscat.<\/p>\n<p>B\u0127ala ministru tat-turi\u017cmu, Edward Zammit Lewis kien \u0127allas miljun ewro bi &#8216;sponsorship&#8217; lil linja tal-ajru Vistajet (linja tal-ajru li ma tg\u0127abbix turisti) \u0121img\u0127a biss wara li ajruplan minn tag\u0127hom tar ming\u0127ajr passi\u0121\u0121ieri lejn Baku minn Malta dakinhar stess li Daphne Caruana Galizia kienet xandret storja li fil-Pilatus Bank kien hemm provi dokumentati tal-korruzzjoni ta&#8217; Joseph Muscat u ftit sieg\u0127at biss wara li sid il-bank Ali Sadr Hasheminejad &#8211; minn dakinhar &#8216;l hawn dan qed jistenna&#8217; li jg\u0127addi \u0121uri dwar frodi fl-Amerika &#8211; intlema\u0127 jo\u0127ro\u0121 \u017cew\u0121 bagalji inkiss inkiss mill-bieb ta&#8217; wara tal-bank fis-satra tal-lejl. Edward Zammit Lewis kien jaf dakinhar minn min kellu jie\u0127u l-ordnijiet.<\/p>\n<p>Issa d-dikasteru tal-\u0121ustizzja tant ineffi\u010bjenti li g\u0127andna, jinsab f&#8217;idejh. Kif bi \u0127siebu jmexxi r-riforma tal-\u0121udikatura kif rakkomandata mill-Kummissjoni ta&#8217; Venezja u minn o\u0127rajn?\u00a0 Kemm ser ikollu \u0127e\u0121\u0121a li jwaqqaf ir-re\u017cistenza g\u0127ar-riformi li kellu l-gvern li g\u0127adu kemm spi\u010b\u010ba? Kull entu\u017cja\u017cmu li jista&#8217; jkollu biex iwettaq riforma istituzzjonali kif suppost ser ikollu jwie\u017cinha mar-riskju li \u0121udikatura tassew indipendenti tasal biex issib tarf tal-alla tieg\u0127u Joseph Muscat u tipprova ssewwi l-\u0127sarat li kka\u0121unaw 6 snin ta&#8217; gvern li skont Edward Zammit Lewis fihom saru l-mirakli.<\/p>\n<p><img class=\"size-full wp-image-86209 aligncenter\" src=\"https:\/\/manueldelia.com\/wp-content\/uploads\/2020\/01\/file-4.jpg\" alt=\"\" width=\"960\" height=\"785\" srcset=\"https:\/\/manueldelia.com\/wp-content\/uploads\/2020\/01\/file-4-200x164.jpg 200w, https:\/\/manueldelia.com\/wp-content\/uploads\/2020\/01\/file-4-300x245.jpg 300w, https:\/\/manueldelia.com\/wp-content\/uploads\/2020\/01\/file-4-400x327.jpg 400w, https:\/\/manueldelia.com\/wp-content\/uploads\/2020\/01\/file-4-600x491.jpg 600w, https:\/\/manueldelia.com\/wp-content\/uploads\/2020\/01\/file-4-768x628.jpg 768w, https:\/\/manueldelia.com\/wp-content\/uploads\/2020\/01\/file-4-800x654.jpg 800w, https:\/\/manueldelia.com\/wp-content\/uploads\/2020\/01\/file-4.jpg 960w\" sizes=\"(max-width: 960px) 100vw, 960px\" \/><\/p>\n<p>Il-ministru l-\u0121did tal-pulizija huwa Byron Camilleri li qatt ma kellu kariga ministerjali. G\u0127ad irridu niskopru dan il-bniedem x&#8217;isarraf i\u017cda nafu li kien il-<em>whip<\/em> tal-grupp parlamentari Laburista li kien ta vot unanimu ta&#8217; fidu\u010bja lil Joseph Muscat fi \u017cmien li fih ir-ri\u017cenja tieg\u0127u mill-gvern beda&#8217; jidher dejjem aktar inevitabbli f&#8217;mo\u0127\u0127 kul\u0127add, mid-dehra \u0127lief g\u0127al Byron Camilleri u g\u0127al s\u0127abu.<\/p>\n<p>Tg\u0127id dan Byron g\u0127andu l-kredenzjali me\u0127tie\u0121a biex iwettaq riforma s\u0127i\u0127a fil-korp tal-pulizija, biex jiggarantixxi l-awtonomija tal-korp mill-influwenza tal-politi\u010bi u biex isa\u0127\u0127a\u0127 it-tmexxija tieg\u0127u mil-lat professjonali? Li kieku kellu juri l-\u0127ila li jag\u0127mel dan kollu, dawk li l-pulizija ilha tg\u0127attilhom xturhom g\u0127al tliet snin s\u0127a\u0127 jistg\u0127u jistennew li jintla\u0127qu mill-id tal-li\u0121i? Tg\u0127id Byron Camilleri &#8211; bniedem li jaf l-e\u017cistenza politika tieg\u0127u lil Joseph Muscat &#8211; ikun lest li jnaqqas drastikament il-kontroll politiku li ta&#8217; qablu kellu fuq il-korp sabiex b&#8217;hekk ikun kapa\u010bi jasal biex sa\u0127ansitra jinvestiga lill-eks img\u0127allem tieg\u0127u?<\/p>\n<p>Kien pass tajjeb li ras Michael Farrugia iddabbret mill-ministeru tal-intern. Niftakar li dakinhar jew ftit jiem wara li nqatlet Daphne Caruana Galizia kont tlabt ir-ri\u017cenja tieg\u0127u. Minn dakinhar &#8216;l hawn \u017celaq fin-niexef meta lil stazzjon tat-televi\u017cjoni Taljan qallu li l-arrest tal-im\u0127u\u0127 wara l-assassinju kien imminenti meta fil-fatt l-arresti spi\u010b\u010baw biex se\u0127\u0127ew madwar sena wara. U l-arresti ma se\u0127\u0127ewx bis-sa\u0127\u0127a tieg\u0127u.<\/p>\n<p>X&#8217;tassew tfisser il-\u0127atra ta&#8217; Byron Camilleri?<\/p>\n<p>G\u0127andna g\u0127alxiex inkunu ottimisti?<\/p>\n<p>Robert Abela u l-ministri tieg\u0127u jippretendu li g\u0127andna nibdlu l-attitudni tag\u0127na fil-konfront tal-gvern u nibdew nobdu, ninkinaw u nsegwu. Madankollu je\u0127tie\u0121 li niftakru li dan huwa l-istess Partit Laburista, l-istess grupp parlamentari\u00a0 u l-istess membri parlamentari li qed jiggvernaw lill-pajji\u017c b&#8217;id wa\u0127da u jisirquh bl-id l-o\u0127ra.<\/p>\n<p>Dan g\u0127andna dejjem in\u017commuh f&#8217;mo\u0127\u0127na.<\/p>\n<p><img class=\"size-full wp-image-86211 aligncenter\" src=\"https:\/\/manueldelia.com\/wp-content\/uploads\/2020\/01\/Joseph-Muscat-Owen-Bonnici-Magistrati-Im\u0127allfin.png\" alt=\"\" width=\"497\" height=\"331\" srcset=\"https:\/\/manueldelia.com\/wp-content\/uploads\/2020\/01\/Joseph-Muscat-Owen-Bonnici-Magistrati-Im\u0127allfin-200x133.png 200w, https:\/\/manueldelia.com\/wp-content\/uploads\/2020\/01\/Joseph-Muscat-Owen-Bonnici-Magistrati-Im\u0127allfin-300x200.png 300w, https:\/\/manueldelia.com\/wp-content\/uploads\/2020\/01\/Joseph-Muscat-Owen-Bonnici-Magistrati-Im\u0127allfin-400x266.png 400w, https:\/\/manueldelia.com\/wp-content\/uploads\/2020\/01\/Joseph-Muscat-Owen-Bonnici-Magistrati-Im\u0127allfin.png 497w\" sizes=\"(max-width: 497px) 100vw, 497px\" \/><\/p>\n<p>Kien hemm bidla wa\u0127da li nisslitli dieqa. It-tne\u0127\u0127ija ta&#8217; Owen Bonnici mill-Ministeru tal-\u0120ustizzja kien pass tajjeb i\u017cda l-\u0127atra tieg\u0127u b\u0127ala Ministru tal-Edukazzjoni kien pass \u0127a\u017cin.<\/p>\n<p>It-tmexxija tieg\u0127u tad-dipartiment tal-kultura kien di\u017castru u \u010bertament m&#8217;g\u0127andux il-\u0127iliet li jippretendi li g\u0127andu. Je\u010b\u010bella fil-medjokrit\u00e0 li twa\u0127\u0127ax u g\u0127an-nuqqas ta&#8217; imma\u0121inazzjoni, sens komun u ener\u0121ija.<\/p>\n<p>Huwa bniedem patetiku li, b\u0127al Edward Zammit Lewis, \u0121ab ru\u0127u b\u0127allikieku kien it-tewmi ta&#8217; Joseph Muscat. B\u0127ala ministru kemm il-darba nda\u0127al fi pro\u010beduri li ma kienux jesg\u0127uh bl-isku\u017ca fjakka li huwa kien ukoll l-avukat personali ta&#8217; Joseph Muscat barra l-Ministru tal-\u0120ustizzja tal-pajji\u017c.<\/p>\n<p>Ma nistax nifhem kif bniedem b&#8217;rekord medjokri b\u0127al dan hemm min jikkunsidrah b\u0127ala wie\u0127ed kwalifikat biex imexxi l-ministeru tal-edukazzjoni. Hu u j\u0127ares l-edukazzjoni ta&#8217; wliedna, se jkun il-qaddis patrun tal-medjokrit\u00e0 nazzjonali.<\/p>\n<p>Wa\u0127da tal-a\u0127\u0127ar. Dan il-kabinett huwa kbir fin-numru u l-akbar kabinett li qatt kellha Malta. G\u0127alissa mhux qed nilmenta dwar in-numru mdaqqas ta&#8217; \u0127addiema tal-ministeri, tal-karrozzi uffi\u010bjali, tal-uffi\u010b\u010bji u ta&#8217; dawk li ja\u0127dmu ma&#8217; &#8220;tal-kastimerker\u201d li se jkunu qishom isqra fuq l-elettorat spe\u010bjalment meta ji\u0121u biex i\u010bemplu u jistaqsu li \u201cil-ministru saqsik g\u0127andekx b\u017conn xi \u0127a\u0121a, \u0127i.\u201d<\/p>\n<p>I\u017cda hemm riforma li \u0121iet rakkomandata mill-Kummissjoni ta&#8217; Venezja u entitajiet o\u0127ra, liema rakkomandazzjoni Robert Abela jidher li njoraha. Il-membri tal-grupp parlamentari Laburista huma kwa\u017ci lkoll impjegati mal-gvern.\u00a0 Il-parlament tag\u0127na huwa sottomess g\u0127all-gvern. Is-sitwazzjoni ma kienitx dejjem kif inhi llum. G\u0127al snin twal, gvernijiet kellhom bi\u017c\u017cejjed membri parlamentari li minn fosthom setg\u0127u jintg\u0127a\u017clu l-ministri u l-bqija kienu jappo\u0121\u0121jawhom u jg\u0127adduhom minn skrutinju fl-istess \u0127in.<\/p>\n<p>Issa jidher li l-ma\u0121\u0121oranza kbira li tal-Labour g\u0127andhom fil-parlament hi determinata li ma tag\u0127milx ix-xog\u0127ol li suppost qieg\u0127da hemm biex tag\u0127mel.<\/p>\n<p>Jekk tal-Labour il-Parlament iriduh biss g\u0127a\u010b-\u010berimonji, ma jmisshomx jabolixxu lill-istituzzjoni u jibdew jikru s-sala tal-parlament g\u0127at-ti\u0121ijiet? Wara kollox, Michelle Muscat g\u0127andha mnejn te\u0127tie\u0121 impjieg \u0121did.<\/p>\n","protected":false},"excerpt":{"rendered":"<p>&nbsp; G\u0127andna gvern \u0121did li ma jinkludix fih lil Joseph Muscat, Chris Cardona, Konrad Mizzi, Keith Schembri u Neville Gaf\u00e0. \u010aertament dawn g\u0127adhom qed jimir\u0127u x&#8217;imkien fil-kuriduri tas-setg\u0127a i\u017cda s-sa\u0127\u0127a li kellhom tnaqqsitilhom drastikament. Mhux biss, i\u017cda Owen Bonnici m&#8217;g\u0127adux ministru tal-\u0121ustizzja u Michael Farrugia m&#8217;g\u0127adux ministru tal-pulizija. Is-so\u010bjet\u00e0 \u010bivili kienet \u0127admet qatig\u0127 biex ise\u0127\u0127 [&hellip;]<\/p>\n","protected":false},"author":1,"featured_media":86208,"comment_status":"open","ping_status":"open","sticky":false,"template":"","format":"standard","meta":[],"categories":[54],"tags":[],"_links":{"self":[{"href":"https:\/\/manueldelia.com\/mt\/wp-json\/wp\/v2\/posts\/86221\/"}],"collection":[{"href":"https:\/\/manueldelia.com\/mt\/wp-json\/wp\/v2\/posts\/"}],"about":[{"href":"https:\/\/manueldelia.com\/mt\/wp-json\/wp\/v2\/types\/post\/"}],"author":[{"embeddable":true,"href":"https:\/\/manueldelia.com\/mt\/wp-json\/wp\/v2\/users\/1\/"}],"replies":[{"embeddable":true,"href":"https:\/\/manueldelia.com\/mt\/wp-json\/wp\/v2\/comments\/?post=86221"}],"version-history":[{"count":5,"href":"https:\/\/manueldelia.com\/mt\/wp-json\/wp\/v2\/posts\/86221\/revisions\/"}],"predecessor-version":[{"id":86236,"href":"https:\/\/manueldelia.com\/mt\/wp-json\/wp\/v2\/posts\/86221\/revisions\/86236\/"}],"wp:featuredmedia":[{"embeddable":true,"href":"https:\/\/manueldelia.com\/mt\/wp-json\/wp\/v2\/media\/86208\/"}],"wp:attachment":[{"href":"https:\/\/manueldelia.com\/mt\/wp-json\/wp\/v2\/media\/?parent=86221"}],"wp:term":[{"taxonomy":"category","embeddable":true,"href":"https:\/\/manueldelia.com\/mt\/wp-json\/wp\/v2\/categories\/?post=86221"},{"taxonomy":"post_tag","embeddable":true,"href":"https:\/\/manueldelia.com\/mt\/wp-json\/wp\/v2\/tags\/?post=86221"}],"curies":[{"name":"wp","href":"https:\/\/api.w.org\/{rel}","templated":true}]}}