{"id":86248,"date":"2020-01-15T23:06:40","date_gmt":"2020-01-15T22:06:40","guid":{"rendered":"https:\/\/manueldelia.com\/?p=86248"},"modified":"2020-01-16T16:41:50","modified_gmt":"2020-01-16T15:41:50","slug":"ghandna-20-mistoqsija-ghalik-sur-prim-ministru","status":"publish","type":"post","link":"https:\/\/manueldelia.com\/mt\/2020\/01\/ghandna-20-mistoqsija-ghalik-sur-prim-ministru\/","title":{"rendered":"G\u0127andna 20 mistoqsija g\u0127alik, Sur Prim Ministru."},"content":{"rendered":"<p><img class=\"size-full wp-image-86239 aligncenter\" src=\"https:\/\/manueldelia.com\/wp-content\/uploads\/2020\/01\/2_robert_abela_dissett.jpg\" alt=\"\" width=\"684\" height=\"455\" srcset=\"https:\/\/manueldelia.com\/wp-content\/uploads\/2020\/01\/2_robert_abela_dissett-200x133.jpg 200w, https:\/\/manueldelia.com\/wp-content\/uploads\/2020\/01\/2_robert_abela_dissett-300x200.jpg 300w, https:\/\/manueldelia.com\/wp-content\/uploads\/2020\/01\/2_robert_abela_dissett-400x266.jpg 400w, https:\/\/manueldelia.com\/wp-content\/uploads\/2020\/01\/2_robert_abela_dissett-600x399.jpg 600w, https:\/\/manueldelia.com\/wp-content\/uploads\/2020\/01\/2_robert_abela_dissett.jpg 684w\" sizes=\"(max-width: 684px) 100vw, 684px\" \/><\/p>\n<p><a href=\"https:\/\/timesofmalta.com\/articles\/view\/pm-says-he-is-speaking-the-same-language-as-repubblika-on-good.763728\" target=\"_blank\" rel=\"noopener noreferrer\">Minn fuq it-televi\u017cjoni llum il-prim ministru stqarr li \u201cdwar il-governanza tajba, huwa lest li jitkellem bl-istess lingwa\u0121\u0121 ta&#8217; Repubblika\u201d<\/a>. L-unika \u0127a\u0121a po\u017cittiva li nista&#8217; nislet minn din l-istqarrija hi li l-gvern il-\u0121did qed jirrikonoxxi l-e\u017cistenza ta&#8217; Repubblika &#8211; \u0127a\u0121a li l-gvern li kellna sal-\u0121img\u0127a li g\u0127addiet qatt ma wasal biex jag\u0127milha.<\/p>\n<p>Repubblika issa jidher li m&#8217;g\u0127adhiex \u201csetta\u201d, \u201cerba\u2019 qtates\u201d, \u201cerba\u2019 anarki\u010bi\u201d, \u201cil-fazzjoni ta\u2019 kontra Adrian Delia\u201d, \u201cis-segwa\u010bi ta\u2019 Simon Busuttil\u201d u \u201cl-klikka ta&#8217; Daphne\u201d jew \u201csegwa\u010bi ta&#8217; Daphne\u201d. Mill-\u0121img\u0127a li g\u0127addiet &#8216;l hawn, Repubblika saret organizzazzjoni li mag\u0127ha l-prim ministru tal-pajji\u017c jitkellem bl-istess lingwa\u0121\u0121. Din l-istqarrija tal-prim ministru ma nsibuhiex partikolarment kumplimentu\u017ca.<\/p>\n<p>L-u\u017cu tal-lingwa\u0121\u0121 ma tantx kien wie\u0127ed problematiku, hux hekk? Joseph Muscat, Owen Bonnici u l-bqija g\u0127amlu madwar sentejn jinsistu li \u201cl-istituzzjonijiet tag\u0127na qed ja\u0127dmu&#8221; u li kien jiddispja\u010biehom li Daphne nqatlet, u li kienu &#8220;mpenjati li jwettqu r-riformi rakkomandati mill-Kumissjoni ta&#8217; Venezja&#8221;. Meta kien jaqblihom, kienu jlissnu kliem li jdoqq g\u0127all-widnejn i\u017cda meta \u0121ew g\u0127all-fatti qalulna li &#8220;milli g\u0127idna m&#8217;hemm xejn&#8221;.<\/p>\n<p>\u0126lief g\u0127al-lum, Robert Abela qatt ma &#8220;tkellem bl-istess lingwa\u0121\u0121 ta&#8217; Repubblika\u201d. Tant kien wera&#8217; indifferenza g\u0127all-assassinju ta&#8217; Daphne Caruana Galizia li qatt ma lissen kelma dwar is-su\u0121\u0121ett. Kulma g\u0127amel kien li kkritika lill-ulied imnikktin tag\u0127ha talli dawn kienu a\u017c\u017cardaw li jfittxu parir legali biex ikunu jistg\u0127u j\u0127arsu d-drittijet fundamentali tag\u0127hom. U waqt il-kampanja tal-elezzjoni g\u0127al mexxej, wera&#8217; n-nuqqas ta&#8217; tolleranza tieg\u0127u mal-protesti pubbli\u010bi.<\/p>\n<p>Issa li qed jitkellem bl-istess lingwa\u0121\u0121 tag\u0127na, tg\u0127id ser &#8220;jittollera&#8221; aktar lis-so\u010bjet\u00e0 \u010bivili?<\/p>\n<p>Ma jkunx a\u0127jar jekk, minflok jitkellem biss bl-istess lingwa\u0121\u0121 ta&#8217; Repubblika dwar is-saltna tad-dritt, jibda&#8217; jie\u0127u inizjattivi biex is-saltna tad-dritt ter\u0121a&#8217; tie\u0127u r-ru\u0127?<\/p>\n<p>X&#8217;kienet ir-ra\u0121uni li warrab il-pariri tal-Kunsill tal-Ewropa biex tit\u0127ares l-indipendenza tal-le\u0121islatura meta \u0127atar fil-kabinett il-bi\u010b\u010ba l-kbira tal-membri parlamentari tal-partit tieg\u0127u? Bi \u0127siebu jordna lill-ministri tieg\u0127u jnaqqsu drastikament ir-rekluta\u0121\u0121 ta&#8217; persuni f'&#8221;\u0127atriet ta&#8217; fidu\u010bja&#8221;? Bi \u0127siebu jibqa&#8217; lura milli jag\u0127mel u\u017cu minn<em> email accounts<\/em> personali kif ukoll minn <em>data storage services<\/em> g\u0127ax-xog\u0127ol tal-gvern u jordna lill-ministri tieg\u0127u jag\u0127mlu l-istess?<\/p>\n<p>Dawn huma mi\u017curi favur il-governanza tajba li lkoll jistg\u0127u jitwettqu minn din il-\u0121img\u0127a stess.<\/p>\n<p>Ma jmissux il-prim ministru jirrikonoxxi r-responsabbilt\u00e0 u nuqqasijiet tal-istat fil-\u0127arsien ta&#8217; \u0127ajjet Daphne Caruana Galizia? Ma jmissux jisku\u017ca ru\u0127u mal-familja tag\u0127ha g\u0127all-mewt tag\u0127ha u g\u0127an-nuqqas tal-istat li jag\u0127mel dmiru qabel inqatlet u minn dakinhar li nqatlet &#8216;il quddiem?<\/p>\n<p>Biex tassew inkunu nistg\u0127u nifhmu l-intenzjonijiet tieg\u0127u, mhux importanti l-kwalit\u00e0 ta&#8217; lingwa\u0121\u0121 li jag\u0127mel u\u017cu minnu Robert Abela. Repubblika g\u0127andha l-\u0127ila li tag\u0127raf il-verit\u00e0 u l-\u0121ustizzja ikun x&#8217;ikun il-lingwa\u0121\u0121 li ji\u0121i u\u017cat. Repubblika tirrikonoxxi li l-gvern bidel id-diska. I\u017cda tirrikonoxxi wkoll li dan huwa l-istess gvern li sa ftit ilu kien jinjorana, jg\u0127ajjarna u jintimidana.<\/p>\n<p>Il-kliem biss ma jimpressjonana xejn. Li rridu naraw ming\u0127and il-prim ministru huma l-azzjonijiet u l-fatti.<\/p>\n<p>U issa \u0121aladarba li qed nitkellmu bl-istess lingwa\u0121\u0121, ma jmissux iwie\u0121eb g\u0127all-mistoqsijiet li konna g\u0127amilnilu waqt il-kampanja g\u0127all-\u0127atra ta &#8216; mexxej tal-partit?<\/p>\n<p>Hawn huma l-20 mistoqsija. Twe\u0121iba ta&#8217; &#8220;iva&#8221; jew &#8220;le&#8221; tkun bi\u017c\u017cejjed.<\/p>\n<ol>\n<li>Bi \u0127siebek tniedi inkjesta pubblika u indipendenti dwar il-kuntratti kollha marbutin mal-power station il-\u0121dida u tkun lest li xxandar ir-ri\u017cultati tal-istess inkjesta?<\/li>\n<li>Bi \u0127siebek ixxandar il-ftehim kollha (ming\u0127ajr t\u0127assir) li kienu saru dwar l-Electrogas, il-Vitals Global Health u Steward Health Care?<\/li>\n<li>Bi \u0127siebek tniedi inkjesta pubblika u indipendenti sabiex ji\u0121i investigat l-isposorship ta&#8217; \u20ac1 miljun li kien ing\u0127ata lil Vistajet u tkun lest li xxandar ir-ri\u017cultati tal-istess inkjesta? Huwa allegat li ftit wara li xxandru l-allegazzjonijiet dwar Pilatus Bank u Egrant, il-Vistajet g\u0127amlet titjira minn Malta g\u0127ad-Dubaj.<\/li>\n<li>Bi \u0127siebek tinvestiga l-pro\u010bess tal-g\u0127oti ta&#8217; li\u010benzja lil Pilatus Bank u lil Sata Bank u tkun lest li xxandar ir-ri\u017cultati tal-istess investigazzjoni?<\/li>\n<li>Bi \u0127siebek tag\u0127ti l-protezzjoni ta&#8217; whistle-blower lil Jonathan Ferris u lil Maria Efimova sabiex dawn ikunu jistg\u0127u jixhdu dwar dak kollu li jafu dwar il-korruzzjoni, l-\u0127asil ta&#8217; flus u l-attivitajiet kriminali o\u0127rajn li se\u0127\u0127ew?<\/li>\n<li>Bi \u0127siebejk tinvestiga l-amnestiji tat-taxxa kollha (VAT u taxxa fuq id-d\u0127ul) li ng\u0127ataw fl-a\u0127\u0127ar 10 snin u tkun lest li xxandar ir-ri\u017cultati tal-istess investigazzjoni?<\/li>\n<li>Bi \u0127siebek tniedi inkjesta pubblika u indipendenti bil-g\u0127an li ji\u0121i nvestigat il-pro\u010bess tat-trasferiment ta&#8217; dak li kien is-sit tal-ITS u l-g\u0127oti ta&#8217; permess tal-bini lid-DB Group u tkun lest li xxandar ir-ri\u017cultati tal-istess investigazzjoni?<\/li>\n<li>Bi \u0127siebek tirrevedi l-iskema tal-bejg\u0127 tal-passaporti?<\/li>\n<li>Bi \u0127siebek tniedi inkjesta pubblika u indipendenti sabiex ti\u0121i nvestigata l-allegazzjoni li uffi\u010bjali g\u0127olja tal-pulizija, inklu\u017c Assistent Kummissarju, g\u0127adda informazzjoni kunfidenzjali lill-\u0127addiema fl-uffi\u010bju tal-prim ministru u lil persuni o\u0127rajn, u tkun lest li xxandar ir-ri\u017cultati tal-istess investigazzjoni?<\/li>\n<li>Bi \u0127siebek tniedi investigazzjoni dwar jekk kienx hemm dewmien fl-g\u0127oti tal-permessi lis-servizz tas-sigurt\u00e0 ta&#8217; Malta biex dawn iknu jistg\u0127u jinter\u010bettaw diskorsi telefoni\u010bi marbuta mal-investigazzjoni dwar l-assassinju ta&#8217; Daphne Caruana Galizia u tkun lest li xxandar ir-ri\u017cultati tal-istess investigazzjoni?<\/li>\n<li>Bi \u0127siebek tniedi investigazzjoni biex insiru nafu min hu sid il-kumpannija Macbridge, u tkun lest li xxandar ir-ri\u017cultati tal-istess investigazzjoni?<\/li>\n<li>Bi \u0127siebek tniedi investigazzjoni dwar l-abbozzar, l-applikazzjoni u l-impatt tal-politika tal-ippjanar marbuta mar-Rural and Agricultural Policy, it-Tall Buildings Policy u l-Fuel Stations Policy, u tkun lest li xxandar ir-ri\u017cultati tal-istess investigazzjoni?<\/li>\n<li>Bi \u0127siebek tniedi inkjesta pubblika u indipendenti dwar id-direct orders li ng\u0127ataw lil kumpanniji li s-sidien tag\u0127hom huma membri tal-parlament, \u0127addiema f&#8217;ministeri u l-familji tag\u0127hom? Tkun lest li xxandar ir-ri\u017cultati tal-istess inkjesta?<\/li>\n<li>Bi \u0127siebek tniedi investigazzjoni dwar il-ftehim ri\u010benti li ntla\u0127aq mal-Manchester United u tkun lest li xxandar ir-ri\u017cultati tal-istess investigazzjoni?<\/li>\n<li>Bi \u0127siebek tniedi investigazzjoni dwar id-direct orders li ng\u0127ataw g\u0127al servizzi tal-IT services fil-\u0127abs u g\u0127as-servizzi tas-sa\u0127\u0127a pubblika, u tkun lest li xxandar ir-ri\u017cultati tal-istess investigazzjoni?<\/li>\n<li>Bi \u0127siebek tniedi investigazzjoni dwar il-\u0127idma ta&#8217; Brian Tonna f&#8217;Kastilja u tkun lest li xxandar ir-ri\u017cultati tal-istess investigazzjoni?<\/li>\n<li>Bi \u0127siebek tniedi investigazzjoni dwar l-inga\u0121\u0121ar ta&#8217; \u0127addiema mal-gvern maturl il-kampanja elettorali tal-2017 u tkun lest li xxandar ir-ri\u017cultati tal-istess investigazzjoni?<\/li>\n<li>Bi \u0127siebek tniedi investigazzjoni dwar permessi tal-bini li kienu \u0121ew approvati matul il-kampanja elettorali tal-2017 u tkun lest li xxandar ir-ri\u017cultati tal-istess investigazzjoni?<\/li>\n<li>Bi \u0127siebek tniedi investigazzjoni dwar il-promozzjonijiet li saru fil-Forzi Armati ta&#8217; Malta matul il-kampanja elettorali tal-2017 u tkun lest li xxandar ir-ri\u017cultati tal-istess investigazzjoni?<\/li>\n<li>Bi \u0127siebek ixxandar il-ftehim li ntla\u0127aq ma&#8217; Chelgate, u tkun lest li tag\u0127ti rendikont s\u0127i\u0127 tax-xog\u0127ol li sar minn din il-kumpannija g\u0127an-nom tal-gvern ta&#8217; Malta?<\/li>\n<\/ol>\n","protected":false},"excerpt":{"rendered":"<p>Minn fuq it-televi\u017cjoni llum il-prim ministru stqarr li \u201cdwar il-governanza tajba, huwa lest li jitkellem bl-istess lingwa\u0121\u0121 ta&#8217; Repubblika\u201d. L-unika \u0127a\u0121a po\u017cittiva li nista&#8217; nislet minn din l-istqarrija hi li l-gvern il-\u0121did qed jirrikonoxxi l-e\u017cistenza ta&#8217; Repubblika &#8211; \u0127a\u0121a li l-gvern li kellna sal-\u0121img\u0127a li g\u0127addiet qatt ma wasal biex jag\u0127milha. Repubblika issa jidher li [&hellip;]<\/p>\n","protected":false},"author":1,"featured_media":86240,"comment_status":"open","ping_status":"open","sticky":false,"template":"","format":"standard","meta":[],"categories":[54],"tags":[],"_links":{"self":[{"href":"https:\/\/manueldelia.com\/mt\/wp-json\/wp\/v2\/posts\/86248\/"}],"collection":[{"href":"https:\/\/manueldelia.com\/mt\/wp-json\/wp\/v2\/posts\/"}],"about":[{"href":"https:\/\/manueldelia.com\/mt\/wp-json\/wp\/v2\/types\/post\/"}],"author":[{"embeddable":true,"href":"https:\/\/manueldelia.com\/mt\/wp-json\/wp\/v2\/users\/1\/"}],"replies":[{"embeddable":true,"href":"https:\/\/manueldelia.com\/mt\/wp-json\/wp\/v2\/comments\/?post=86248"}],"version-history":[{"count":5,"href":"https:\/\/manueldelia.com\/mt\/wp-json\/wp\/v2\/posts\/86248\/revisions\/"}],"predecessor-version":[{"id":86253,"href":"https:\/\/manueldelia.com\/mt\/wp-json\/wp\/v2\/posts\/86248\/revisions\/86253\/"}],"wp:featuredmedia":[{"embeddable":true,"href":"https:\/\/manueldelia.com\/mt\/wp-json\/wp\/v2\/media\/86240\/"}],"wp:attachment":[{"href":"https:\/\/manueldelia.com\/mt\/wp-json\/wp\/v2\/media\/?parent=86248"}],"wp:term":[{"taxonomy":"category","embeddable":true,"href":"https:\/\/manueldelia.com\/mt\/wp-json\/wp\/v2\/categories\/?post=86248"},{"taxonomy":"post_tag","embeddable":true,"href":"https:\/\/manueldelia.com\/mt\/wp-json\/wp\/v2\/tags\/?post=86248"}],"curies":[{"name":"wp","href":"https:\/\/api.w.org\/{rel}","templated":true}]}}