{"id":86401,"date":"2020-01-17T11:06:32","date_gmt":"2020-01-17T10:06:32","guid":{"rendered":"https:\/\/manueldelia.com\/?p=86401"},"modified":"2020-01-17T11:06:32","modified_gmt":"2020-01-17T10:06:32","slug":"repubblika-dwar-il-kumitat-ta-governanza-li-hatar-il-gvern","status":"publish","type":"post","link":"https:\/\/manueldelia.com\/mt\/2020\/01\/repubblika-dwar-il-kumitat-ta-governanza-li-hatar-il-gvern\/","title":{"rendered":"Repubblika dwar il-&#8220;kumitat ta&#8217; governanza&#8221; li \u0127atar il-gvern"},"content":{"rendered":"<p><em>Stqarrija ta&#8217; Repubblika<\/em><\/p>\n<p><img class=\"size-large wp-image-86406 aligncenter\" src=\"https:\/\/manueldelia.com\/wp-content\/uploads\/2020\/01\/a_zammit_u_bonnici-1024x414.jpg\" alt=\"\" width=\"1024\" height=\"414\" srcset=\"https:\/\/manueldelia.com\/wp-content\/uploads\/2020\/01\/a_zammit_u_bonnici-200x81.jpg 200w, https:\/\/manueldelia.com\/wp-content\/uploads\/2020\/01\/a_zammit_u_bonnici-300x121.jpg 300w, https:\/\/manueldelia.com\/wp-content\/uploads\/2020\/01\/a_zammit_u_bonnici-400x162.jpg 400w, https:\/\/manueldelia.com\/wp-content\/uploads\/2020\/01\/a_zammit_u_bonnici-600x242.jpg 600w, https:\/\/manueldelia.com\/wp-content\/uploads\/2020\/01\/a_zammit_u_bonnici-768x310.jpg 768w, https:\/\/manueldelia.com\/wp-content\/uploads\/2020\/01\/a_zammit_u_bonnici-800x323.jpg 800w, https:\/\/manueldelia.com\/wp-content\/uploads\/2020\/01\/a_zammit_u_bonnici.jpg 1024w, https:\/\/manueldelia.com\/wp-content\/uploads\/2020\/01\/a_zammit_u_bonnici-1200x485.jpg 1200w\" sizes=\"(max-width: 1024px) 100vw, 1024px\" \/><\/p>\n<p>IR-REAZZJONI TA&#8217; REPUBBLIKA G\u0126ALL-KUMITAT DWAR IL-GOVERNANZA LI WAQQAF IL-GVERN<\/p>\n<p>Repubblika jidhrilha kien ikun \u0127afna a\u0127jar li kieku l-Gvern waqqaf \u2018kumitat dwar il-governanza tajba\u2019 aktar milli dwar il-governanza biss.<\/p>\n<p>Fl-a\u0127\u0127ar snin kellna governanza. Kienet governanza dg\u0127ajfa mal-kriminali, abbu\u017civa mal-istampa \u0127ielsa u mas-so\u010bjet\u00e0 \u010bivili, parti\u0121\u0121jana u mnawwra bil-korruzzjoni. Kellna governanza mifnija b\u2019kunflitti t\u2019interess fejn persuni appuntanti b\u0127ala \u201cpersons of trust\u201d u\u017caw il-poter li ng\u0127ataw g\u0127all-qlieg\u0127 personali tag\u0127hom. Din kollha hi governanza, imma din hi governanza \u0127a\u017cina.<\/p>\n<p>Ninnotaw ukoll li l-Gvern appunta ir\u0121iel biss daqs li kieku m\u2019hemm ebda mara li jista\u2019 jkollha xi tg\u0127id dwar il-governanza tajba.<\/p>\n<p>Jidhrilna li huwa nuqqas gravi li il-Gvern mhux qed ig\u0127id li dan il-kumitat ser jisma&#8217; lill-bqija tas-so\u010bjet\u00e0 Maltija, inklu\u017c lis-so\u010bjet\u00e0 \u010bivili, esperti u akkademi\u010bi, l-Oppo\u017cizzjoni u o\u0127rajn.<\/p>\n<p>Il-kompo\u017cizzjoni ta&#8217; dan il-kumitat ma tawgurax tajjeb.<\/p>\n<p>Mario Cutajar, kap ta\u010b-\u010bivil, li pubblikament dan l-a\u0127\u0127ar iddefenda mi\u017curi ta\u2019 governanza \u0127a\u017cina fejn is-servizz pubbliku permanenti ma\u0127tur fuq il-mertu skond il-kostituzzjoni hu mg\u0127affe\u0121 ta\u0127t armata ta\u2019 xi 700 impjegat ka\u017cwali ma\u0127tura direttament purament g\u0127ax huma Laburisti ta\u2019 fidu\u010bja. Il-Kunsill tal-Ewropa ikkundanna bl-aktar mod espli\u010bitu dan l-abbu\u017c sistematiku tal-istituzzjoni ta\u010b-\u010bivil (li suppost ma jkunx parti\u0121\u0121jan) u Mario Cutajar \u0127adem biex il-pariri tal-Kunsill tal-Ewropa dwar governanza tajba ji\u0121u injorati.<\/p>\n<p>Owen Bonnici li g\u0127al aktar minn sena kaxkar saqajh fuq riformi istituzzjonali li talab il-Kunsill tal-Ewropa meta dawn ir-riformi kienu fir-responsabbilt\u00e0 tieg\u0127u. F\u2019wie\u0127ed mill-ag\u0127ar episodji ta\u2019 governanza \u0127a\u017cina fl-istorja tag\u0127na Owen Bonnici ta struzzjonijiet lill-avukat \u0121enerali (li f\u2019materji kriminali skond il-kostituzzjoni ma jirrapporta lil \u0127add) g\u0127ax qallu li hu l-avukat personali ta\u2019 persuni su\u0121\u0121etti ta\u2019 inkjesta kriminali. Dan fl-istess \u0127in li kien qed iservi ta\u2019 ministru tal-\u0121ustizzja.<\/p>\n<p>Barra minhekk g\u0127al fuq sentejn Owen Bonnici i\u010b\u010bensura protesta le\u0121ittima fi Pjazza l-Assedju l-Kbir, liema \u010bensura jidher li se tieqaf issa li m\u2019g\u0127adux il-ministru responsabbli mit-tindif.<\/p>\n<p>Owen Bonnici iddefenda d-diskors abbu\u017civ t\u2019uffi\u010bjali tal-gvern, prominenti fosthom Jason Micallef, meta waqt li kienu jirrapportaw lilu u\u017caw il-poter tal-istat biex jheddu u jintimidaw lis-so\u010bjet\u00e0 \u010bivili. B\u2019hekk allura Owen Bonnici g\u0127amel tieg\u0127u it-theddid u l-intimidazzjoni li wettqu. Owen Bonnici konsistentement g\u0127affe\u0121 id-diskors pubbliku billi rrapre\u017centa \u0127a\u017cin it-tifsir ta\u2019 kun\u010betti b\u0127al \u201csaltna tad-dritt\u201d u \u201clibert\u00e0 tal-espressjoni\u201d li f\u2019fommu kienu \u0121ustifikazzjoni g\u0127al abbu\u017c sistematiku mill-istat.<\/p>\n<p>Edward Zammit Lewis meta kien ministru tat-turi\u017cmu ta sponsorship ta\u2019 \u20ac1 miljun lill-Vistajet biex tirreklama lil Malta fuq l-ajruplani tag\u0127ha minkejja li din il-kumpanija ma \u0121\u0121orx turisti u sservi ta\u2019 taxi g\u0127all-biljunarji. Ir-ra\u0121uni vera ta\u2019 dan l-infieq bla \u0121ustifikazzjoni qatt ma ng\u0127atat. U qatt ma kien spjegat g\u0127alfejn dan il-\u20ac1 miljun t\u0127allas \u0121img\u0127a wara li ajurplan tal-Vistajet tar vojt lejn l-A\u017cerbaj\u0121an u wara lejn Dubai sieg\u0127at wara li Ali Sadr Hasheminejad deher ja\u0127rab mill-bank tieg\u0127u Pilatus b\u2019bagalji mag\u0127luqa possibbilment bi provi ta\u2019 atti kriminali li wasslu biex il-Bank \u010aentrali Ewropew jag\u0127laq il-bank. Dak ukoll kien episodju atro\u010bi ta\u2019 governanza \u0127a\u017cina.<\/p>\n<p>Dawn il-persuni kollha baqg\u0127u \u0127alqhom mag\u0127luq meta ministru tal-Gvern u l-Kap tas-Segretarjat tal-Prim Ministru nqabdu b&#8217;kumpaniji sigrieti fil-Panama u meta mitluba taw vot ta&#8217; fidu\u010bja fihom, sa\u0127ansitra wara l-arrest ta&#8217; Yorgen Fenech u l-informazzjoni dwar il-qtil ta&#8217; Daphne Caruana Galizia.<\/p>\n<p>G\u0127alhekk nirrakomandaw li dawn il-persuni l-ewwel jit\u0127arr\u0121u fil-governanza tajba.<\/p>\n","protected":false},"excerpt":{"rendered":"<p>Stqarrija ta&#8217; Repubblika IR-REAZZJONI TA&#8217; REPUBBLIKA G\u0126ALL-KUMITAT DWAR IL-GOVERNANZA LI WAQQAF IL-GVERN Repubblika jidhrilha kien ikun \u0127afna a\u0127jar li kieku l-Gvern waqqaf \u2018kumitat dwar il-governanza tajba\u2019 aktar milli dwar il-governanza biss. Fl-a\u0127\u0127ar snin kellna governanza. Kienet governanza dg\u0127ajfa mal-kriminali, abbu\u017civa mal-istampa \u0127ielsa u mas-so\u010bjet\u00e0 \u010bivili, parti\u0121\u0121jana u mnawwra bil-korruzzjoni. Kellna governanza mifnija b\u2019kunflitti t\u2019interess fejn [&hellip;]<\/p>\n","protected":false},"author":1,"featured_media":86406,"comment_status":"open","ping_status":"open","sticky":false,"template":"","format":"standard","meta":[],"categories":[54],"tags":[],"_links":{"self":[{"href":"https:\/\/manueldelia.com\/mt\/wp-json\/wp\/v2\/posts\/86401\/"}],"collection":[{"href":"https:\/\/manueldelia.com\/mt\/wp-json\/wp\/v2\/posts\/"}],"about":[{"href":"https:\/\/manueldelia.com\/mt\/wp-json\/wp\/v2\/types\/post\/"}],"author":[{"embeddable":true,"href":"https:\/\/manueldelia.com\/mt\/wp-json\/wp\/v2\/users\/1\/"}],"replies":[{"embeddable":true,"href":"https:\/\/manueldelia.com\/mt\/wp-json\/wp\/v2\/comments\/?post=86401"}],"version-history":[{"count":1,"href":"https:\/\/manueldelia.com\/mt\/wp-json\/wp\/v2\/posts\/86401\/revisions\/"}],"predecessor-version":[{"id":86409,"href":"https:\/\/manueldelia.com\/mt\/wp-json\/wp\/v2\/posts\/86401\/revisions\/86409\/"}],"wp:featuredmedia":[{"embeddable":true,"href":"https:\/\/manueldelia.com\/mt\/wp-json\/wp\/v2\/media\/86406\/"}],"wp:attachment":[{"href":"https:\/\/manueldelia.com\/mt\/wp-json\/wp\/v2\/media\/?parent=86401"}],"wp:term":[{"taxonomy":"category","embeddable":true,"href":"https:\/\/manueldelia.com\/mt\/wp-json\/wp\/v2\/categories\/?post=86401"},{"taxonomy":"post_tag","embeddable":true,"href":"https:\/\/manueldelia.com\/mt\/wp-json\/wp\/v2\/tags\/?post=86401"}],"curies":[{"name":"wp","href":"https:\/\/api.w.org\/{rel}","templated":true}]}}