{"id":86491,"date":"2020-01-19T15:15:09","date_gmt":"2020-01-19T14:15:09","guid":{"rendered":"https:\/\/manueldelia.com\/?p=86491"},"modified":"2020-01-19T20:30:40","modified_gmt":"2020-01-19T19:30:40","slug":"is-serp-li-jbejjet-taht-fjura-innocenti","status":"publish","type":"post","link":"https:\/\/manueldelia.com\/mt\/2020\/01\/is-serp-li-jbejjet-taht-fjura-innocenti\/","title":{"rendered":"Is-serp li jbejjet ta\u0127t fjura inno\u010benti"},"content":{"rendered":"<p><img class=\"size-full wp-image-86477 aligncenter\" src=\"https:\/\/manueldelia.com\/wp-content\/uploads\/2020\/01\/joseph_muscat_u_justyne_caruana.jpg\" alt=\"\" width=\"620\" height=\"250\" srcset=\"https:\/\/manueldelia.com\/wp-content\/uploads\/2020\/01\/joseph_muscat_u_justyne_caruana-200x81.jpg 200w, https:\/\/manueldelia.com\/wp-content\/uploads\/2020\/01\/joseph_muscat_u_justyne_caruana-300x121.jpg 300w, https:\/\/manueldelia.com\/wp-content\/uploads\/2020\/01\/joseph_muscat_u_justyne_caruana-400x161.jpg 400w, https:\/\/manueldelia.com\/wp-content\/uploads\/2020\/01\/joseph_muscat_u_justyne_caruana-600x242.jpg 600w, https:\/\/manueldelia.com\/wp-content\/uploads\/2020\/01\/joseph_muscat_u_justyne_caruana.jpg 620w\" sizes=\"(max-width: 620px) 100vw, 620px\" \/><\/p>\n<p>F&#8217;pajji\u017c normali fejn wie\u0127ed jista&#8217; jassumi li l-prim ministru jkun kommess favur governanza tajba u di\u010benti, <a href=\"https:\/\/manueldelia.com\/2020\/01\/mafia-infiltration\/\" target=\"_blank\" rel=\"noopener noreferrer\">l-istqarrija li \u0127are\u0121 Silvio Valletta biex jiddefendi l-po\u017cizzjoni tieg\u0127u kienet isservi b\u0127ala l-a\u0127\u0127ar musmar fit-tebut politiku ta&#8217; martu.<\/a> U Justyne Caruana ma kienitx isservi \u0121urnata o\u0127ra b\u0127ala ministru tal-gvern.<\/p>\n<p>Issa nafu li, f&#8217;April 2018, \u010aensu Muscat lill-pulizija kien qalilhom li Melvyn Theuma kien qabbad lilu u lill-a\u0127wa Degiorgio biex joqtlu lil Daphne Caruana Galizia. Dakinhar l-investigatur prin\u010bipali tal-qtil kien Silvio Valletta. Silvio Valletta ma qalx li l-pulizija ta&#8217; ta\u0127tu ma kienux qalulu b&#8217;dan l-i\u017cvilupp importanti fl-investigazzjoni l-aktar importanti ta&#8217; \u0127ajjtu. Jekk fil-fatt qal hekk, nistenna li ta&#8217; ta\u0127tu jkollhom il-kura\u0121\u0121 li jmeruh fil-bera\u0127.<\/p>\n<p>Ir-rabta bejn Melvyn Theuma u Yorgen Fenech kienet minn ewl id-dinja. Wie\u0127ed ma kellux g\u0127alfejn ikun investigatur bil-musta\u010b\u010bi biex jissuspetta f&#8217;sid lukanda (u sid ta&#8217; gid kbir ie\u0127or) li mag\u0127ha kien ja\u0127dem Melvyn Theuma.<\/p>\n<p>Fl-istqarrija li g\u0127amel illum, Silvio Valletta ma ddejjaq xejn iperre\u010b lilu nnifsu b\u0127ala bniedem \u010bu\u010b u inkompetenti. Huwa qal li, f&#8217;Settembru 2018, ma kellu ebda idea li dak li akkumpanjah biex flimkien isegwu partita futbol kien implikat sa ru\u0127 ommu fi qtil li, sa 4 xhur qabel, kien ilu jinvestiga g\u0127al madwar 9 xhur.<\/p>\n<p>Eh le, ma kellek ebda idea, Sur Silvio Valletta?? Fuq din ikollna nmeruk. M&#8217;intix \u010bu\u010b daqs kemm qed tipprova turina li int.<\/p>\n<p>Int kont il-kap tad-dipartiment tal-investigazzjoni kriminali u uffi\u010bjal tal-pulizija b&#8217;esperjenza ta&#8217; \u0127afna snin. Int kont l-investigatur anzjan fuq 6 ka\u017cijiet o\u0127ra\u00a0 &#8211; qabel dak ta&#8217; Daphne &#8211; li fihom kienu splodew karrozzi-bombi u ma kellekx il-\u0127ila tag\u0127mel arrest wie\u0127ed.<\/p>\n<p>U minkejja dan, Yorgen Fenech &#8211; li kien jiddiletta bi\u017c-\u017cwiemel, bil-log\u0127ob tal-a\u017c\u017card u bir-rigali lill-Marigold Foundation &#8211; mid-dehra kien jaf ukoll bl-identit\u00e0 ta&#8217; dawk l-assassini li fil-pajji\u017c jiddilettaw bit-tqeg\u0127id tal-bombi.<\/p>\n<p>Melvyn Theuma kien xehed li Yorgen Fenech kien semma&#8217; b&#8217;isimhom lill-a\u0127wa Degiorgio meta kien qabbdu biex jorganizza l-qtil ta&#8217; Daphne Caruana Galizia.<\/p>\n<p>L-assassini li huma tal-lant ma ssibhomx int u tqalleb il-Pa\u0121ni Sofor. Il-bi\u010b\u010ba l-kbira tan-nies ma tkunx taf b&#8217;informazzjoni dettaljata b\u0127al din.<\/p>\n<p>X&#8217;kellha x&#8217;taqsam ma&#8217; din il-\u0127biberija li Yorgen Fenech kellu ma&#8217; Silvio Valletta?<\/p>\n<p>G\u0127al disa&#8217; xhur s\u0127a\u0127, Silvio Valletta kien ig\u0127addi informazzjoni lill-\u0121urnalisti dwar dak li suppost kien qed jinvestiga dwar il-qtil ta&#8217; Daphne. Fil-pro\u010bess, lill-\u0121urnalisti kien \u017cvijahom dwar Yorgen Fenech u r-rabta mal-Electrogas u dwar l-implikazzjonijiet dwar Keith Schembri u Konrad Mizzi. U sal-lum dan jippretendi li g\u0127andu jbellag\u0127ha li ma kienx jaf li Yorgen Fenech kien ta\u0127t suspett. Issa nafu li fil-fatt, kien.<\/p>\n<p><a href=\"https:\/\/timesofmalta.com\/articles\/view\/investigator-forced-out-of-daphne-case-holidayed-with-fenech.764625\" target=\"_blank\" rel=\"noopener noreferrer\">L-investigazzjoni li l-ministru l-\u0121did tal-pulizija qalilna llum li se tinbeda&#8217; m&#8217;hix dwar xi \u0121udizzju \u017cbaljat li kien ittie\u0127ed minn uffi\u010bjal tal-pulizija li minn dakinhar &#8216;l hawn irtira mis-servizz.<\/a> Ir-rabta li g\u0127adna kemm sirna nafu biha llum turi li kien hemm uffi\u010bjal tal-pulizija korrott li kien jir\u010bievi r-rigali ming\u0127and il-kriminali u li kien ig\u0127attilhom xturhom biex b&#8217;hekk ja\u0127arbu mill-\u0121ustizzja.<\/p>\n<p>Din diffi\u010bli ferm li to\u0127ro\u0121 minnha martu Justyne Caruana. L-aktar meta di\u0121\u00e0 nafu bl-allegazzjoni li, f&#8217;Di\u010bembru 2017, Keith Schembri kien tarraf lil Yorgen Fenech li min na\u0127a tieg\u0127u kien tarraf lil Melvyn Theuma biex lill-a\u0127wa Degiorgio jav\u017cahom li kienu appik ser jin\u0121abru b&#8217;arrest mill-pulizija u dan fi \u017cmien meta Yorgen Fenech kien g\u0127adu m&#8217;huwiex ta\u0127t suspett.<\/p>\n<p>Il-feles ta&#8217; bejn Keith Schembri u Silvio Valletta m&#8217;hi \u0127add \u0127lief Justyne Caruana.<\/p>\n<p>L-informazzjoni ma tg\u0127addix biss minn na\u0127a wa\u0127da g\u0127al na\u0127a o\u0127ra u dak li stqarr Silvio Valletta fis-sens li g\u0127andu &#8220;relazzjoni professjonali ma&#8217; martu&#8221; (min jaf x&#8217;ried ig\u0127id biha din?) ma sserra\u0127 mo\u0127\u0127 \u0127add.<\/p>\n<p>Sakemm il-pulizija tkompli ssir taf b&#8217;aktar informazzjoni, Justyne Caruana ma tistax i\u017c\u017comm postha fil-kabinett. Ma nistg\u0127ux nittolleraw sitwazzjoni li fiha dawk li qed imexxuna llum kellhom l-awtorit\u00e0 u s-setg\u0127a li jaraw li l-qtil ta&#8217; \u0121urnalista ma jse\u0127\u0127x jew li l-im\u0121ieba tag\u0127hom setg\u0127et kienet tali li tassigura li ssir il-\u0121ustizzja.<\/p>\n<p>Minflok, g\u0127amlu l-oppost u lil Justyne Caruana ser ikolli ntemmg\u0127alha analo\u0121ija li hi kienet temmg\u0127et lil \u0127addie\u0127or.<\/p>\n<p>Ma tistax tag\u0127mel tabirru\u0127ek li int xi fjura inno\u010benti meta fil-fatt int m&#8217;int xejn \u0127lief serp li jbejjet ta\u0127tha.<\/p>\n","protected":false},"excerpt":{"rendered":"<p>F&#8217;pajji\u017c normali fejn wie\u0127ed jista&#8217; jassumi li l-prim ministru jkun kommess favur governanza tajba u di\u010benti, l-istqarrija li \u0127are\u0121 Silvio Valletta biex jiddefendi l-po\u017cizzjoni tieg\u0127u kienet isservi b\u0127ala l-a\u0127\u0127ar musmar fit-tebut politiku ta&#8217; martu. U Justyne Caruana ma kienitx isservi \u0121urnata o\u0127ra b\u0127ala ministru tal-gvern. Issa nafu li, f&#8217;April 2018, \u010aensu Muscat lill-pulizija kien qalilhom [&hellip;]<\/p>\n","protected":false},"author":1,"featured_media":86478,"comment_status":"open","ping_status":"open","sticky":false,"template":"","format":"standard","meta":[],"categories":[54],"tags":[],"_links":{"self":[{"href":"https:\/\/manueldelia.com\/mt\/wp-json\/wp\/v2\/posts\/86491\/"}],"collection":[{"href":"https:\/\/manueldelia.com\/mt\/wp-json\/wp\/v2\/posts\/"}],"about":[{"href":"https:\/\/manueldelia.com\/mt\/wp-json\/wp\/v2\/types\/post\/"}],"author":[{"embeddable":true,"href":"https:\/\/manueldelia.com\/mt\/wp-json\/wp\/v2\/users\/1\/"}],"replies":[{"embeddable":true,"href":"https:\/\/manueldelia.com\/mt\/wp-json\/wp\/v2\/comments\/?post=86491"}],"version-history":[{"count":3,"href":"https:\/\/manueldelia.com\/mt\/wp-json\/wp\/v2\/posts\/86491\/revisions\/"}],"predecessor-version":[{"id":86494,"href":"https:\/\/manueldelia.com\/mt\/wp-json\/wp\/v2\/posts\/86491\/revisions\/86494\/"}],"wp:featuredmedia":[{"embeddable":true,"href":"https:\/\/manueldelia.com\/mt\/wp-json\/wp\/v2\/media\/86478\/"}],"wp:attachment":[{"href":"https:\/\/manueldelia.com\/mt\/wp-json\/wp\/v2\/media\/?parent=86491"}],"wp:term":[{"taxonomy":"category","embeddable":true,"href":"https:\/\/manueldelia.com\/mt\/wp-json\/wp\/v2\/categories\/?post=86491"},{"taxonomy":"post_tag","embeddable":true,"href":"https:\/\/manueldelia.com\/mt\/wp-json\/wp\/v2\/tags\/?post=86491"}],"curies":[{"name":"wp","href":"https:\/\/api.w.org\/{rel}","templated":true}]}}