{"id":86619,"date":"2020-01-27T19:20:34","date_gmt":"2020-01-27T18:20:34","guid":{"rendered":"https:\/\/manueldelia.com\/?p=86619"},"modified":"2020-01-27T20:24:05","modified_gmt":"2020-01-27T19:24:05","slug":"qed-tilghab-man-nar-robert","status":"publish","type":"post","link":"https:\/\/manueldelia.com\/mt\/2020\/01\/qed-tilghab-man-nar-robert\/","title":{"rendered":"Qed tilg\u0127ab man-nar, Robert"},"content":{"rendered":"<p><img class=\"size-full wp-image-86615 aligncenter\" src=\"https:\/\/manueldelia.com\/wp-content\/uploads\/2020\/01\/konrad_mizzi_chris_cardona-1.jpg\" alt=\"\" width=\"684\" height=\"456\" srcset=\"https:\/\/manueldelia.com\/wp-content\/uploads\/2020\/01\/konrad_mizzi_chris_cardona-1-200x133.jpg 200w, https:\/\/manueldelia.com\/wp-content\/uploads\/2020\/01\/konrad_mizzi_chris_cardona-1-300x200.jpg 300w, https:\/\/manueldelia.com\/wp-content\/uploads\/2020\/01\/konrad_mizzi_chris_cardona-1-400x267.jpg 400w, https:\/\/manueldelia.com\/wp-content\/uploads\/2020\/01\/konrad_mizzi_chris_cardona-1-600x400.jpg 600w, https:\/\/manueldelia.com\/wp-content\/uploads\/2020\/01\/konrad_mizzi_chris_cardona-1.jpg 684w\" sizes=\"(max-width: 684px) 100vw, 684px\" \/><\/p>\n<p>Il-fatt li Konrad Mizzi se jmexxi delegazzjoni parlamentari fl-OSCE biex jitkellem dwar il-libert\u00e0 tal-istampa u dwar id-drittijiet tal-bniedem mhix \u0127a\u0121a tad-da\u0127k. Robert Abela ming\u0127alih li g\u0127amel xi bravura. Ming\u0127alih li g\u0127amel bi\u017c\u017cejjed biex itaffi l-garr u biex &#8220;inaddaf&#8221; sabiex b&#8217;hekk ikompli l-mixja fit-triq tal-impunit\u00e0 li kien qabad dak ta&#8217; qablu.<\/p>\n<p>\u0126atra g\u0127al Konrad Mizzi m&#8217;hix biss &#8220;kontroversjali&#8221;, kif sejj\u0127ulha xi \u0121urnali. Hi provokazzjoni li m&#8217;hix se tibqa&#8217; g\u0127addejja.<\/p>\n<p>Lil Konrad Mizzi ma kellux g\u0127alfejn jag\u0127tih il-\u0127atriet. It-twarrib tieg\u0127u mill-Kabinett kellha tkun il-parti l-aktar iebsa. I\u017cda issa qed jidher li t-trawma li g\u0127adda minnha l-pajji\u017c f&#8217;Di\u010bembru u f&#8217;Jannar se\u0127\u0127et biss biex l-attenzjoni tad-dinja ti\u0121i aljenata mill-korruzzjoni mnittna li l-gvern tag\u0127na qed jg\u0127um fiha.<\/p>\n<p>Il-\u0121img\u0127a li g\u0127addiet, Joseph Muscat irritorna lejn Kastilja, lil Lawrence Cutajar tawh \u017cjieda fil-paga u issa lil Konrad Mizzi tawh \u0127atra biex imexxi n-nofs tu\u017c\u017cana <em>backbenchers<\/em> li fadlilhom tal-Labour. X&#8217;jonqos li nisimg\u0127u issa? Li Chris Cardona ser ja\u0127truh im\u0127allef? Li Neville Gaf\u00e0 ser jin\u0127atar ambaxxatur g\u0127all-Vatikan? Li Kenneth Camilleri se jmexxi d-delegazzjoni Maltija fil-\u0120nus Mag\u0127quda?<\/p>\n<p>Keith Schembri spi\u010b\u010ba biex \u0127a l-aqwa premju. G\u0127andu l-Electrogas, l-isptarijiet, il-passaporti u l-kuntratti m\u010bappsin l-o\u0127ra kollha biex b&#8217;hekk ix-xmara tal-liri tibqa&#8217; tfawwar. U peress li issa m&#8217;g\u0127adux f&#8217;Kastilja, m&#8217;g\u0127andux g\u0127alfejn jibqa&#8217; jitla&#8217; l-qorti g\u0127al-libelli. Jista&#8217; jibqa&#8217; jmexxi mill-Mellie\u0127a bil-kumdit\u00e0 kollha u fl-istess waqt ikun jista&#8217; jaqbe\u017c qab\u017ciet lejn il-Libja biex i\u017comm il-kuntatt mal-\u0127bieb kuntrabandisti tieg\u0127u.<\/p>\n<p>Kul\u0127add jista&#8217; jifhem dan kollu x&#8217;ifisser. Il-Partit Laburista, li reba\u0127 \u017cew\u0121 ma\u0121\u0121oranzi bla pre\u010bedent fuq l-avversarju tieg\u0127u, qed ilesti ru\u0127u g\u0127al elezzjoni bikrija o\u0127ra. Aktar ma jg\u0127addi \u017c-\u017cmien, Robert Abela qed juri li m&#8217;huwiex tassew interessat li &#8220;jnaddaf&#8221;. Mo\u0127\u0127u huwa biss biex jara li l-partit tieg\u0127u jibqa&#8217; kompatt sa dakinhar li jsejja\u0127 elezzjoni \u0121enerali li tista&#8217; ttih ma\u0121\u0121oranza biex jiggverna g\u0127al \u0127ames snin o\u0127ra.<\/p>\n<p>Dan huwa e\u017catt dak li \u0127aseb li kien ser jakkwista Joseph Muscat fl-2017.<\/p>\n<p>U issa b&#8217;Konrad Mizzi fuq quddiem fil-\u0121lieda favur il-libert\u00e0 tal-istampa, nistg\u0127u norqdu b&#8217;rasna mistrie\u0127a. Nistg\u0127u nserr\u0127u rasna li l-impunit\u00e0 m&#8217;hix ser toqtol lil xi \u0121urnalist ie\u0127or.<\/p>\n<p>Qed tilg\u0127ab man-nar, Sur Prim Ministru. Qed tisfidana biex infakkruk li b\u0127alissa a\u0127na ninsabu determinati daqs kemm konna xahar ilu meta lil Joseph Muscat u lill-klikka tal-\u0127allelin ta&#8217; madwaru ridna nuruhom li ma kienux ser jg\u0127adduha lixxa.<\/p>\n<p>Ilna aktar minn sentejn ni\u0121\u0121ieldu favur il-verit\u00e0 u l-\u0121ustizzja u mhux bi \u0127siebna li nistrie\u0127u g\u0127aliex Joseph Muscat idde\u010bieda li ji\u017cbog\u0127 ftit wi\u010b\u010bu u li jibda&#8217; jissejja\u0127 Robert Abela.<\/p>\n<p>F&#8217;Di\u010bembru li g\u0127adda fuq TVM Brian Hansford staqsieni dwar meta kienu ser jieqfu l-protesti. It-twe\u0121iba tibqa&#8217; l-istess: jieqfu dakinhar li ssir \u0121ustizzja.<\/p>\n<p>Il-\u0121ustizzja lanqas g\u0127adna bdejna nxommuha.<\/p>\n","protected":false},"excerpt":{"rendered":"<p>Il-fatt li Konrad Mizzi se jmexxi delegazzjoni parlamentari fl-OSCE biex jitkellem dwar il-libert\u00e0 tal-istampa u dwar id-drittijiet tal-bniedem mhix \u0127a\u0121a tad-da\u0127k. Robert Abela ming\u0127alih li g\u0127amel xi bravura. Ming\u0127alih li g\u0127amel bi\u017c\u017cejjed biex itaffi l-garr u biex &#8220;inaddaf&#8221; sabiex b&#8217;hekk ikompli l-mixja fit-triq tal-impunit\u00e0 li kien qabad dak ta&#8217; qablu. \u0126atra g\u0127al Konrad Mizzi m&#8217;hix [&hellip;]<\/p>\n","protected":false},"author":1,"featured_media":86616,"comment_status":"open","ping_status":"open","sticky":false,"template":"","format":"standard","meta":[],"categories":[54],"tags":[],"_links":{"self":[{"href":"https:\/\/manueldelia.com\/mt\/wp-json\/wp\/v2\/posts\/86619\/"}],"collection":[{"href":"https:\/\/manueldelia.com\/mt\/wp-json\/wp\/v2\/posts\/"}],"about":[{"href":"https:\/\/manueldelia.com\/mt\/wp-json\/wp\/v2\/types\/post\/"}],"author":[{"embeddable":true,"href":"https:\/\/manueldelia.com\/mt\/wp-json\/wp\/v2\/users\/1\/"}],"replies":[{"embeddable":true,"href":"https:\/\/manueldelia.com\/mt\/wp-json\/wp\/v2\/comments\/?post=86619"}],"version-history":[{"count":2,"href":"https:\/\/manueldelia.com\/mt\/wp-json\/wp\/v2\/posts\/86619\/revisions\/"}],"predecessor-version":[{"id":86621,"href":"https:\/\/manueldelia.com\/mt\/wp-json\/wp\/v2\/posts\/86619\/revisions\/86621\/"}],"wp:featuredmedia":[{"embeddable":true,"href":"https:\/\/manueldelia.com\/mt\/wp-json\/wp\/v2\/media\/86616\/"}],"wp:attachment":[{"href":"https:\/\/manueldelia.com\/mt\/wp-json\/wp\/v2\/media\/?parent=86619"}],"wp:term":[{"taxonomy":"category","embeddable":true,"href":"https:\/\/manueldelia.com\/mt\/wp-json\/wp\/v2\/categories\/?post=86619"},{"taxonomy":"post_tag","embeddable":true,"href":"https:\/\/manueldelia.com\/mt\/wp-json\/wp\/v2\/tags\/?post=86619"}],"curies":[{"name":"wp","href":"https:\/\/api.w.org\/{rel}","templated":true}]}}